{"id":88163,"date":"2025-11-15T20:23:14","date_gmt":"2025-11-15T20:23:14","guid":{"rendered":"https:\/\/www.europesays.com\/no\/88163\/"},"modified":"2025-11-15T20:23:14","modified_gmt":"2025-11-15T20:23:14","slug":"det-ingen-skulle-fa-vite","status":"publish","type":"post","link":"https:\/\/www.europesays.com\/no\/88163\/","title":{"rendered":"Det ingen skulle f\u00e5 vite"},"content":{"rendered":"\n<p class=\"_paragraph_o9xde_4 _paragraph_xtcu6_10 layout-component text-serif-m layout-normal text-serif-m layout-padded\">Det var s\u00f8ndag 2. november og den betrodde israelske generalmajoren og milit\u00e6re sjefsadvokaten Yifat Tomer-Yerushalmi var sporl\u00f8st borte.<\/p>\n<p class=\"_paragraph_o9xde_4 _paragraph_xtcu6_10 layout-component text-serif-m layout-normal text-serif-m layout-padded\">To dager tidligere hadde hun innr\u00f8mmet \u00e5 ha lekket en sv\u00e6rt sensitiv, og tilsynelatende sv\u00e6rt brutal, video fra et israelsk milit\u00e6rfengsel. <\/p>\n<p class=\"_paragraph_o9xde_4 _paragraph_xtcu6_10 layout-component text-serif-m layout-normal text-serif-m layout-padded\">En l\u00f8gndetektortest utf\u00f8rt av etterretningstjenesten hadde rettet mistanken mot henne.<\/p>\n<p class=\"_paragraph_o9xde_4 _paragraph_xtcu6_10 layout-component text-serif-m layout-normal text-serif-m layout-padded\">Men s\u00e5 forsvant hun. <\/p>\n<p class=\"_paragraph_o9xde_4 _paragraph_xtcu6_10 layout-component text-serif-m layout-normal text-serif-m layout-padded\">Mobilen hennes var avsl\u00e5tt og et stort s\u00f8k med politi, milit\u00e6re styrker og redningsmannskaper ble iverksatt.<\/p>\n<p class=\"_paragraph_o9xde_4 _paragraph_xtcu6_10 layout-component text-serif-m layout-normal text-serif-m layout-padded\">Da toppjuristens bil ble oppdaget i n\u00e6rheten av en strand utenfor Tel Aviv, fryktet flere at hun hadde tatt sitt eget liv.<\/p>\n<p class=\"_paragraph_o9xde_4 _paragraph_xtcu6_10 layout-component text-serif-m layout-normal text-serif-m layout-padded\">Men Tomer-Yerushalmi ble til slutt funnet i live og ble p\u00e5grepet.<\/p>\n<p class=\"_paragraph_o9xde_4 _paragraph_xtcu6_10 layout-component text-serif-m layout-normal text-serif-m layout-padded\">Fem dager senere ble telefonen hennes funnet av tilfeldig forbipasserende p\u00e5 stranden. <\/p>\n<p class=\"_paragraph_o9xde_4 _paragraph_xtcu6_10 layout-component text-serif-m layout-normal text-serif-m layout-padded\">Etterforskerne tror m\u00e5let hennes var \u00e5 kvitte seg med mobilen og mulige bevis.<\/p>\n<p><img alt=\"Foto: Skjermdump\/X\" class=\"_image_qp4xg_65 layout-component layout-normal\" data-fullscreen- data-track-element-type=\"Article image fullscreen\" data-track-name=\"ImageFullscreen\" decoding=\"async\" loading=\"lazy\" height=\"658\" itemprop=\"image\"  src=\"https:\/\/www.europesays.com\/no\/wp-content\/uploads\/2025\/11\/719608d7-2348-4b63-ba03-db7d58051ba7\"  style=\"object-position:0% 0%\" width=\"551\"\/>Foto: Skjermdump\/X<img alt=\"Foto: Skjermdump\/X\" class=\"_image_qp4xg_65 layout-component layout-normal\" data-fullscreen- data-track-element-type=\"Article image fullscreen\" data-track-name=\"ImageFullscreen\" decoding=\"async\" loading=\"lazy\" height=\"410\" itemprop=\"image\"  src=\"https:\/\/www.europesays.com\/no\/wp-content\/uploads\/2025\/11\/8ca3bd22-1265-4d86-9ca5-fe1c36dc0c71\"  style=\"object-position:0% 0%\" width=\"547\"\/>Foto: Skjermdump\/X<img alt=\"Foto: Skjermdump\/X\" class=\"_image_qp4xg_65 layout-component layout-normal\" data-fullscreen- data-track-element-type=\"Article image fullscreen\" data-track-name=\"ImageFullscreen\" decoding=\"async\" loading=\"lazy\" height=\"410\" itemprop=\"image\"  src=\"https:\/\/www.europesays.com\/no\/wp-content\/uploads\/2025\/11\/8ca3bd22-1265-4d86-9ca5-fe1c36dc0c71\"  style=\"object-position:0% 0%\" width=\"547\"\/>Foto: Skjermdump\/X<\/p>\n<p class=\"_paragraph_o9xde_4 _paragraph_xtcu6_10 layout-component text-serif-m layout-normal text-serif-m layout-padded\"><strong class=\"_strong_o9xde_25\">Hvilket klipp var det milit\u00e6radvokaten hadde lekket?<\/strong><\/p>\n<p class=\"_paragraph_o9xde_4 _paragraph_xtcu6_10 layout-component text-serif-m layout-normal text-serif-m layout-padded\">Overv\u00e5kningsvideoen fra Sde Teiman-fengselet, fra juli 2024, viser hvordan israelske soldater tar en palestinsk fange til side og omringer ham med oppr\u00f8rsskjold for \u00e5 skjule innsyn. <\/p>\n<p class=\"_paragraph_o9xde_4 _paragraph_xtcu6_10 layout-component text-serif-m layout-normal text-serif-m layout-padded\">If\u00f8lge etterforskningen skal fangen ha blitt voldtatt, ved \u00e5 bli stukket i endetarmen med en skarp gjenstand. <\/p>\n<p class=\"_paragraph_o9xde_4 _paragraph_xtcu6_10 layout-component text-serif-m layout-normal text-serif-m layout-padded\"><strong class=\"_strong_o9xde_25\">Fangen ble i etterkant behandlet for alvorlige skader, inkludert brukket ribben, punktert lunge og rift i endetarmen.<\/strong><\/p>\n<p class=\"_paragraph_o9xde_4 _paragraph_xtcu6_10 layout-component text-serif-m layout-normal text-serif-m layout-padded\">Videoen har skapt voldsom debatt innad i Israel. Uten \u00e5 fokusere p\u00e5 videoens faktiske innhold gikk Benjamin Netanyahu ut og sa at lekkasjen har \u00abskapt et enormt omd\u00f8mmetap for Israel\u00bb.<\/p>\n<p class=\"_paragraph_o9xde_4 _paragraph_xtcu6_10 layout-component text-serif-m layout-normal text-serif-m layout-padded\">Se deler av videoen under:<\/p>\n<p class=\"_paragraph_o9xde_4 _paragraph_xtcu6_10 layout-component text-serif-m layout-normal text-serif-m layout-padded\">Flere sp\u00f8rsm\u00e5l stilles n\u00e5:<\/p>\n<ul class=\"_list_o9xde_3 _list_xtcu6_9 _unordered_o9xde_106 layout-component text-serif-m layout-normal text-serif-m layout-padded\">\n<li class=\"_item_o9xde_30\">Hva er det egentlig som har skjedd i Sde Teiman-fengselet med fanger tatt i Gaza?<\/li>\n<li class=\"_item_o9xde_30\">Hva sier klippet om behandlingen av palestinske fanger i israelske fengsler?<\/li>\n<li class=\"_item_o9xde_30\">Finnes det flere historier om seksuell vold?<\/li>\n<\/ul>\n<p class=\"_paragraph_o9xde_4 _paragraph_xtcu6_10 layout-component text-serif-m layout-normal text-serif-m layout-padded\"><strong class=\"_strong_o9xde_25\">Inne i et primitivt telt i sentrale <a href=\"https:\/\/www.vg.no\/tag\/gaza?utm_source=vg-article&amp;utm_medium=auto-tagger&amp;utm_campaign=GyvXKB\" class=\"_link_o9xde_39\" rel=\"nofollow noopener\" target=\"_blank\">Gaza<\/a>, m\u00f8ter VG en mann som sier han har noen svar.<\/strong><\/p>\n<p class=\"_paragraph_o9xde_4 _paragraph_xtcu6_10 layout-component text-serif-m layout-normal text-serif-m layout-padded\">Han ble tatt til nettopp Sde Teiman et halv \u00e5r etter videolekkasjen fra samme fengsel.<\/p>\n<p class=\"_paragraph_o9xde_4 _paragraph_xtcu6_10 layout-component text-serif-m layout-normal text-serif-m layout-padded\">I oktober ble han l\u00f8slatt og sendt tilbake til Gaza. I fangenskap mistet han synet p\u00e5 begge \u00f8ynene.<\/p>\n<p class=\"_paragraph_o9xde_4 _paragraph_xtcu6_10 layout-component text-serif-m layout-normal text-serif-m layout-padded\"><strong class=\"_strong_o9xde_25\">N\u00e5 vil han fortelle oss hva som skjedde med ham.<\/strong><\/p>\n<p class=\"_paragraph_o9xde_4 _paragraph_xtcu6_10 layout-component text-serif-m layout-normal text-serif-m layout-padded\">F\u00f8r krigen klarte 28-\u00e5ringen Mahmoud Abu Fool \u00e5 g\u00e5 p\u00e5 do alene.<\/p>\n<p class=\"_paragraph_o9xde_4 _paragraph_xtcu6_10 layout-component text-serif-m layout-normal text-serif-m layout-padded\">Han mistet et ben i et israelsk luftangrep for 12 \u00e5r siden, i 2014, da han var 16 \u00e5r, men med krykker klarte han seg alltid selv p\u00e5 toalettet.<\/p>\n<p class=\"_paragraph_o9xde_4 _paragraph_xtcu6_10 layout-component text-serif-m layout-normal text-serif-m layout-padded\">N\u00e5 har han ogs\u00e5 mistet synet, og trenger hjelp.<\/p>\n<p class=\"_paragraph_o9xde_4 _paragraph_xtcu6_10 layout-component text-serif-m layout-normal text-serif-m layout-padded\">\u2013 Det er for ydmykene \u00e5 sp\u00f8rre mine foreldre om hjelp, s\u00e5 n\u00e5 hjelper lillebroren min meg.<\/p>\n<p><img alt=\"Mahmoud Abu Fool f\u00f8r krigen.\" class=\"_image_qp4xg_65 layout-component layout-normal\" data-fullscreen- data-track-element-type=\"Article image fullscreen\" data-track-name=\"ImageFullscreen\" decoding=\"async\" loading=\"lazy\" height=\"1150\" itemprop=\"image\"  src=\"https:\/\/www.europesays.com\/no\/wp-content\/uploads\/2025\/11\/bc6cbcc0-28fa-493d-b628-11240a0be034\"  style=\"object-position:0% 0%\" width=\"815\"\/>Mahmoud Abu Fool f\u00f8r krigen.<img alt=\"Mahmoud Abu Fool f\u00f8r krigen.\" class=\"_image_qp4xg_65 layout-component layout-normal\" data-fullscreen- data-track-element-type=\"Article image fullscreen\" data-track-name=\"ImageFullscreen\" decoding=\"async\" loading=\"lazy\" height=\"648\" itemprop=\"image\"  src=\"https:\/\/www.europesays.com\/no\/wp-content\/uploads\/2025\/11\/5455b412-05c2-4312-8ed4-556f1f0822b8\"  style=\"object-position:0% 0%\" width=\"864\"\/>Mahmoud Abu Fool f\u00f8r krigen.<img alt=\"Mahmoud Abu Fool f\u00f8r krigen.\" class=\"_image_qp4xg_65 layout-component layout-normal\" data-fullscreen- data-track-element-type=\"Article image fullscreen\" data-track-name=\"ImageFullscreen\" decoding=\"async\" loading=\"lazy\" height=\"648\" itemprop=\"image\"  src=\"https:\/\/www.europesays.com\/no\/wp-content\/uploads\/2025\/11\/5455b412-05c2-4312-8ed4-556f1f0822b8\"  style=\"object-position:0% 0%\" width=\"864\"\/>Mahmoud Abu Fool f\u00f8r krigen.<\/p>\n<p class=\"_paragraph_o9xde_4 _paragraph_xtcu6_10 layout-component text-serif-m layout-normal text-serif-m layout-padded\">VGs lokale reporter i Gaza har dratt til landsbyen Al Zawaida. Den skj\u00f8re, men vedvarende v\u00e5penhvilen gj\u00f8r det tryggere \u00e5 bevege seg over st\u00f8rre deler av Gaza.<\/p>\n<p class=\"_paragraph_o9xde_4 _paragraph_xtcu6_10 layout-component text-serif-m layout-normal text-serif-m layout-padded\">Mahmoud Abu Fool var blant de palestinske fangene som ble l\u00f8slatt i den USA-forhandlede v\u00e5penhvileavtalen mellom Israel og Hamas i oktober:<\/p>\n<p><img alt=\"Palestinske fanger kom tilbake til Gaza i midten av oktober.  Foto: Stringer \/ Reuters\" class=\"_image_qp4xg_65 layout-component layout-normal\" data-fullscreen- data-track-element-type=\"Article image fullscreen\" data-track-name=\"ImageFullscreen\" decoding=\"async\" loading=\"lazy\" height=\"1279\" itemprop=\"image\"  src=\"https:\/\/www.europesays.com\/no\/wp-content\/uploads\/2025\/11\/91cfd37b-fbf7-4089-b5ea-a7eff239b15a\"  style=\"object-position:0% 0%\" width=\"906\"\/>Palestinske fanger kom tilbake til Gaza i midten av oktober.  Foto: Stringer \/ Reuters<img alt=\"Palestinske fanger kom tilbake til Gaza i midten av oktober.  Foto: Stringer \/ Reuters\" class=\"_image_qp4xg_65 layout-component layout-fullscreen\" data-fullscreen- data-track-element-type=\"Article image fullscreen\" data-track-name=\"ImageFullscreen\" decoding=\"async\" loading=\"lazy\" height=\"1279\" itemprop=\"image\"  src=\"https:\/\/www.europesays.com\/no\/wp-content\/uploads\/2025\/11\/6012d9cb-69dc-4e60-afaa-f45bd32e6eb5\"  style=\"object-position:0% 0%\" width=\"1763\"\/>Palestinske fanger kom tilbake til Gaza i midten av oktober.  Foto: Stringer \/ Reuters<img alt=\"Palestinske fanger kom tilbake til Gaza i midten av oktober.  Foto: Stringer \/ Reuters\" class=\"_image_qp4xg_65 layout-component layout-fullscreen\" data-fullscreen- data-track-element-type=\"Article image fullscreen\" data-track-name=\"ImageFullscreen\" decoding=\"async\" loading=\"lazy\" height=\"1279\" itemprop=\"image\"  src=\"https:\/\/www.europesays.com\/no\/wp-content\/uploads\/2025\/11\/6012d9cb-69dc-4e60-afaa-f45bd32e6eb5\"  style=\"object-position:0% 0%\" width=\"1763\"\/>Palestinske fanger kom tilbake til Gaza i midten av oktober.  Foto: Stringer \/ Reuters<\/p>\n<p class=\"_paragraph_o9xde_4 _paragraph_xtcu6_10 layout-component text-serif-m layout-normal text-serif-m layout-padded\">Han sier han ble p\u00e5grepet av israelske styrker p\u00e5 et sykehus i Beit Lahia, nord i Gaza, den 27. desember 2024, da den israelske h\u00e6ren gjennomf\u00f8rte en offensiv i omr\u00e5det.<\/p>\n<p class=\"_paragraph_o9xde_4 _paragraph_xtcu6_10 layout-component text-serif-m layout-normal text-serif-m layout-padded\"><strong class=\"_strong_o9xde_25\">Han bodde 300 meter fra Kamal Odwan-sykehuset, tok krykkene og flyktet dit i h\u00e5p om at sykehuset ville v\u00e6re trygt.<\/strong><\/p>\n<p class=\"_paragraph_o9xde_4 _paragraph_xtcu6_10 layout-component text-serif-m layout-normal text-serif-m layout-padded\">Kort tid etterp\u00e5 ble han og 200 andre p\u00e5 sykehuset p\u00e5grepet, if\u00f8lge Mahmoud, inkludert medisinsk personell.<\/p>\n<p class=\"_paragraph_o9xde_4 _paragraph_xtcu6_10 layout-component text-serif-m layout-normal text-serif-m layout-padded\">Mahmoud sier han fortsatt ikke vet hvorfor han ble p\u00e5grepet.<\/p>\n<p class=\"_paragraph_o9xde_4 _paragraph_xtcu6_10 layout-component text-serif-m layout-normal text-serif-m layout-padded\">Etter \u00e5 ha blitt holdt fanget en stund inne i Gaza, ble han flyttet til den israelske milit\u00e6rbasen Zikim, nord for Gaza.<\/p>\n<p class=\"_paragraph_o9xde_4 _paragraph_xtcu6_10 layout-component text-serif-m layout-normal text-serif-m layout-padded\">\u2013 Der konfiskerte en soldat krykkene mine. Jeg fikk dem aldri tilbake, sier han.<\/p>\n<p class=\"_paragraph_o9xde_4 _paragraph_xtcu6_10 layout-component text-serif-m layout-normal text-serif-m layout-padded\">Han ble s\u00e5 fraktet til Sde Teiman-fengselet. <\/p>\n<p class=\"_paragraph_o9xde_4 _paragraph_xtcu6_10 layout-component text-serif-m layout-normal text-serif-m layout-padded\"><strong class=\"_strong_o9xde_25\">\u2013 Det er der jeg mistet synet, det er der jeg s\u00e5 fanger d\u00f8, sier han.<\/strong><\/p>\n<p><img alt=\"Et av f\u00e5 bilder fra Sde Taiman.  Foto: AP \/ NTB\" class=\"_image_qp4xg_65 layout-component layout-normal\" data-fullscreen- data-track-element-type=\"Article image fullscreen\" data-track-name=\"ImageFullscreen\" decoding=\"async\" loading=\"lazy\" height=\"1902\" itemprop=\"image\"  src=\"https:\/\/www.europesays.com\/no\/wp-content\/uploads\/2025\/11\/77672702-800b-4c0d-b534-86b1c421e8d9\"  style=\"object-position:0% 0%\" width=\"1293\"\/>Et av f\u00e5 bilder fra Sde Taiman.  Foto: AP \/ NTB<img alt=\"Et av f\u00e5 bilder fra Sde Taiman.  Foto: AP \/ NTB\" class=\"_image_qp4xg_65 layout-component layout-normal\" data-fullscreen- data-track-element-type=\"Article image fullscreen\" data-track-name=\"ImageFullscreen\" decoding=\"async\" loading=\"lazy\" height=\"1095\" itemprop=\"image\"  src=\"https:\/\/www.europesays.com\/no\/wp-content\/uploads\/2025\/11\/92d79867-bd56-4a9c-9452-4b50d33327d5\"  style=\"object-position:0% 0%\" width=\"1460\"\/>Et av f\u00e5 bilder fra Sde Taiman.  Foto: AP \/ NTB<img alt=\"Et av f\u00e5 bilder fra Sde Taiman.  Foto: AP \/ NTB\" class=\"_image_qp4xg_65 layout-component layout-normal\" data-fullscreen- data-track-element-type=\"Article image fullscreen\" data-track-name=\"ImageFullscreen\" decoding=\"async\" loading=\"lazy\" height=\"1095\" itemprop=\"image\"  src=\"https:\/\/www.europesays.com\/no\/wp-content\/uploads\/2025\/11\/92d79867-bd56-4a9c-9452-4b50d33327d5\"  style=\"object-position:0% 0%\" width=\"1460\"\/>Et av f\u00e5 bilder fra Sde Taiman.  Foto: AP \/ NTB<\/p>\n<p class=\"_paragraph_o9xde_4 _paragraph_xtcu6_10 layout-component text-serif-m layout-normal text-serif-m layout-padded\"><strong class=\"_strong_o9xde_25\">Mahmoud beskriver s\u00e5 overfor VG, hvordan han ble mishandlet:<\/strong><\/p>\n<p class=\"_paragraph_o9xde_4 _paragraph_xtcu6_10 layout-component text-serif-m layout-normal text-serif-m layout-padded\">\u2013  En dag slo en israelsk soldat meg hardt i hodet med en stol, s\u00e5 slo han hodet mitt hardt mot et metallbord, sier han.<\/p>\n<p class=\"_paragraph_o9xde_4 _paragraph_xtcu6_10 layout-component text-serif-m layout-normal text-serif-m layout-padded\">Han forteller at han f\u00f8rst var bevisstl\u00f8s, og at han ikke kunne se da han v\u00e5knet. Han tenkte at synet ville komme tilbake etter noen dager.<\/p>\n<p class=\"_paragraph_o9xde_4 _paragraph_xtcu6_10 layout-component text-serif-m layout-normal text-serif-m layout-padded\">\u2013 Men etter noen timer s\u00e5 jeg plutselig et skarpt hvitt lys, og s\u00e5 ble alt helt m\u00f8rkt.<\/p>\n<p class=\"_paragraph_o9xde_4 _paragraph_xtcu6_10 layout-component text-serif-m layout-normal text-serif-m layout-padded\">Etter noen dager, begynte det \u00e5 lukte vondt fra \u00f8ynene hans.<\/p>\n<p class=\"_paragraph_o9xde_4 _paragraph_xtcu6_10 layout-component text-serif-m layout-normal text-serif-m layout-padded\">\u2013 S\u00e5 begynte det \u00e5 renne blod fra \u00f8ynene, sier han.<\/p>\n<p class=\"_paragraph_o9xde_4 _paragraph_xtcu6_10 layout-component text-serif-m layout-normal text-serif-m layout-padded\">En fengselslege sjekket p\u00e5 ham og tilb\u00f8d \u00f8yedr\u00e5per, men utover det fikk han ingen medisinsk hjelp, sier han. I tillegg til slagene mot hodet, forteller Mahmoud ogs\u00e5 om seksuell vold.<\/p>\n<p class=\"_paragraph_o9xde_4 _paragraph_xtcu6_10 layout-component text-serif-m layout-normal text-serif-m layout-padded\"><strong class=\"_strong_o9xde_25\">\u2013 De torturerte meg med en n\u00e5l som ble stukket i penisen min, de slo meg med elektriske kabler.<\/strong><\/p>\n<p><img alt=\"Et av f\u00e5 bilder fra innsiden, vinteren 2023.  Foto: AP \/ NTB\" class=\"_image_qp4xg_65 layout-component layout-normal\" data-fullscreen- data-track-element-type=\"Article image fullscreen\" data-track-name=\"ImageFullscreen\" decoding=\"async\" loading=\"lazy\" height=\"2166\" itemprop=\"image\"  src=\"https:\/\/www.europesays.com\/no\/wp-content\/uploads\/2025\/11\/d3a8f5ff-2fe3-4631-aea2-9aa3aeb12bf2\"  style=\"object-position:0% 0%\" width=\"1545\"\/>Et av f\u00e5 bilder fra innsiden, vinteren 2023.  Foto: AP \/ NTB<img alt=\"Et av f\u00e5 bilder fra innsiden, vinteren 2023.  Foto: AP \/ NTB\" class=\"_image_qp4xg_65 layout-component layout-normal\" data-fullscreen- data-track-element-type=\"Article image fullscreen\" data-track-name=\"ImageFullscreen\" decoding=\"async\" loading=\"lazy\" height=\"2157\" itemprop=\"image\"  src=\"https:\/\/www.europesays.com\/no\/wp-content\/uploads\/2025\/11\/c91e95dd-134d-452a-a3c2-dcd1dfd17b72\"  style=\"object-position:0% 0%\" width=\"2877\"\/>Et av f\u00e5 bilder fra innsiden, vinteren 2023.  Foto: AP \/ NTB<img alt=\"Et av f\u00e5 bilder fra innsiden, vinteren 2023.  Foto: AP \/ NTB\" class=\"_image_qp4xg_65 layout-component layout-normal\" data-fullscreen- data-track-element-type=\"Article image fullscreen\" data-track-name=\"ImageFullscreen\" decoding=\"async\" loading=\"lazy\" height=\"2157\" itemprop=\"image\"  src=\"https:\/\/www.europesays.com\/no\/wp-content\/uploads\/2025\/11\/c91e95dd-134d-452a-a3c2-dcd1dfd17b72\"  style=\"object-position:0% 0%\" width=\"2877\"\/>Et av f\u00e5 bilder fra innsiden, vinteren 2023.  Foto: AP \/ NTB<\/p>\n<p class=\"_paragraph_o9xde_4 _paragraph_xtcu6_10 layout-component text-serif-m layout-normal text-serif-m layout-padded\">Mahmoud var 45 dager i Sde Teiman.<\/p>\n<p class=\"_paragraph_o9xde_4 _paragraph_xtcu6_10 layout-component text-serif-m layout-normal text-serif-m layout-padded\">Han sier han fortsatt har sterke smerter i ryggraden, har hatt brudd i to ribben og smerter i kjeven.<\/p>\n<p class=\"_paragraph_o9xde_4 _paragraph_xtcu6_10 layout-component text-serif-m layout-normal text-serif-m layout-padded\">Mens VG snakker med ham, sier han han har hodesmerter og smerter i venstre \u00f8ye.<\/p>\n<p>Fakta om\u00a0Sde\u00a0Teiman-leiren<\/p>\n<p class=\"_paragraph_o9xde_4 _paragraph_xtcu6_10 _paragraph_16v91_10 layout-component text-serif-m layout-normal text-sans-m layout-padded\">*\u00a0Sde\u00a0Teiman\u00a0er en israelsk milit\u00e6rbase som ligger i Negev-\u00f8rkenen, 29 kilometer fra grensen til Gaza.<\/p>\n<p class=\"_paragraph_o9xde_4 _paragraph_xtcu6_10 _paragraph_16v91_10 layout-component text-serif-m layout-normal text-sans-m layout-padded\">* Under Gaza-krigen er leiren blitt interneringsleir for palestinere fra Gazastripen.<\/p>\n<p class=\"_paragraph_o9xde_4 _paragraph_xtcu6_10 _paragraph_16v91_10 layout-component text-serif-m layout-normal text-sans-m layout-padded\">* B\u00e5de israelske varslere og l\u00f8slatte palestinske fanger har rapportert om systemiske overgrep og menneskerettighetsbrudd, inkludert fysisk og psykisk tortur.<\/p>\n<p class=\"_paragraph_o9xde_4 _paragraph_xtcu6_10 _paragraph_16v91_10 layout-component text-serif-m layout-normal text-sans-m layout-padded\">* Leiren har blitt kalt \u00abIsraels Guant\u00e1namo Bay\u00bb.<\/p>\n<p class=\"_paragraph_o9xde_4 _paragraph_xtcu6_10 _paragraph_16v91_10 layout-component text-serif-m layout-normal text-sans-m layout-padded\">* Israelske statsadvokater opplyste til h\u00f8yesterett i begynnelsen av juni at innsatte som holdes p\u00e5\u00a0Sde\u00a0Teiman, gradvis ville bli transportert til permanente fengselsanlegg.<\/p>\n<p class=\"_paragraph_o9xde_4 _paragraph_xtcu6_10 _paragraph_16v91_10 layout-component text-serif-m layout-normal text-sans-m layout-padded\">* Amnesty International bemerket i juli at \u00ablite ser ut til \u00e5 ha endret seg\u00bb.<\/p>\n<p class=\"_paragraph_o9xde_4 _paragraph_xtcu6_10 _paragraph_16v91_10 layout-component text-serif-m layout-normal text-sans-m layout-padded\">* I slutten av juli ble ni israelske soldater p\u00e5grepet av israelsk milit\u00e6rpoliti, anklaget for grov mishandling av en fange i\u00a0Sde\u00a0Teiman.<\/p>\n<p class=\"_paragraph_o9xde_4 _paragraph_xtcu6_10 _paragraph_16v91_10 layout-component text-serif-m layout-normal text-sans-m layout-padded\">* Ved \u00e5rsskiftet satt rundt 16.000 palestinere i israelsk fangenskap, hvorav omtrent 6000 fra Gaza. Bare \u00e9n av fire av dem som er tatt til fange av israelske soldater i Gaza, har tilknytning til Hamas eller andre v\u00e6pnede grupper, if\u00f8lge den israelske nettavisen +972.<\/p>\n<p>Vis mer<\/p>\n<p class=\"_paragraph_o9xde_4 _paragraph_xtcu6_10 layout-component text-serif-m layout-normal text-serif-m layout-padded\"><strong class=\"_strong_o9xde_25\">VG har stilt sp\u00f8rsm\u00e5l til den israelske h\u00e6ren (IDF) om anklagene om torturen og misbruket.<\/strong><\/p>\n<p class=\"_paragraph_o9xde_4 _paragraph_xtcu6_10 layout-component text-serif-m layout-normal text-serif-m layout-padded\">\u2013 Enhver mishandling av internerte, enten under forvaring eller under avh\u00f8r, er et brudd p\u00e5 loven og IDFs retningslinjer, og er derfor strengt forbudt, sier en talsperson til VG.<\/p>\n<p class=\"_paragraph_o9xde_4 _paragraph_xtcu6_10 layout-component text-serif-m layout-normal text-serif-m layout-padded\">IDF avviser samtidig, til tross for en rekke vitnesbyrd om tortur, fullstendig p\u00e5stander om systematisk mishandling av internerte, inkludert p\u00e5stander om seksuell mishandling, <\/p>\n<p class=\"_paragraph_o9xde_4 _paragraph_xtcu6_10 layout-component text-serif-m layout-normal text-serif-m layout-padded\">\u2013 IDF behandler enhver  overtredelse med st\u00f8rste alvor, sier talspersonen videre.<\/p>\n<p class=\"_paragraph_o9xde_4 _paragraph_xtcu6_10 layout-component text-serif-m layout-normal text-serif-m layout-padded\">Opplysningene om misbruk i Sde Teiman splitter n\u00e5 israelsk samfunnsdebatt. <\/p>\n<p class=\"_paragraph_o9xde_4 _paragraph_xtcu6_10 layout-component text-serif-m layout-normal text-serif-m layout-padded\">Da en gruppe reservesoldater ble p\u00e5grepet som, mistenkt for \u00e5 ha voldtatt den palestinske fangen i juli 2024, stormet demonstranter fra ytre h\u00f8yre fl\u00f8y fengselet, for \u00e5 vise st\u00f8tte for de p\u00e5grepne soldatene:<\/p>\n<p><img alt=\"Foto: Amir Cohen \/ Reuters \/ NTB\" class=\"_image_qp4xg_65 layout-component layout-normal\" data-fullscreen- data-track-element-type=\"Article image fullscreen\" data-track-name=\"ImageFullscreen\" decoding=\"async\" loading=\"lazy\" height=\"3714\" itemprop=\"image\"  src=\"https:\/\/www.europesays.com\/no\/wp-content\/uploads\/2025\/11\/f92bc7d8-702c-4ff2-be6e-de3d43a8c6c3\"  style=\"object-position:0% 0%\" width=\"2750\"\/>Foto: Amir Cohen \/ Reuters \/ NTB<img alt=\"Foto: Amir Cohen \/ Reuters \/ NTB\" class=\"_image_qp4xg_65 layout-component layout-normal\" data-fullscreen- data-track-element-type=\"Article image fullscreen\" data-track-name=\"ImageFullscreen\" decoding=\"async\" loading=\"lazy\" height=\"3695\" itemprop=\"image\"  src=\"https:\/\/www.europesays.com\/no\/wp-content\/uploads\/2025\/11\/31df1b11-f1d2-460d-be9a-85a8ceba6819\"  style=\"object-position:0% 0%\" width=\"4928\"\/>Foto: Amir Cohen \/ Reuters \/ NTB<img alt=\"Foto: Amir Cohen \/ Reuters \/ NTB\" class=\"_image_qp4xg_65 layout-component layout-normal\" data-fullscreen- data-track-element-type=\"Article image fullscreen\" data-track-name=\"ImageFullscreen\" decoding=\"async\" loading=\"lazy\" height=\"3695\" itemprop=\"image\"  src=\"https:\/\/www.europesays.com\/no\/wp-content\/uploads\/2025\/11\/31df1b11-f1d2-460d-be9a-85a8ceba6819\"  style=\"object-position:0% 0%\" width=\"4928\"\/>Foto: Amir Cohen \/ Reuters \/ NTB<\/p>\n<p class=\"_paragraph_o9xde_4 _paragraph_xtcu6_10 layout-component text-serif-m layout-normal text-serif-m layout-padded\">Kort tid etterp\u00e5 ble overv\u00e5kningsbildene lekket til pressen.<\/p>\n<p class=\"_paragraph_o9xde_4 _paragraph_xtcu6_10 layout-component text-serif-m layout-normal text-serif-m layout-padded\">Det israelske milit\u00e6ret har uttalt at bevismaterialet som er samlet inn, er omfattende og inkluderer medisinsk dokumentasjon og \u00abautentiske opptak hentet fra sikkerhetskameraene p\u00e5 stedet.\u00bb<\/p>\n<p class=\"_paragraph_o9xde_4 _paragraph_xtcu6_10 layout-component text-serif-m layout-normal text-serif-m layout-padded\">Likevel avviser forsvarerne til de tiltalte \u2013 inkludert enkelte medlemmer av Netanyahus regjering \u2013 selve ideen om at israelske soldater skal kunne straffeforf\u00f8lges for mishandling av palestinere i fangenskap. <\/p>\n<p class=\"_paragraph_o9xde_4 _paragraph_xtcu6_10 layout-component text-serif-m layout-normal text-serif-m layout-padded\">Etterforskningen har ogs\u00e5 f\u00e5tt kritikk fordi den palestinske fangen som ble misbrukt i videoen, i september ble l\u00f8slatt og sendt tilbake til Gaza, uten \u00e5 vitne i det israelske rettssystemet.<\/p>\n<p class=\"_paragraph_o9xde_4 _paragraph_xtcu6_10 layout-component text-serif-m layout-normal text-serif-m layout-padded\">Mannen, som har forblitt anonym, ble l\u00f8slatt sammen med Mahmoud Abu Fool, og nesten 1700 andre palestinske fanger.<\/p>\n<p class=\"_paragraph_o9xde_4 _paragraph_xtcu6_10 layout-component text-serif-m layout-normal text-serif-m layout-padded\">I teltet i sentrale Gaza, fors\u00f8ker Mahmoud \u00e5 fokusere p\u00e5 fremtiden.<\/p>\n<p class=\"_paragraph_o9xde_4 _paragraph_xtcu6_10 layout-component text-serif-m layout-normal text-serif-m layout-padded\">Mens han var i fangenskap i Israel, ble hjemstedet hans lagt ytterligere i ruiner.<\/p>\n<p class=\"_paragraph_o9xde_4 _paragraph_xtcu6_10 layout-component text-serif-m layout-normal text-serif-m layout-padded\">\u2013 Jeg har h\u00f8rt at Gaza er helt \u00f8delagt, men jeg kan ikke se det. Jeg klarer ikke forestille meg hvordan det egentlig ser ut rundt meg, n\u00e5 som alt er \u00f8delagt.<\/p>\n<p class=\"_paragraph_o9xde_4 _paragraph_xtcu6_10 layout-component text-serif-m layout-normal text-serif-m layout-padded\">Han har et h\u00e5p om at han med riktig behandling en gang kan f\u00e5 tilbake synet.<\/p>\n<p class=\"_paragraph_o9xde_4 _paragraph_xtcu6_10 layout-component text-serif-m layout-normal text-serif-m layout-padded\"><strong class=\"_strong_o9xde_25\">\u2013 Jeg h\u00e5per \u00e5 f\u00e5 muligheten til en gang \u00e5 se mat, havet og skyene. Jeg h\u00e5per \u00e5 f\u00e5 se igjen ansiktene til mine foreldre.<\/strong><\/p>\n<p> Amund Bakke Foss<\/p>\n<p class=\"text-sans-s\">Utenriksjournalist<\/p>\n<p><img decoding=\"async\" alt=\"Amund Bakke Foss\" class=\"_image_uv074_179\" src=\"https:\/\/www.europesays.com\/no\/wp-content\/uploads\/2025\/11\/b1c0513a-25cc-4ed8-a6d1-f2cd16e8f69e\" width=\"480\"\/><img decoding=\"async\" alt=\"Sami Abu Salem\" class=\"_image_uv074_179\" src=\"https:\/\/www.europesays.com\/no\/wp-content\/uploads\/2025\/11\/4409e855-c79b-4e86-972e-90429fe0c69d\" width=\"480\"\/>     <\/p>\n","protected":false},"excerpt":{"rendered":"Det var s\u00f8ndag 2. november og den betrodde israelske generalmajoren og milit\u00e6re sjefsadvokaten Yifat Tomer-Yerushalmi var sporl\u00f8st borte.&hellip;\n","protected":false},"author":2,"featured_media":88164,"comment_status":"","ping_status":"","sticky":false,"template":"","format":"standard","meta":{"footnotes":""},"categories":[12],"tags":[20,21,11669,24,25,2507,53,15,52,22,23,13,30,28,29,14,16,26,27,412,42,43,44,45],"class_list":{"0":"post-88163","1":"post","2":"type-post","3":"status-publish","4":"format-standard","5":"has-post-thumbnail","7":"category-verden","8":"tag-breaking-news","9":"tag-breakingnews","10":"tag-fangenskap","11":"tag-featured-news","12":"tag-featurednews","13":"tag-fengsel","14":"tag-gaza","15":"tag-headlines","16":"tag-israel","17":"tag-latest-news","18":"tag-latestnews","19":"tag-news","20":"tag-no","21":"tag-norge","22":"tag-norway","23":"tag-nyheter","24":"tag-overskrifter","25":"tag-top-stories","26":"tag-topstories","27":"tag-utenriks","28":"tag-verden","29":"tag-world","30":"tag-world-news","31":"tag-worldnews"},"share_on_mastodon":{"url":"https:\/\/pubeurope.com\/@no\/115555585802870607","error":""},"_links":{"self":[{"href":"https:\/\/www.europesays.com\/no\/wp-json\/wp\/v2\/posts\/88163","targetHints":{"allow":["GET"]}}],"collection":[{"href":"https:\/\/www.europesays.com\/no\/wp-json\/wp\/v2\/posts"}],"about":[{"href":"https:\/\/www.europesays.com\/no\/wp-json\/wp\/v2\/types\/post"}],"author":[{"embeddable":true,"href":"https:\/\/www.europesays.com\/no\/wp-json\/wp\/v2\/users\/2"}],"replies":[{"embeddable":true,"href":"https:\/\/www.europesays.com\/no\/wp-json\/wp\/v2\/comments?post=88163"}],"version-history":[{"count":0,"href":"https:\/\/www.europesays.com\/no\/wp-json\/wp\/v2\/posts\/88163\/revisions"}],"wp:featuredmedia":[{"embeddable":true,"href":"https:\/\/www.europesays.com\/no\/wp-json\/wp\/v2\/media\/88164"}],"wp:attachment":[{"href":"https:\/\/www.europesays.com\/no\/wp-json\/wp\/v2\/media?parent=88163"}],"wp:term":[{"taxonomy":"category","embeddable":true,"href":"https:\/\/www.europesays.com\/no\/wp-json\/wp\/v2\/categories?post=88163"},{"taxonomy":"post_tag","embeddable":true,"href":"https:\/\/www.europesays.com\/no\/wp-json\/wp\/v2\/tags?post=88163"}],"curies":[{"name":"wp","href":"https:\/\/api.w.org\/{rel}","templated":true}]}}