{"id":88165,"date":"2025-11-15T20:25:10","date_gmt":"2025-11-15T20:25:10","guid":{"rendered":"https:\/\/www.europesays.com\/no\/88165\/"},"modified":"2025-11-15T20:25:10","modified_gmt":"2025-11-15T20:25:10","slug":"maskorama-tabbe-pa-direkten-kunne-se-svarene","status":"publish","type":"post","link":"https:\/\/www.europesays.com\/no\/88165\/","title":{"rendered":"Maskorama-tabbe p\u00e5 direkten? Kunne se svarene"},"content":{"rendered":"\n<p class=\"_lead_o9xde_2 _lead_xtcu6_50 layout-component text-serif-m layout-normal text-serif-l layout-component layout-wide layout-padded _wide_17hqh_1 layout-padded\">Under kveldens Maskorama, delte en av detektivene noe av innholdet i notatboken sin med seerne.<\/p>\n<p> <img class=\"_image_qp4xg_65 layout-component layout-wide\" data-fullscreen- data-track-element-type=\"Article image fullscreen\" data-track-name=\"ImageFullscreen\" fetchpriority=\"high\" decoding=\"sync\" loading=\"eager\" height=\"181\" itemprop=\"image\"  src=\"https:\/\/www.europesays.com\/no\/wp-content\/uploads\/2025\/11\/71191d6229f59caf30151f3611fa1d16.jpg\"  style=\"object-position:50% 50%;aspect-ratio:1.75;height:auto;object-fit:cover;width:100%\" width=\"102\"\/>   Oppdatert l\u00f8rdag 15. november kl. 20:44     <\/p>\n<p class=\"_paragraph_o9xde_4 _paragraph_xtcu6_10 layout-component text-serif-m layout-normal text-serif-m layout-padded\">Brokkolien startet l\u00f8rdagens show med l\u00e5ten \u00abThe One and Only\u00bb av Chesney Hawkes.<\/p>\n<p class=\"_paragraph_o9xde_4 _paragraph_xtcu6_10 layout-component text-serif-m layout-normal text-serif-m layout-padded\">Rett etterp\u00e5 var det tid for at detektivene, Tete Lidbom (39), Tone Damli (37) og Robert Stoltenberg (60), skulle gi tilbakemeldinger \u2013 og stille sp\u00f8rsm\u00e5l til personen som skjuler seg bak masken.<\/p>\n<p class=\"_paragraph_o9xde_4 _paragraph_xtcu6_10 layout-component text-serif-m layout-normal text-serif-m layout-padded\">Men for sistnevnte gikk det trolig litt for fort i svingene. <\/p>\n<ul class=\"_list_o9xde_3 _list_xtcu6_9 _unordered_o9xde_106 layout-component text-serif-m layout-normal text-serif-m layout-padded\">\n<li class=\"_item_o9xde_30\"><strong class=\"_strong_o9xde_25\">Kveldens sending p\u00e5g\u00e5r fortsatt \u2013 f\u00f8lg med her:<a href=\"https:\/\/www.vg.no\/rampelys\/i\/wgyGEP\/maskorama-seks-skal-bli-til-fem\" data-track-element-type=\"Link\" data-track-id=\"link:wgyGEP\" class=\"_link_o9xde_39\" rel=\"nofollow noopener\" target=\"_blank\"> Runde to med \u00abMaskorama\u00bb<\/a><\/strong><\/li>\n<\/ul>\n<p><img alt=\"Foto: Espen Solli\" class=\"_image_qp4xg_65 layout-component layout-normal\" data-fullscreen- data-track-element-type=\"Article image fullscreen\" data-track-name=\"ImageFullscreen\" decoding=\"async\" loading=\"lazy\" height=\"2668\" itemprop=\"image\"  src=\"https:\/\/www.europesays.com\/no\/wp-content\/uploads\/2025\/11\/f3e2ee69-2efd-4b53-ace8-0d91481a3798\"  style=\"object-position:0% 0%\" width=\"4000\"\/>Foto: Espen Solli<\/p>\n<p class=\"_paragraph_o9xde_4 _paragraph_xtcu6_10 layout-component text-serif-m layout-normal text-serif-m layout-padded\">Etter at Stoltenberg hadde stilt sine sp\u00f8rsm\u00e5l til Brokkolien, snudde han notatboken sin \u2013 noe som resulterte i at seerne kunne se deler av hva som st\u00e5r der:<\/p>\n<p><img alt=\"Foto: NRK \/ Skjermdump\" class=\"_image_qp4xg_65 layout-component layout-normal\" data-fullscreen- data-track-element-type=\"Article image fullscreen\" data-track-name=\"ImageFullscreen\" decoding=\"async\" loading=\"lazy\" height=\"1179\" itemprop=\"image\"  src=\"https:\/\/www.europesays.com\/no\/wp-content\/uploads\/2025\/11\/d13f0553-5e94-4647-ba42-b95f7c6080de\"  style=\"object-position:0% 0%\" width=\"2092\"\/>Foto: NRK \/ Skjermdump<\/p>\n<p class=\"_paragraph_o9xde_4 _paragraph_xtcu6_10 layout-component text-serif-m layout-normal text-serif-m layout-padded\">Blant annet kan man se at Stoltenberg trolig vet svaret p\u00e5 sp\u00f8rsm\u00e5lene han skulle stille til Brokkolien.<\/p>\n<p class=\"_paragraph_o9xde_4 _paragraph_xtcu6_10 layout-component text-serif-m layout-normal text-serif-m layout-padded\">VG har v\u00e6rt i kontakt med pressekontakt i NRK, Helene Amlie, som viser videre til eksekutiv produsent i Monster, Kim Str\u00f8mstad. <\/p>\n<p class=\"_paragraph_o9xde_4 _paragraph_xtcu6_10 layout-component text-serif-m layout-normal text-serif-m layout-padded\">\u2013 Det er veldig g\u00f8y at folk f\u00e5r med seg notatene til Robert!, sier Str\u00f8mstad.<\/p>\n<p class=\"_paragraph_o9xde_4 _paragraph_xtcu6_10 layout-component text-serif-m layout-normal text-serif-m layout-padded\">Utover detter skriver Amlie at de ikke har ytterligere kommentarer.<\/p>\n","protected":false},"excerpt":{"rendered":"Under kveldens Maskorama, delte en av detektivene noe av innholdet i notatboken sin med seerne. Oppdatert l\u00f8rdag 15.&hellip;\n","protected":false},"author":2,"featured_media":88166,"comment_status":"","ping_status":"","sticky":false,"template":"","format":"standard","meta":{"footnotes":""},"categories":[5],"tags":[20,21,24,25,15,19,22,23,17,18,2693,13,30,28,29,14,16,9170,26,27],"class_list":{"0":"post-88165","1":"post","2":"type-post","3":"status-publish","4":"format-standard","5":"has-post-thumbnail","7":"category-overskrifter","8":"tag-breaking-news","9":"tag-breakingnews","10":"tag-featured-news","11":"tag-featurednews","12":"tag-headlines","13":"tag-hovedoppslag","14":"tag-latest-news","15":"tag-latestnews","16":"tag-main-news","17":"tag-mainnews","18":"tag-maskorama","19":"tag-news","20":"tag-no","21":"tag-norge","22":"tag-norway","23":"tag-nyheter","24":"tag-overskrifter","25":"tag-robert-stoltenberg","26":"tag-top-stories","27":"tag-topstories"},"share_on_mastodon":{"url":"https:\/\/pubeurope.com\/@no\/115555593518104151","error":""},"_links":{"self":[{"href":"https:\/\/www.europesays.com\/no\/wp-json\/wp\/v2\/posts\/88165","targetHints":{"allow":["GET"]}}],"collection":[{"href":"https:\/\/www.europesays.com\/no\/wp-json\/wp\/v2\/posts"}],"about":[{"href":"https:\/\/www.europesays.com\/no\/wp-json\/wp\/v2\/types\/post"}],"author":[{"embeddable":true,"href":"https:\/\/www.europesays.com\/no\/wp-json\/wp\/v2\/users\/2"}],"replies":[{"embeddable":true,"href":"https:\/\/www.europesays.com\/no\/wp-json\/wp\/v2\/comments?post=88165"}],"version-history":[{"count":0,"href":"https:\/\/www.europesays.com\/no\/wp-json\/wp\/v2\/posts\/88165\/revisions"}],"wp:featuredmedia":[{"embeddable":true,"href":"https:\/\/www.europesays.com\/no\/wp-json\/wp\/v2\/media\/88166"}],"wp:attachment":[{"href":"https:\/\/www.europesays.com\/no\/wp-json\/wp\/v2\/media?parent=88165"}],"wp:term":[{"taxonomy":"category","embeddable":true,"href":"https:\/\/www.europesays.com\/no\/wp-json\/wp\/v2\/categories?post=88165"},{"taxonomy":"post_tag","embeddable":true,"href":"https:\/\/www.europesays.com\/no\/wp-json\/wp\/v2\/tags?post=88165"}],"curies":[{"name":"wp","href":"https:\/\/api.w.org\/{rel}","templated":true}]}}