{"id":88169,"date":"2025-11-15T20:36:30","date_gmt":"2025-11-15T20:36:30","guid":{"rendered":"https:\/\/www.europesays.com\/no\/88169\/"},"modified":"2025-11-15T20:36:30","modified_gmt":"2025-11-15T20:36:30","slug":"motor-har-kjort-kia-ev9-gt","status":"publish","type":"post","link":"https:\/\/www.europesays.com\/no\/88169\/","title":{"rendered":"Motor har kj\u00f8rt Kia EV9 GT"},"content":{"rendered":"<p>\n        SPYDSPISS: GT-utgaven av EV9 er det ypperste Kia kan tilby norske storfamilier.<br \/>\n        Foto: \u00d8IVIND A. MONN-IVERSEN\n    <\/p>\n<p class=\"kicker t28 font-weight-bold m-font-weight-bold font-Roboto\" style=\"\">Pr\u00f8vekj\u00f8rt: Kia EV9 GT<\/p>\n<p>    Tidenes dyreste Kia er akkurat s\u00e5 diskr\u00e9 at den t\u00e5ler \u00e5 sammenliknes med de gamle kjenningene i luksusklassen.<\/p>\n<p>        Pluss: <\/p>\n<p>Morofaktor, plass, kvalitetsf\u00f8lelse<\/p>\n<p>Minus:<\/p>\n<p>Dyr, effekt, merkevare<\/p>\n<p>Det er lett \u00e5 mene at ingen biler er verdt 1,1 million. Men hvis begrunnelsen er at det er en Kia, s\u00e5 bruker du feil argument.\u00a0<\/p>\n<p class=\"font-weight-bold m-font-weight-bold\" data-lab-font_weight=\"font-weight-bold\">Eller mer diplomatisk formulert: Da b\u00f8r du lese deg opp p\u00e5 hva som skjer i bilverdenen.<\/p>\n<p>Kia er for lengst etablert som en av de mest spisskompetente bilprodusentene. Delvis underlagt Hyundai, uten at det gir andre utslag enn at de deler komponenter, og utvikler modeller ganske parallelt.\u00a0<\/p>\n<p>        Kia EV9 GT<\/p>\n<ul>\n<li class=\"lab-bodytext-line\">Pris:\u00a01.000.000<\/li>\n<li class=\"lab-bodytext-line\">Pris med Motor-pakka*: 1.117.000<\/li>\n<li class=\"lab-bodytext-line\">Batteri (netto)\/motor\/drivlinje:\u00a099,8 kWt\/508 hk\/750 Nm\/ettrinns automat med mulighet for \u00e5tte virtuelle trinn, firehjulsdrift.<\/li>\n<li class=\"lab-bodytext-line\">Rekkevidde\/forbruk:\u00a0510 km\/21,7 kWt\/100 km.<\/li>\n<li class=\"lab-bodytext-line\">Ladefart: 240 kW. 10\u201380 prosent: 24 min.<\/li>\n<li class=\"lab-bodytext-line\">Bagasjevolum med tre\/to seterader i bruk (liter):\u00a0333\/828 pluss frunk p\u00e5 52 liter.<\/li>\n<li class=\"lab-bodytext-line\">Lengde\/bredde (med speil)\/h\u00f8yde\/bakkeklaring (cm):\u00a0454\/210\/164\/20<\/li>\n<li class=\"lab-bodytext-line\">Vekt\/nyttelast (kg): 2643\/492<\/li>\n<li class=\"lab-bodytext-line\">Hengervekt\/taklast (kg):\u00a02500\/70<\/li>\n<li class=\"lab-bodytext-line\">0\u2013100\/toppfart:\u00a04,6 sek\/220 km\/t.<\/li>\n<li class=\"lab-bodytext-line\">Hjul:\u00a0285\/45R21<\/li>\n<li class=\"lab-bodytext-line\">Konkurrenter:\u00a0 Volvo EX90 Performance, Nio EL8, BMW iX.<\/li>\n<p class=\"lab-bodytext-line\">*Motor-pakka:\u00a0Her velger vi utstyrsgraden og tilleggene vi mener gir mest for pengene. Vinter\u00adhjul, ladekabler og valgfri metallic lakk er alltid inkludert. Varme i seter og ratt er et krav. Adaptiv fartsholder prioriteres alltid, generelt ogs\u00e5 den mest avanserte lys\u00adteknologien. Henger\u00adfeste er inkludert fra kompaktklassen og oppover. Kan bilene leveres med firehjulsdrift, velger vi som regel dette. Service\/vedlieholdspakker er ikke inkludert. Gjelder prisene en begrenset tids\u00adperiode (kampanjer), opplyser vi om det<\/p>\n<\/ul>\n<p>Beste miksen<\/p>\n<p>Utad framst\u00e5r de ulike. Men sammen gir de s\u00f8rkoreanske bilene den beste miksen av nyskapende teknologi, dristig design og h\u00f8y kvalitet vi ser i dag.<\/p>\n<p>Det tar lang tid \u00e5 kvitte seg med gammelt tankegods. Og jo dyrere og mer prestisje\u00adfokusert en bilmodell blir, desto mer konservativ og gammeldags blir kundemassen.\u00a0<\/p>\n<p class=\"font-weight-bold m-font-weight-bold\" data-lab-font_weight=\"font-weight-bold\">Passerer du millionen, s\u00e5 m\u00f8ter du fort holdningen om at det bare er BMW, Mercedes, Audi, og til en viss grad Volvo, som gjelder.\u00a0<\/p>\n<p>            Vi har ogs\u00e5 pr\u00f8vekj\u00f8rt disse bilene:<\/p>\n<p>Oppriktige ambisjoner<\/p>\n<p>N\u00e5r Kia n\u00e5 fintrimmer sin store EV9 enda et hakk, kommuniseres dette med h\u00f8y grad av diskresjon.\u00a0<\/p>\n<p>En bilprodusent som ikke har lest markedet godt nok, eller som bare vil vekke oppsikt, hadde kledd opp bilen med spektakul\u00e6re effekter for \u00e5 skille seg ut.\u00a0<\/p>\n<p class=\"font-weight-bold m-font-weight-bold\" data-lab-font_weight=\"font-weight-bold\">Kia derimot, har oppriktige ambisjoner om \u00e5 selge biler i denne klassen \u2013 til denne prisen.<\/p>\n<p>                <img decoding=\"async\" src=\"https:\/\/www.europesays.com\/no\/wp-content\/uploads\/2025\/11\/335771.webp\" width=\"480\" height=\"274\" title=\"DISKR\u00c8: Bare kjennere vil se at dette er en EV9 til godt over millionen, ikke til 700.000. Det er trolig en bevisst \u2013 og lur \u2013 strategi fra Kia.\" alt=\"\" loading=\"lazy\" style=\"\"\/><\/p>\n<p>\n            DISKR\u00c8: Bare kjennere vil se at dette er en EV9 til godt over millionen, ikke til 700.000. Det er trolig en bevisst \u2013 og lur \u2013 strategi fra Kia.<br \/>\n            Foto: \u00d8IVIND A. MONN-IVERSEN\n        <\/p>\n<p>300.000 rimeligere<\/p>\n<p>Derfor er det med EV9 GT som med de dyreste versjonene fra de etablerte statusmerkene: Bare kjennere kan skille versjonen til over millionen, fra den over 300.000 rimeligere versjonen med bakhjulsdrift.<\/p>\n<p class=\"font-weight-bold m-font-weight-bold\" data-lab-font_weight=\"font-weight-bold\">Det vil si, forfra vil nok noen legge merke til et nytt lysm\u00f8nster som kryper inn over det som i gamle dager var en grill.\u00a0<\/p>\n<p>Dette kan fjernes \u2013 eller du kan kj\u00f8pe andre m\u00f8nstre. Vi hadde nok ikke kostet p\u00e5 oss det siste, men muligens gjort det f\u00f8rste.\u00a0<\/p>\n<p>Morofaktoren<\/p>\n<p>Ellers er det bare de gulgr\u00f8nne bremsekaliperne som r\u00f8per at dette er versjonen med 508 hester, elektronisk styrt understell, elektronisk differensialsperre, kraftigere bremser \u2013 og den store morofaktoren: Muligheten til \u00e5 leke med en virtuell \u00e5ttetrinns girkasse.<\/p>\n<p>                <img decoding=\"async\" src=\"https:\/\/www.europesays.com\/no\/wp-content\/uploads\/2025\/11\/335765.webp\" width=\"480\" height=\"274\" title=\"KJENT: Hovedlinjene er kjent fra \u00f8vrige EV9, men rattet er nytt, og det er forbedret materialkvalitet p\u00e5 noen overflater p\u00e5 instrumentpanelet.\" alt=\"\" loading=\"lazy\" style=\"\"\/><\/p>\n<p>\n            KJENT: Hovedlinjene er kjent fra \u00f8vrige EV9, men rattet er nytt, og det er forbedret materialkvalitet p\u00e5 noen overflater p\u00e5 instrumentpanelet.<br \/>\n            Foto: \u00d8IVIND A. MONN-IVERSEN\n        <\/p>\n<p>Sommerdekk<\/p>\n<p>Uansett hva Motor eller andre eksperter m\u00e5tte mene, s\u00e5 er det fortsatt selve merkevaren som er Kias st\u00f8rste minus i denne klassen. Resten \u2013 alts\u00e5 bilen \u2013 er med andre ord meget bra.<\/p>\n<p>Motor har kj\u00f8rt GT noen timer p\u00e5 sommerdekk rett f\u00f8r kulda kom til \u00d8stlandet.\u00a0<\/p>\n<p class=\"font-weight-bold m-font-weight-bold\" data-lab-font_weight=\"font-weight-bold\">Felles for b\u00e5de de svingete landeveiene inn over Hurumlandet og motorveien til og fra hovedstaden: sv\u00e6rt v\u00e5t veibane. Alts\u00e5 ikke perfekte forhold.<\/p>\n<p>                <img decoding=\"async\" src=\"https:\/\/www.europesays.com\/no\/wp-content\/uploads\/2025\/11\/335772.webp\" width=\"480\" height=\"274\" title=\"OVERRASKENDE: Tredje seterad i EV9 er full godkjent ogs\u00e5 for voksne, mest p\u00e5 grunn av h\u00f8yden mellom sittepute og gulv.\" alt=\"\" loading=\"lazy\" style=\"\"\/><\/p>\n<p>\n            OVERRASKENDE: Tredje seterad i EV9 er full godkjent ogs\u00e5 for voksne, mest p\u00e5 grunn av h\u00f8yden mellom sittepute og gulv.<br \/>\n            Foto: \u00d8IVIND A. MONN-IVERSEN\n        <\/p>\n<p>                <img decoding=\"async\" src=\"https:\/\/www.europesays.com\/no\/wp-content\/uploads\/2025\/11\/335773.webp\" width=\"480\" height=\"274\" title=\"SEKSSETER: Passasjerene p\u00e5 andre seterad har hver sin sv\u00e6rt komfortable sitteplass.\" alt=\"\" loading=\"lazy\" style=\"\"\/><\/p>\n<p>\n            SEKSSETER: Passasjerene p\u00e5 andre seterad har hver sin sv\u00e6rt komfortable sitteplass.<br \/>\n            Foto: \u00d8IVIND A. MONN-IVERSEN\n        <\/p>\n<p>Viser muskler<\/p>\n<p>\u00c5 presse en bil som dette til yttergrensene, b\u00f8r uansett bare gj\u00f8res p\u00e5 lukkede baner. Vi fikk likevel inntrykk av en meget kompetent bil, som strammer seg opp fra det dagligdagse og komfortable, og viser litt muskler og temperament n\u00e5r sj\u00e5f\u00f8ren \u00f8nsker det.<\/p>\n<p class=\"font-weight-bold m-font-weight-bold\" data-lab-font_weight=\"font-weight-bold\">Som p\u00e5 den mindre Kia EV6 GT, s\u00e5 er den ultimate moroa gjemt bak den gulgr\u00f8nne knappen p\u00e5 rattet.<\/p>\n<p>Da aktiveres alt av hester og dreiemoment, samtidig som enkelte kontrollerende st\u00f8ttesystemer deaktiveres.<\/p>\n<p>                <img decoding=\"async\" src=\"https:\/\/www.europesays.com\/no\/wp-content\/uploads\/2025\/11\/335767.webp\" width=\"480\" height=\"274\" title=\"VALGFRITT: Lysm\u00f8nsteret som strekker seg fra hovedlyset og inn p\u00e5 \u00abgrillen\u00bb, har litt av de pikselpreget som Hyundai \u2013 ikke Kia \u2013 er kjent for. Det kan sl\u00e5s av, eller man kan bestille andre m\u00f8nstere.\" alt=\"\" loading=\"lazy\" style=\"\"\/><\/p>\n<p>\n            VALGFRITT: Lysm\u00f8nsteret som strekker seg fra hovedlyset og inn p\u00e5 \u00abgrillen\u00bb, har litt av de pikselpreget som Hyundai \u2013 ikke Kia \u2013 er kjent for. Det kan sl\u00e5s av, eller man kan bestille andre m\u00f8nstere.<br \/>\n            Foto: \u00d8IVIND A. MONN-IVERSEN\n        <\/p>\n<p>                <img decoding=\"async\" src=\"https:\/\/www.europesays.com\/no\/wp-content\/uploads\/2025\/11\/335774.webp\" width=\"480\" height=\"274\" title=\"KJENNETEGN: Den gulgr\u00f8nne fargen g\u00e5r igjen i setetrekk, i \u00abmoroknappen\u00bb p\u00e5 rattet \u2013 og som her, p\u00e5 bremsekaliperne.\" alt=\"\" loading=\"lazy\" style=\"\"\/><\/p>\n<p>\n            KJENNETEGN: Den gulgr\u00f8nne fargen g\u00e5r igjen i setetrekk, i \u00abmoroknappen\u00bb p\u00e5 rattet \u2013 og som her, p\u00e5 bremsekaliperne.<br \/>\n            Foto: \u00d8IVIND A. MONN-IVERSEN\n        <\/p>\n<p>Sv\u00e6rt komfortabelt<\/p>\n<p>Ellers har du tre mer standardiserte kj\u00f8remodus \u2013 eco, normal og sport \u2013 samt muligheten til \u00e5 lage ditt eget oppsett med \u00f8nsket innstilling p\u00e5 st\u00f8tdempere, styring og bremsef\u00f8lelse.<\/p>\n<p class=\"font-weight-bold m-font-weight-bold\" data-lab-font_weight=\"font-weight-bold\">Kj\u00f8rer du GT i normalmodus, oppf\u00f8rer den seg akkurat som \u00f8vrige EV9 \u2013 bare h\u00e5rfint stivere og mer st\u00f8yende. Men fortsatt sv\u00e6rt komfortabelt. Ikke minst er setene meget gode.<\/p>\n<p>Den virtuelle girkassa har \u00e5tte trinn, i motsetning til seks trinn p\u00e5 Kia EV6 GT. Denne aktiveres med hendlene bak p\u00e5 rattet.\u00a0<\/p>\n<p>I praksis f\u00e5r man en opplevelse av \u00e5 gire slik man gjorde med en bensin- eller dieselautomat for noen \u00e5r siden. F\u00f8lelsen er den samme, bortsett fra at selve girskiftet er enda noen millisekund kjappere og mer distinkt.<\/p>\n<p>                <img decoding=\"async\" src=\"https:\/\/www.europesays.com\/no\/wp-content\/uploads\/2025\/11\/335766.webp\" width=\"480\" height=\"274\" title=\"\u00c5TTE GIR: Den virtuelle girkassa oppleves akkurat som en lynkjapp \u00e5ttetrinns girkasse koblet til en forbrenningsmotor.\" alt=\"\" loading=\"lazy\" style=\"\"\/><\/p>\n<p>\n            \u00c5TTE GIR: Den virtuelle girkassa oppleves akkurat som en lynkjapp \u00e5ttetrinns girkasse koblet til en forbrenningsmotor.<br \/>\n            Foto: \u00d8IVIND A. MONN-IVERSEN\n        <\/p>\n<p>Oppleves realistisk<\/p>\n<p>Bilen girer opp og ned med merkbare rykk \u2013 og med valgfritt niv\u00e5 p\u00e5 den kunstige motorlyden.\u00a0<\/p>\n<p class=\"font-weight-bold m-font-weight-bold\" data-lab-font_weight=\"font-weight-bold\">T\u00f8mmer du giret, eller du rett og slett glemmer \u00e5 gire, s\u00e5 lugger bilen mens det blinker iltert fra en turteller som stanger. Det hele oppleves sv\u00e6rt realistisk.<\/p>\n<p>EV9 mangler f\u00f8rst og fremst effekt for \u00e5 bli noe ekstraordin\u00e6rt i denne klassen \u2013 slik for eksempel Hyundai Ioniq 5 N er i klassen av familiebiler.\u00a0<\/p>\n<p class=\"font-weight-bold m-font-weight-bold\" data-lab-font_weight=\"font-weight-bold\">508 hester er naturligvis h\u00e5rreisende mye, men ikke oppsiktsvekkende p\u00e5 noe vis.\u00a0<\/p>\n<p>                <img decoding=\"async\" src=\"https:\/\/www.europesays.com\/no\/wp-content\/uploads\/2025\/11\/264673.webp\" width=\"480\" height=\"274\" title=\"BEDRE: En EV9 som denne \u2013 med 124 f\u00e6rre hestekrefter og litt mindre sportslige ambisjoner \u2013 er et bedre kj\u00f8p etter Motors mening.\" alt=\"\" loading=\"lazy\" style=\"\"\/><\/p>\n<p>\n            BEDRE: En EV9 som denne \u2013 med 124 f\u00e6rre hestekrefter og litt mindre sportslige ambisjoner \u2013 er et bedre kj\u00f8p etter Motors mening.<br \/>\n            Foto: SIV SEGLEM\n        <\/p>\n<p>Ikke luftfj\u00e6ring<\/p>\n<p>Jevnstore sekssetere som Volvo EX90 Performance og Nio EL8 har for eksempel henholdsvis 680 og 653 hester. Disse har ogs\u00e5 luftfj\u00e6ring, som gir enda mer spesifikke innstillingsmuligheter av kj\u00f8reoppsett.\u00a0<\/p>\n<p>Vi tviler p\u00e5 de om de g\u00e5r raskere rundt en lukket bane enn EV9. Vi er derimot ganske sikre p\u00e5 at sv\u00e6rt f\u00e5 som kj\u00f8per bil i denne klassen, er opptatt av akkurat denne problemstillingen.<\/p>\n<p>            Her er bilene vi har testet:<\/p>\n<p>Litt mer komfort<\/p>\n<p class=\"font-weight-bold m-font-weight-bold\" data-lab-font_weight=\"font-weight-bold\">Derfor er v\u00e5r konklusjon denne: Kia EV9 vil for mange v\u00e6re det beste kj\u00f8pet i denne klassen. Men ikke n\u00f8dvendigvis GT-versjonen vi tester her.\u00a0<\/p>\n<p>Vi ville nok droppet de 124 hestene, de litt kvassere svingegenskapene og den kunstige girkassa, og spart over 100.000 p\u00e5 \u00e5 kj\u00f8pe en fullutrustet versjon (GT-line) \u2013 eller kanskje over 200.000 p\u00e5 \u00e5 kj\u00f8pe en nesten fullutrustet versjon (exclusive) \u2013 med litt mer komfort og litt mindre sport.\u00a0<\/p>\n<p>            Har du lest disse sakene?<\/p>\n","protected":false},"excerpt":{"rendered":"SPYDSPISS: GT-utgaven av EV9 er det ypperste Kia kan tilby norske storfamilier. Foto: \u00d8IVIND A. MONN-IVERSEN Pr\u00f8vekj\u00f8rt: Kia&hellip;\n","protected":false},"author":2,"featured_media":88170,"comment_status":"","ping_status":"","sticky":false,"template":"","format":"standard","meta":{"footnotes":""},"categories":[56],"tags":[60,61,62,30,28,29],"class_list":{"0":"post-88169","1":"post","2":"type-post","3":"status-publish","4":"format-standard","5":"has-post-thumbnail","7":"category-naeringsliv","8":"tag-business","9":"tag-economy","10":"tag-naeringsliv","11":"tag-no","12":"tag-norge","13":"tag-norway"},"share_on_mastodon":{"url":"https:\/\/pubeurope.com\/@no\/115555636889521563","error":""},"_links":{"self":[{"href":"https:\/\/www.europesays.com\/no\/wp-json\/wp\/v2\/posts\/88169","targetHints":{"allow":["GET"]}}],"collection":[{"href":"https:\/\/www.europesays.com\/no\/wp-json\/wp\/v2\/posts"}],"about":[{"href":"https:\/\/www.europesays.com\/no\/wp-json\/wp\/v2\/types\/post"}],"author":[{"embeddable":true,"href":"https:\/\/www.europesays.com\/no\/wp-json\/wp\/v2\/users\/2"}],"replies":[{"embeddable":true,"href":"https:\/\/www.europesays.com\/no\/wp-json\/wp\/v2\/comments?post=88169"}],"version-history":[{"count":0,"href":"https:\/\/www.europesays.com\/no\/wp-json\/wp\/v2\/posts\/88169\/revisions"}],"wp:featuredmedia":[{"embeddable":true,"href":"https:\/\/www.europesays.com\/no\/wp-json\/wp\/v2\/media\/88170"}],"wp:attachment":[{"href":"https:\/\/www.europesays.com\/no\/wp-json\/wp\/v2\/media?parent=88169"}],"wp:term":[{"taxonomy":"category","embeddable":true,"href":"https:\/\/www.europesays.com\/no\/wp-json\/wp\/v2\/categories?post=88169"},{"taxonomy":"post_tag","embeddable":true,"href":"https:\/\/www.europesays.com\/no\/wp-json\/wp\/v2\/tags?post=88169"}],"curies":[{"name":"wp","href":"https:\/\/api.w.org\/{rel}","templated":true}]}}