{"id":88190,"date":"2025-11-15T21:10:17","date_gmt":"2025-11-15T21:10:17","guid":{"rendered":"https:\/\/www.europesays.com\/no\/88190\/"},"modified":"2025-11-15T21:10:17","modified_gmt":"2025-11-15T21:10:17","slug":"biden-bremset-nato-drommen-for-sverige-og-finland","status":"publish","type":"post","link":"https:\/\/www.europesays.com\/no\/88190\/","title":{"rendered":"Biden bremset Nato-dr\u00f8mmen for Sverige og Finland"},"content":{"rendered":"<p>    Joe Biden og USA mente det gikk litt raskt i svingene da Sverige og Finland gikk for Nato-medlemskap, heter det i ny bok.<\/p>\n<p>\n        Finlands dav\u00e6rende president Sauli Niinist\u00f6, USAs dav\u00e6rende president Joe Biden og Sveriges dav\u00e6rende statsminister Magdalena Andersson avbildet ved Det hvite hus i Washington D.C. i mai 2022, f\u00e5 m\u00e5neder etter at Ukraina-krigen startet.<br \/>\n        Foto: Mandel Ngan \/ AFP \/ NTB\n    <\/p>\n<p class=\"kicker t30 tertiary color_mobile_tertiary\" style=\"\">Verden<\/p>\n<p>B\u00e5de Finland og Sverige gikk for Nato-medlemskap etter at<br \/>\nRussland og Vladimir Putin gikk til fullskala invasjon av nabolandet Ukraina i<br \/>\nfebruar 2022. <\/p>\n<p>Men USAs dav\u00e6rende president Joe Biden \u00f8nsket \u00e5 bremse<br \/>\nforhandlingene om finsk og svensk medlemskap, skriver Sveriges tidligere<br \/>\nstatsminister Magdalena Andersson i boken \u00abHelhj\u00e4rtat\u00bb.<\/p>\n<p>USA ba om lav profil<\/p>\n<p>\u00abHold igjen\u00bb, skal han ha sagt til den dav\u00e6rende finske<br \/>\npresidenten Sauli Niinist\u00f6.<\/p>\n<p>\u2013 Jeg har ikke snakket om dette f\u00f8r. Biden \u00f8nsket \u00e5 bremse<br \/>\ndiskusjonene fordi de (USA) syntes det var vanskelig \u00e5 vurdere situasjonen,<br \/>\nsier Andersson til <a href=\"https:\/\/www.svt.se\/nyheter\/inrikes\/magdalena-andersson-biden-ville-bromsa-natoforhandlingarna\" target=\"_blank\" rel=\"nofollow noopener\">SVT<\/a>. Ogs\u00e5 den finske kringkasteren <a href=\"https:\/\/yle.fi\/a\/7-10088081\" target=\"_blank\" rel=\"nofollow noopener\">Yle<\/a> har omtalt saken.<\/p>\n<p>                <img decoding=\"async\" src=\"https:\/\/www.europesays.com\/no\/wp-content\/uploads\/2025\/11\/10058538.webp\" width=\"480\" height=\"274\" title=\"B\u00e5de det svenske og det finske flagget vaier n\u00e5 i vinden utenfor Natos hovedkvarter i Brussel.\" alt=\"\" loading=\"lazy\" style=\"\"\/><\/p>\n<p>\n            B\u00e5de det svenske og det finske flagget vaier n\u00e5 i vinden utenfor Natos hovedkvarter i Brussel.<br \/>\n            Foto: J\u00f8rn H. Skj\u00e6rpe\n        <\/p>\n<p>If\u00f8lge Andersson gjorde dette at hun innledningsvis framsto \u00abforsiktig\u00bb.<\/p>\n<p>\u2013 Det var et klart signal fra USA om \u00e5 holde en lav profil i<br \/>\ndisse diskusjonene.<\/p>\n<p>Andersson legger til at hun ikke forventer noen store<br \/>\nreaksjoner p\u00e5 Biden-utspillet i boken.<\/p>\n<p>Finland ble Nato-medlem 4. april 2023. Svenskene fulgte<br \/>\netter 7. mars 2024.<\/p>\n<p>Putins krig ble en vekker<\/p>\n<p>Finnenes tidligere president Sauli Niinist\u00f6 <a href=\"https:\/\/www.dagsavisen.no\/nyheter\/niinisto-om-donald-trump-og-nato-en-risiko-for-europa\/5664533\" target=\"_blank\" rel=\"nofollow noopener\">har tidligere snakket med Dagsavisen<\/a> om at noe skjedde, b\u00e5de i Finland og i andre land, da Russland gikk til krig mot Ukraina.<\/p>\n<p>                <img decoding=\"async\" src=\"https:\/\/www.europesays.com\/no\/wp-content\/uploads\/2025\/11\/10058513.webp\" width=\"480\" height=\"274\" title=\"Russland og president Vladimir Putin gikk til fullskala krig mot naboen Ukraina i 2022. Det fikk Finland og Sverige til \u00e5 reagere raskt.\" alt=\"\" loading=\"lazy\" style=\"\"\/><\/p>\n<p>\n            Russland og president Vladimir Putin gikk til fullskala krig mot naboen Ukraina i 2022. Det fikk Finland og Sverige til \u00e5 reagere raskt.<br \/>\n            Foto: Gavriil Grigorov \/ Sputnik \/ Reuters \/ NTB\n        <\/p>\n<p> \u2013 S\u00e6rlig etter at den kalde krigen tok slutt p\u00e5 1990-tallet, begynte europeerne p\u00e5 en eller annen m\u00e5te \u00e5 tro at sikkerhet og fred er en selvf\u00f8lge \u2013 noe \u00e0 la at \u00abvi ikke trenger \u00e5 bruke tid p\u00e5 disse sp\u00f8rsm\u00e5lene mer\u00bb. Du kan for eksempel se p\u00e5 opprustingsstatistikken, og du vil se en kraftig reduksjon i de europeiske landene de siste 30 \u00e5rene eller s\u00e5, sa han i et intervju med Dagsavisen f\u00f8r jul i fjor. <\/p>\n<p>Men Ukraina-krigen endret bildet.<\/p>\n<p>\u2013 Jeg tror krigen var en vekker for mange, og jeg tror de fleste i Europa har v\u00e5knet opp. Folk kan n\u00e5 se at sikkerhet og fred ikke er noen selvf\u00f8lge. Slett ikke. Det m\u00e5 vi huske p\u00e5, sa finnen.<\/p>\n<p class=\"italic m-italic\" data-lab-italic=\"italic\">F\u00e5 nyhetsbrev fra Dagsavisen. Meld deg p\u00e5\u00a0<a href=\"https:\/\/www.dagsavisen.no\/om-dagsavisen\/2023\/12\/20\/fa-daglig-nyhetsbrev\/\" rel=\"nofollow noopener\" target=\"_blank\">her<\/a>!<\/p>\n<p>        <a itemprop=\"url\" class=\"\" href=\"https:\/\/www.dagsavisen.no\/nyheter\/jack-gar-i-jfks-fotspor-et-navn-som-apner-dorer\/10055677\" data-k5a-url=\"https:\/\/www.dagsavisen.no\/a\/10055677\" rel=\"nofollow noopener\" target=\"_blank\"><\/p>\n<p>            \u00abJack\u00bb g\u00e5r i JFKs fotspor: \u2013 Et navn som \u00e5pner d\u00f8rer<\/p>\n<p>        <\/a><\/p>\n","protected":false},"excerpt":{"rendered":"Joe Biden og USA mente det gikk litt raskt i svingene da Sverige og Finland gikk for Nato-medlemskap,&hellip;\n","protected":false},"author":2,"featured_media":88191,"comment_status":"","ping_status":"","sticky":false,"template":"","format":"standard","meta":{"footnotes":""},"categories":[12],"tags":[20,21,24,25,15,22,23,13,30,28,29,14,16,26,27,42,43,44,45],"class_list":{"0":"post-88190","1":"post","2":"type-post","3":"status-publish","4":"format-standard","5":"has-post-thumbnail","7":"category-verden","8":"tag-breaking-news","9":"tag-breakingnews","10":"tag-featured-news","11":"tag-featurednews","12":"tag-headlines","13":"tag-latest-news","14":"tag-latestnews","15":"tag-news","16":"tag-no","17":"tag-norge","18":"tag-norway","19":"tag-nyheter","20":"tag-overskrifter","21":"tag-top-stories","22":"tag-topstories","23":"tag-verden","24":"tag-world","25":"tag-world-news","26":"tag-worldnews"},"share_on_mastodon":{"url":"https:\/\/pubeurope.com\/@no\/115555770280587180","error":""},"_links":{"self":[{"href":"https:\/\/www.europesays.com\/no\/wp-json\/wp\/v2\/posts\/88190","targetHints":{"allow":["GET"]}}],"collection":[{"href":"https:\/\/www.europesays.com\/no\/wp-json\/wp\/v2\/posts"}],"about":[{"href":"https:\/\/www.europesays.com\/no\/wp-json\/wp\/v2\/types\/post"}],"author":[{"embeddable":true,"href":"https:\/\/www.europesays.com\/no\/wp-json\/wp\/v2\/users\/2"}],"replies":[{"embeddable":true,"href":"https:\/\/www.europesays.com\/no\/wp-json\/wp\/v2\/comments?post=88190"}],"version-history":[{"count":0,"href":"https:\/\/www.europesays.com\/no\/wp-json\/wp\/v2\/posts\/88190\/revisions"}],"wp:featuredmedia":[{"embeddable":true,"href":"https:\/\/www.europesays.com\/no\/wp-json\/wp\/v2\/media\/88191"}],"wp:attachment":[{"href":"https:\/\/www.europesays.com\/no\/wp-json\/wp\/v2\/media?parent=88190"}],"wp:term":[{"taxonomy":"category","embeddable":true,"href":"https:\/\/www.europesays.com\/no\/wp-json\/wp\/v2\/categories?post=88190"},{"taxonomy":"post_tag","embeddable":true,"href":"https:\/\/www.europesays.com\/no\/wp-json\/wp\/v2\/tags?post=88190"}],"curies":[{"name":"wp","href":"https:\/\/api.w.org\/{rel}","templated":true}]}}