{"id":88200,"date":"2025-11-15T21:23:09","date_gmt":"2025-11-15T21:23:09","guid":{"rendered":"https:\/\/www.europesays.com\/no\/88200\/"},"modified":"2025-11-15T21:23:09","modified_gmt":"2025-11-15T21:23:09","slug":"mann-skapte-stor-frykt-med-maskinpistol-fra-andre-verdenskrig","status":"publish","type":"post","link":"https:\/\/www.europesays.com\/no\/88200\/","title":{"rendered":"Mann skapte stor frykt med maskinpistol fra andre verdenskrig"},"content":{"rendered":"<p class=\"extendedContent hyperion-css-eyn926\" data-test-tag=\"lead-text\">Politiet m\u00e5tte true mannen med v\u00e5pen. Ingen er skadet.<\/p>\n<p>Publisert: 15.11.2025 20:26 |\u00a0Oppdatert: 15.11.2025 20:47<\/p>\n<p class=\"paywall hyperion-css-1j42uic\">En mann i 20-\u00e5rene skal ha klatret opp p\u00e5 en bil og lagt seg i anleggsstilling p\u00e5 Bj\u00f8rnsletta i bydel Ullern i Oslo l\u00f8rdag kveld. I hendene skal han ha hatt en maskinpistol av typen sten gunsten gunStengun (eller sten gun, sten-gun) er en britisk maskinpistol fra andre verdenskrig med kaliber p\u00e5 9 millimeter, if\u00f8lge Store norske leksikon.. Fra bilen siktet han mot et hus og ropte diverse utsagn til personer i omr\u00e5det, if\u00f8lge politiet i Oslo. <\/p>\n<p class=\"paywall hyperion-css-1j42uic\">Det er ikke avklart om v\u00e5penet er funksjonsdyktig, opplyser operasjonsleder Gabriel Langfeldt.<\/p>\n<p><img decoding=\"async\" class=\"image-asset hyperion-css-u06ts1\" data-test-tag=\"image-asset\" src=\"https:\/\/www.europesays.com\/no\/wp-content\/uploads\/2025\/11\/c76ec5a3-724b-4eae-95f2-4179c9401307\"  alt=\"Sten gun, her avbildet i april 1943, er en britisk maskinpistol fra Storbritannia som ble produsert under andre verdenskrig for  \u00e5 m\u00f8te mangelen p\u00e5 kortholds automatv\u00e5pen.\"  loading=\"eager\" fetchpriority=\"high\" style=\"aspect-ratio:2048 \/ 1491\"\/>Sten gun, her avbildet i april 1943, er en britisk maskinpistol fra Storbritannia som ble produsert under andre verdenskrig for  \u00e5 m\u00f8te mangelen p\u00e5 kortholds automatv\u00e5pen. Foto: Carl Nesensohn \/ Ap<\/p>\n<p class=\"paywall hyperion-css-1j42uic\">Politiet fikk f\u00f8rst melding om en mann som gikk gatelangs i et boligomr\u00e5de med et synlig v\u00e5pen. <\/p>\n<p class=\"paywall hyperion-css-1j42uic\">Han forteller at mannen ble truet med v\u00e5pen av politiet da han ble tatt kontroll p\u00e5, fordi han hadde et synlig v\u00e5pen p\u00e5 offentlig sted. Han skriver at da politiet kom til stedet, s\u00e5 fikk de kontroll p\u00e5 mannen uten dramatikk.<\/p>\n<p class=\"paywall hyperion-css-1j42uic\">\u2013 Vi snakker n\u00e5 med mistenkte for \u00e5 avklare hans intensjon.<\/p>\n<p class=\"paywall hyperion-css-1j42uic\">Bj\u00f8rnsletta ligger i bydel Ullern p\u00e5 vestkanten i Oslo, like ved kommunegrensen mot B\u00e6rum. <\/p>\n<p class=\"paywall hyperion-css-1j42uic\"><strong>Mannen i 20-\u00e5rene er p\u00e5grepet og fraktet til arresten. Langfeldt legger til at dette har skapt stor frykt blant de som bor i omr\u00e5det.<\/strong><\/p>\n<p class=\"paywall hyperion-css-1j42uic\">\u2013 Vi ivaretar de personene som har v\u00e6rt utsatt for dette, skriver Langfeldt i politiets operasjonslogg.<\/p>\n","protected":false},"excerpt":{"rendered":"Politiet m\u00e5tte true mannen med v\u00e5pen. Ingen er skadet. Publisert: 15.11.2025 20:26 |\u00a0Oppdatert: 15.11.2025 20:47 En mann i&hellip;\n","protected":false},"author":2,"featured_media":88201,"comment_status":"","ping_status":"","sticky":false,"template":"","format":"standard","meta":{"footnotes":""},"categories":[5],"tags":[20,21,24,25,15,19,22,23,17,18,13,30,28,29,14,16,26,27],"class_list":{"0":"post-88200","1":"post","2":"type-post","3":"status-publish","4":"format-standard","5":"has-post-thumbnail","7":"category-overskrifter","8":"tag-breaking-news","9":"tag-breakingnews","10":"tag-featured-news","11":"tag-featurednews","12":"tag-headlines","13":"tag-hovedoppslag","14":"tag-latest-news","15":"tag-latestnews","16":"tag-main-news","17":"tag-mainnews","18":"tag-news","19":"tag-no","20":"tag-norge","21":"tag-norway","22":"tag-nyheter","23":"tag-overskrifter","24":"tag-top-stories","25":"tag-topstories"},"share_on_mastodon":{"url":"https:\/\/pubeurope.com\/@no\/115555821383782979","error":""},"_links":{"self":[{"href":"https:\/\/www.europesays.com\/no\/wp-json\/wp\/v2\/posts\/88200","targetHints":{"allow":["GET"]}}],"collection":[{"href":"https:\/\/www.europesays.com\/no\/wp-json\/wp\/v2\/posts"}],"about":[{"href":"https:\/\/www.europesays.com\/no\/wp-json\/wp\/v2\/types\/post"}],"author":[{"embeddable":true,"href":"https:\/\/www.europesays.com\/no\/wp-json\/wp\/v2\/users\/2"}],"replies":[{"embeddable":true,"href":"https:\/\/www.europesays.com\/no\/wp-json\/wp\/v2\/comments?post=88200"}],"version-history":[{"count":0,"href":"https:\/\/www.europesays.com\/no\/wp-json\/wp\/v2\/posts\/88200\/revisions"}],"wp:featuredmedia":[{"embeddable":true,"href":"https:\/\/www.europesays.com\/no\/wp-json\/wp\/v2\/media\/88201"}],"wp:attachment":[{"href":"https:\/\/www.europesays.com\/no\/wp-json\/wp\/v2\/media?parent=88200"}],"wp:term":[{"taxonomy":"category","embeddable":true,"href":"https:\/\/www.europesays.com\/no\/wp-json\/wp\/v2\/categories?post=88200"},{"taxonomy":"post_tag","embeddable":true,"href":"https:\/\/www.europesays.com\/no\/wp-json\/wp\/v2\/tags?post=88200"}],"curies":[{"name":"wp","href":"https:\/\/api.w.org\/{rel}","templated":true}]}}