{"id":88204,"date":"2025-11-15T21:29:11","date_gmt":"2025-11-15T21:29:11","guid":{"rendered":"https:\/\/www.europesays.com\/no\/88204\/"},"modified":"2025-11-15T21:29:11","modified_gmt":"2025-11-15T21:29:11","slug":"politilogg-utforkjoring-bil-kjorte-av-veien-og-snurret-rundt-avisen-agder","status":"publish","type":"post","link":"https:\/\/www.europesays.com\/no\/88204\/","title":{"rendered":"Politilogg, Utforkj\u00f8ring | Bil kj\u00f8rte av veien og snurret rundt &#8211; Avisen Agder"},"content":{"rendered":"<ol>\n<li><a href=\"https:\/\/news.google.com\/rss\/articles\/CBMibkFVX3lxTE9qQU1QUkZrWDZsTFUyd056XzZBZXRqRHhSc3MtNkRPZHkxR0FSMjVBNGZsQ1J3d0F2emw1aUdMQ3pBZ0NlTjRwdEs4WURtNlRZS0ppbF9VSkZzMnpzUXpQQVNBbjNxYXZtUjFCTGR3?oc=5\" target=\"_blank\" rel=\"nofollow noopener\">Politilogg, Utforkj\u00f8ring | Bil kj\u00f8rte av veien og snurret rundt<\/a>&nbsp;&nbsp;Avisen Agder<\/li>\n<li><a href=\"https:\/\/news.google.com\/rss\/articles\/CBMid0FVX3lxTFBjSFVrcTk1eUxsR2RTVmNmenlDYW1KVTRsbEV0UVVfaXZ6ZGVlMkhxQ3BQSUdCcGNrU2dnR3RNaTRyVTJtQ2E2el9zek53aW90dklvc2FLRVc0OTluaENXR0VhaVlyaFhVN0s4V1gtQzVMSkplWU13?oc=5\" target=\"_blank\" rel=\"nofollow noopener\">Kj\u00f8rt til sykehus etter utforkj\u00f8ring<\/a>&nbsp;&nbsp;lister24.no<\/li>\n<li><a href=\"https:\/\/news.google.com\/rss\/articles\/CBMicEFVX3lxTE1TT2dkdENrdVU4X3cxYldabE8tZkJuY1RJekdNX3FubVJEV09kYWlQTHhFZW5Jb1FkSHZPNDFxSWVyVjE4TlBweTRaVkdaU2NNUUtZWHpaSzh1eXU0ZEdpNm1ETDNwODB3eXNGS2VUZGU?oc=5\" target=\"_blank\" rel=\"nofollow noopener\">Kv\u00e5s | Bil kj\u00f8rte av veien og snurret rundt<\/a>&nbsp;&nbsp;Lyngdals Avis<\/li>\n<li><a href=\"https:\/\/news.google.com\/rss\/articles\/CBMifkFVX3lxTFBaeHludFBJcExhbzlfS0JEWl9fX21uaTZCTXhtYVJUVUtSZVVzQ0luYnZIQlR1ZDhFQkVIM25IU3JMVTBxNFVIMlU2cUlXMlprYy03WjdVVmV3RVVDN2lnTDU0TkFpM0tySnlfSGEzQVlTbE9hYVk5bThja3BuZw?oc=5\" target=\"_blank\" rel=\"nofollow noopener\">(+) Hentet av ambulanse etter ulykke<\/a>&nbsp;&nbsp;fvn.no<\/li>\n<li><a href=\"https:\/\/news.google.com\/rss\/articles\/CBMieEFVX3lxTE53akhQcUkyNWlEZlZSMEdkZjdIOEU2VkN2Q2lZQXNUV3pIUWxSaDlwNFNJdUYwU1BybExpSlh2bHYxb2N2WTJhU29KQmNSb2t0b3hpaGk1MjhzYVY5bXJ3YjRoNGQyejBFSnRobFV2UGxyYnFzT0dJZA?oc=5\" target=\"_blank\" rel=\"nofollow noopener\">Trafikk, Lyngdal | Bil med fire personer kj\u00f8rte av veien: \u00c9n skadet<\/a>&nbsp;&nbsp;Avisen Agder<\/li>\n<\/ol>\n","protected":false},"excerpt":{"rendered":"Politilogg, Utforkj\u00f8ring | Bil kj\u00f8rte av veien og snurret rundt&nbsp;&nbsp;Avisen Agder Kj\u00f8rt til sykehus etter utforkj\u00f8ring&nbsp;&nbsp;lister24.no Kv\u00e5s |&hellip;\n","protected":false},"author":2,"featured_media":88205,"comment_status":"","ping_status":"","sticky":false,"template":"","format":"standard","meta":{"footnotes":""},"categories":[10],"tags":[20,21,24,25,15,22,23,13,30,28,29,14,16,26,27],"class_list":{"0":"post-88204","1":"post","2":"type-post","3":"status-publish","4":"format-standard","5":"has-post-thumbnail","7":"category-norge","8":"tag-breaking-news","9":"tag-breakingnews","10":"tag-featured-news","11":"tag-featurednews","12":"tag-headlines","13":"tag-latest-news","14":"tag-latestnews","15":"tag-news","16":"tag-no","17":"tag-norge","18":"tag-norway","19":"tag-nyheter","20":"tag-overskrifter","21":"tag-top-stories","22":"tag-topstories"},"share_on_mastodon":{"url":"https:\/\/pubeurope.com\/@no\/115555845162671939","error":""},"_links":{"self":[{"href":"https:\/\/www.europesays.com\/no\/wp-json\/wp\/v2\/posts\/88204","targetHints":{"allow":["GET"]}}],"collection":[{"href":"https:\/\/www.europesays.com\/no\/wp-json\/wp\/v2\/posts"}],"about":[{"href":"https:\/\/www.europesays.com\/no\/wp-json\/wp\/v2\/types\/post"}],"author":[{"embeddable":true,"href":"https:\/\/www.europesays.com\/no\/wp-json\/wp\/v2\/users\/2"}],"replies":[{"embeddable":true,"href":"https:\/\/www.europesays.com\/no\/wp-json\/wp\/v2\/comments?post=88204"}],"version-history":[{"count":0,"href":"https:\/\/www.europesays.com\/no\/wp-json\/wp\/v2\/posts\/88204\/revisions"}],"wp:featuredmedia":[{"embeddable":true,"href":"https:\/\/www.europesays.com\/no\/wp-json\/wp\/v2\/media\/88205"}],"wp:attachment":[{"href":"https:\/\/www.europesays.com\/no\/wp-json\/wp\/v2\/media?parent=88204"}],"wp:term":[{"taxonomy":"category","embeddable":true,"href":"https:\/\/www.europesays.com\/no\/wp-json\/wp\/v2\/categories?post=88204"},{"taxonomy":"post_tag","embeddable":true,"href":"https:\/\/www.europesays.com\/no\/wp-json\/wp\/v2\/tags?post=88204"}],"curies":[{"name":"wp","href":"https:\/\/api.w.org\/{rel}","templated":true}]}}