{"id":88212,"date":"2025-11-15T21:37:41","date_gmt":"2025-11-15T21:37:41","guid":{"rendered":"https:\/\/www.europesays.com\/no\/88212\/"},"modified":"2025-11-15T21:37:41","modified_gmt":"2025-11-15T21:37:41","slug":"viste-seg-frem-da-stjernene-sviktet","status":"publish","type":"post","link":"https:\/\/www.europesays.com\/no\/88212\/","title":{"rendered":"Viste seg frem da stjernene sviktet:"},"content":{"rendered":"<p class=\"no_italic m-no_italic\" data-lab-italic=\"\">Johan-Olav Sm\u00f8rdal Botn benyttet muligheten til \u00e5 vise seg frem i sesong\u00e5pningen p\u00e5 Geilo. St\u00e5rheim-karen skj\u00f8t fullt hus og holdt god fart i sporet. Det var oppskriften p\u00e5 seier i et sv\u00e6rt sterkt sprintfelt.<\/p>\n<p data-lab-font_weight=\"bold\" class=\"bold m-bold\">\u2013 Det er stort, sier Sm\u00f8rdal Botn til TV 2.<\/p>\n<p class=\"no_italic m-no_italic\" data-lab-italic=\"\">Dermed sikret 26-\u00e5ringen seg trolig en plass p\u00e5 laget til verdenscup-\u00e5pningen i \u00d8stersund.<\/p>\n<p class=\"no_italic m-no_italic bold m-bold\" data-lab-italic=\"\" data-lab-font_weight=\"bold\">\u2013 Det sto mellom himmel eller helvete for min del i dag. Himmelen er verdenscup og helvete er norgescup, sier vinneren.<\/p>\n<p>        <img class=\"image__img lazyload\" itemprop=\"image\" title=\"Foto: Geir Olsen \/ NTB\" alt=\"SEIERSGLIS: Sm\u00f8rdal Botn kunne smile bredt etter \u00e5 ha sl\u00e5tt konkurrentene. Foto: Geir Olsen \/ NTB\" width=\"978\" height=\"551\" bad-src=\"https:\/\/www.europesays.com\/no\/wp-content\/uploads\/2025\/11\/18292644.webp\" fetchpriority=\"auto\" \/><\/p>\n<p>      SEIERSGLIS: Sm\u00f8rdal Botn kunne smile bredt etter \u00e5 ha sl\u00e5tt konkurrentene.<br \/>\n         Foto: Geir Olsen \/ NTB<\/p>\n<p class=\"no_italic m-no_italic\" data-lab-italic=\"\">Isak Leknes Frey tok andreplassen, 4.2 sekunder bak lagkameraten. Frankrikes Eric Perrot ble nummer tre.<\/p>\n<p class=\"no_italic m-no_italic bold m-bold\" data-lab-italic=\"\" data-lab-font_weight=\"bold\">\u2013 Det var fantastisk skyting av b\u00e5de Botn og Frey under krevende forhold. Det hadde holdt til pallen i verdenscupen ogs\u00e5, sier TV 2-ekspert Ole Einar Bj\u00f8rndalen.<\/p>\n<p>Mye bom p\u00e5 stjernene<\/p>\n<p class=\"no_italic m-no_italic\" data-lab-italic=\"\">Vetle Sj\u00e5stad Christiansen \u00e5pnet bra p\u00e5 hjemmebane. Med fem treff p\u00e5 liggende og god fart i sporet var 33-\u00e5ringen i rute til en god plassering.<\/p>\n<p class=\"no_italic m-no_italic\" data-lab-italic=\"\">P\u00e5 st\u00e5ende gikk det galt med to bom under krevende forhold. Dermed var l\u00f8pet kj\u00f8rt for Geilo-karen med tanke p\u00e5 seierskampen. Det endte med fjerdeplass for Sj\u00e5stad Christiansen.<\/p>\n<p class=\"no_italic m-no_italic\" data-lab-italic=\"\">Sturla Holm L\u00e6greid havnet ogs\u00e5 bakp\u00e5 fra start med to bom p\u00e5 liggende. Stjernen havnet helt nede p\u00e5 17. plass.<\/p>\n<p>Johannes Dale-Skjevdal skj\u00f8t seg fullstendig bort med tre bom p\u00e5 st\u00e5ende. Han ble nummer 22.<\/p>\n","protected":false},"excerpt":{"rendered":"Johan-Olav Sm\u00f8rdal Botn benyttet muligheten til \u00e5 vise seg frem i sesong\u00e5pningen p\u00e5 Geilo. St\u00e5rheim-karen skj\u00f8t fullt hus&hellip;\n","protected":false},"author":2,"featured_media":88213,"comment_status":"","ping_status":"","sticky":false,"template":"","format":"standard","meta":{"footnotes":""},"categories":[5],"tags":[20,21,24,25,15,19,22,23,17,18,13,30,28,29,14,16,26,27],"class_list":{"0":"post-88212","1":"post","2":"type-post","3":"status-publish","4":"format-standard","5":"has-post-thumbnail","7":"category-overskrifter","8":"tag-breaking-news","9":"tag-breakingnews","10":"tag-featured-news","11":"tag-featurednews","12":"tag-headlines","13":"tag-hovedoppslag","14":"tag-latest-news","15":"tag-latestnews","16":"tag-main-news","17":"tag-mainnews","18":"tag-news","19":"tag-no","20":"tag-norge","21":"tag-norway","22":"tag-nyheter","23":"tag-overskrifter","24":"tag-top-stories","25":"tag-topstories"},"share_on_mastodon":{"url":"https:\/\/pubeurope.com\/@no\/115555876530413067","error":""},"_links":{"self":[{"href":"https:\/\/www.europesays.com\/no\/wp-json\/wp\/v2\/posts\/88212","targetHints":{"allow":["GET"]}}],"collection":[{"href":"https:\/\/www.europesays.com\/no\/wp-json\/wp\/v2\/posts"}],"about":[{"href":"https:\/\/www.europesays.com\/no\/wp-json\/wp\/v2\/types\/post"}],"author":[{"embeddable":true,"href":"https:\/\/www.europesays.com\/no\/wp-json\/wp\/v2\/users\/2"}],"replies":[{"embeddable":true,"href":"https:\/\/www.europesays.com\/no\/wp-json\/wp\/v2\/comments?post=88212"}],"version-history":[{"count":0,"href":"https:\/\/www.europesays.com\/no\/wp-json\/wp\/v2\/posts\/88212\/revisions"}],"wp:featuredmedia":[{"embeddable":true,"href":"https:\/\/www.europesays.com\/no\/wp-json\/wp\/v2\/media\/88213"}],"wp:attachment":[{"href":"https:\/\/www.europesays.com\/no\/wp-json\/wp\/v2\/media?parent=88212"}],"wp:term":[{"taxonomy":"category","embeddable":true,"href":"https:\/\/www.europesays.com\/no\/wp-json\/wp\/v2\/categories?post=88212"},{"taxonomy":"post_tag","embeddable":true,"href":"https:\/\/www.europesays.com\/no\/wp-json\/wp\/v2\/tags?post=88212"}],"curies":[{"name":"wp","href":"https:\/\/api.w.org\/{rel}","templated":true}]}}