{"id":88222,"date":"2025-11-15T21:50:08","date_gmt":"2025-11-15T21:50:08","guid":{"rendered":"https:\/\/www.europesays.com\/no\/88222\/"},"modified":"2025-11-15T21:50:08","modified_gmt":"2025-11-15T21:50:08","slug":"ung-mann-alvorlig-skadet-etter-voldshendelse-i-oslo-to-pagrepet-siste-nytt-nrk","status":"publish","type":"post","link":"https:\/\/www.europesays.com\/no\/88222\/","title":{"rendered":"Ung mann alvorlig skadet etter voldshendelse i Oslo \u2013 to p\u00e5grepet \u2013 Siste nytt \u2013\u00a0NRK"},"content":{"rendered":"<p>En mann i slutten av ten\u00e5rene er sendt til sykehus med alvorlige skader voldshendelse p\u00e5 Gr\u00f8nland i Oslo sentrum sent l\u00f8rdag kveld. Politiet opplyser at det trolig er snakk om en knivstikking.<\/p>\n<p>Operasjonsleder Gabriel Langfeldt melde klokka 22.08 at det ble utf\u00f8rt livreddende f\u00f8rstehjelp p\u00e5 stedet.<\/p>\n<p>F\u00e5 minutter senere opplyser han at to personer er p\u00e5grepet.<\/p>\n<p>Skadeomfanget er uavklart, men Langfeldt opplyser til NRK at forn\u00e6rmede er v\u00e5ken og bevisst.<\/p>\n<p>Politiet rykket ut til stedet etter melding om et slagsm\u00e5l mellom flere personer.<\/p>\n<p>\u2013 Det har v\u00e6rt en konflikt inne p\u00e5 et serveringssted. Konflikten ender p\u00e5 gateplan, hvor det blir et basketak. S\u00e5 er det da en person som blir knivstukket, sier operasjonslederen.<\/p>\n<p>Politiet har funnet en kniv som er tatt i beslag.<\/p>\n","protected":false},"excerpt":{"rendered":"En mann i slutten av ten\u00e5rene er sendt til sykehus med alvorlige skader voldshendelse p\u00e5 Gr\u00f8nland i Oslo&hellip;\n","protected":false},"author":2,"featured_media":88223,"comment_status":"","ping_status":"","sticky":false,"template":"","format":"standard","meta":{"footnotes":""},"categories":[10],"tags":[20,21,24,25,15,22,23,13,30,28,29,14,16,26,27],"class_list":{"0":"post-88222","1":"post","2":"type-post","3":"status-publish","4":"format-standard","5":"has-post-thumbnail","7":"category-norge","8":"tag-breaking-news","9":"tag-breakingnews","10":"tag-featured-news","11":"tag-featurednews","12":"tag-headlines","13":"tag-latest-news","14":"tag-latestnews","15":"tag-news","16":"tag-no","17":"tag-norge","18":"tag-norway","19":"tag-nyheter","20":"tag-overskrifter","21":"tag-top-stories","22":"tag-topstories"},"share_on_mastodon":{"url":"https:\/\/pubeurope.com\/@no\/115555927530838194","error":""},"_links":{"self":[{"href":"https:\/\/www.europesays.com\/no\/wp-json\/wp\/v2\/posts\/88222","targetHints":{"allow":["GET"]}}],"collection":[{"href":"https:\/\/www.europesays.com\/no\/wp-json\/wp\/v2\/posts"}],"about":[{"href":"https:\/\/www.europesays.com\/no\/wp-json\/wp\/v2\/types\/post"}],"author":[{"embeddable":true,"href":"https:\/\/www.europesays.com\/no\/wp-json\/wp\/v2\/users\/2"}],"replies":[{"embeddable":true,"href":"https:\/\/www.europesays.com\/no\/wp-json\/wp\/v2\/comments?post=88222"}],"version-history":[{"count":0,"href":"https:\/\/www.europesays.com\/no\/wp-json\/wp\/v2\/posts\/88222\/revisions"}],"wp:featuredmedia":[{"embeddable":true,"href":"https:\/\/www.europesays.com\/no\/wp-json\/wp\/v2\/media\/88223"}],"wp:attachment":[{"href":"https:\/\/www.europesays.com\/no\/wp-json\/wp\/v2\/media?parent=88222"}],"wp:term":[{"taxonomy":"category","embeddable":true,"href":"https:\/\/www.europesays.com\/no\/wp-json\/wp\/v2\/categories?post=88222"},{"taxonomy":"post_tag","embeddable":true,"href":"https:\/\/www.europesays.com\/no\/wp-json\/wp\/v2\/tags?post=88222"}],"curies":[{"name":"wp","href":"https:\/\/api.w.org\/{rel}","templated":true}]}}