{"id":88228,"date":"2025-11-15T22:05:13","date_gmt":"2025-11-15T22:05:13","guid":{"rendered":"https:\/\/www.europesays.com\/no\/88228\/"},"modified":"2025-11-15T22:05:13","modified_gmt":"2025-11-15T22:05:13","slug":"dansk-vm-smell-mot-belarus-og-sverige-tapte-stort-mot-sveits-i-vm-kvalifiseringen","status":"publish","type":"post","link":"https:\/\/www.europesays.com\/no\/88228\/","title":{"rendered":"Dansk VM-smell mot Belarus &#8211; og Sverige tapte stort mot Sveits i VM-kvalifiseringen"},"content":{"rendered":"\n<p class=\"_lead_o9xde_2 _lead_xtcu6_50 layout-component text-serif-m layout-normal text-serif-l layout-component layout-wide layout-padded _wide_17hqh_1 layout-padded\">Danmark skulle feire med festfotball i Parken \u2013 i stedet gikk de danske drenger p\u00e5 kjempesmell.<\/p>\n<p><img alt=\"Danmarks landslagssjef Brian Riemer Foto: Liselotte Sabroe \/ EPA \/ NTB\" class=\"_image_qp4xg_65 layout-component layout-wide\" data-fullscreen- data-track-element-type=\"Article image fullscreen\" data-track-name=\"ImageFullscreen\" fetchpriority=\"high\" decoding=\"sync\" loading=\"eager\" height=\"5474\" itemprop=\"image\"  src=\"https:\/\/www.europesays.com\/no\/wp-content\/uploads\/2025\/11\/26c1d23c-c6a7-44a3-8288-4314bf1b72d0\"  style=\"object-position:0% 0%\" width=\"8277\"\/>Danmarks landslagssjef Brian Riemer Foto: Liselotte Sabroe \/ EPA \/ NTB<\/p>\n<ul aria-hidden=\"true\" class=\"_images_18f0k_111\">\n<li><a class=\"_link_18f0k_116\" href=\"https:\/\/www.vg.no\/forfatter\/andreas-hopen\" style=\"z-index:1\" title=\"Andreas Hopen\" rel=\"nofollow noopener\" target=\"_blank\"><img alt=\"Bilde av Andreas Hopen\" class=\"_image_18f0k_93\" fetchpriority=\"low\" loading=\"lazy\" decoding=\"async\" itemprop=\"image\"  src=\"https:\/\/www.europesays.com\/no\/wp-content\/uploads\/2025\/11\/1763244311_976_8d697287-ea03-4d54-ab67-6d65b82629eb\"  width=\"480\"\/><\/a><\/li>\n<\/ul>\n<p> Oppdatert l\u00f8rdag 15. november kl. 23:04    <\/p>\n<ul class=\"_list_o9xde_3 _list_64s2r_85 _unordered_o9xde_106 text-sans-m\">\n<li class=\"_item_o9xde_30\">Danmark kollapset mot Belarus i Parken, selv om de tok ledelsen tidlig.<\/li>\n<li class=\"_item_o9xde_30\">M\u00e5l fra Gromyko og Demchenko snudde kampen, men Isaksen sikret uavgjort.<\/li>\n<li class=\"_item_o9xde_30\">Danmark m\u00e5 n\u00e5 ta poeng mot Skottland for en direkte VM-plass.<\/li>\n<li class=\"_item_o9xde_30\">Sverige tapte mot Sveits og ligger sist i sin gruppe etter fem kamper.<\/li>\n<\/ul>\n<p>Vis mer <\/p>\n<p class=\"_paragraph_o9xde_4 _paragraph_xtcu6_10 layout-component text-serif-m layout-normal text-serif-m layout-padded\">Fotballminiput Belarus, som er rangert som nummer 103 i verden, skulle i utgangspunktet ikke v\u00e6re noe motstand for Danmark som med seier l\u00f8rdag langt p\u00e5 vei kunne innkassert VM-billetten. <\/p>\n<p class=\"_paragraph_o9xde_4 _paragraph_xtcu6_10 layout-component text-serif-m layout-normal text-serif-m layout-padded\">Mikkel Damsgaard ga hjemmepublikummet i K\u00f8benhavn en dr\u00f8mmestart da han sendte vertene i f\u00f8ringen etter elleve minutter.<\/p>\n<p class=\"_paragraph_o9xde_4 _paragraph_xtcu6_10 layout-component text-serif-m layout-normal text-serif-m layout-padded\">Samtidig kom nyheten om at gruppetoer Skottland l\u00e5 under mot Hellas \u2013 alt l\u00e5 til rette for en festaften i Parken.<\/p>\n<p class=\"_paragraph_o9xde_4 _paragraph_xtcu6_10 layout-component text-serif-m layout-normal text-serif-m layout-padded\">Men s\u00e5 snudde alt for de danske drenge. <\/p>\n<p class=\"_paragraph_o9xde_4 _paragraph_xtcu6_10 layout-component text-serif-m layout-normal text-serif-m layout-padded\">Valeri Gromyko utlignet etter en times spill f\u00f8r Nikita Demchenko snudde kampen for Belarus tre minutter senere.<\/p>\n<p><img alt=\"At Belarus ledet over Danmark ble ikke tatt lett p\u00e5 i dansk presse.  Foto: Faksimile Ekstra Bladet\" class=\"_image_qp4xg_65 layout-component layout-normal\" data-fullscreen- data-track-element-type=\"Article image fullscreen\" data-track-name=\"ImageFullscreen\" decoding=\"async\" loading=\"lazy\" height=\"1558\" itemprop=\"image\"  src=\"https:\/\/www.europesays.com\/no\/wp-content\/uploads\/2025\/11\/1f85e188-e39f-419d-a578-b9f14e76ca01\"  style=\"object-position:0% 0%\" width=\"2260\"\/>At Belarus ledet over Danmark ble ikke tatt lett p\u00e5 i dansk presse.  Foto: Faksimile Ekstra Bladet<\/p>\n<p class=\"_paragraph_o9xde_4 _paragraph_xtcu6_10 layout-component text-serif-m layout-normal text-serif-m layout-padded\">\u00abHva skjer her?! Katastrofe i Parken\u00bb, slo Ekstra Bladet fast.<\/p>\n<p class=\"_paragraph_o9xde_4 _paragraph_xtcu6_10 layout-component text-serif-m layout-normal text-serif-m layout-padded\">\u00abEn helt vanvittig utvikling er i gang i Parken\u00bb, skrev avisen i det Belarus tok ledelsen.<\/p>\n<p class=\"_paragraph_o9xde_4 _paragraph_xtcu6_10 layout-component text-serif-m layout-normal text-serif-m layout-padded\">Det endte derimot ikke helt bekm\u00f8rkt for danskene.<\/p>\n<p class=\"_paragraph_o9xde_4 _paragraph_xtcu6_10 layout-component text-serif-m layout-normal text-serif-m layout-padded\">Patrick Dorgu fant Gustav Isaksen inne i feltet ti minutter f\u00f8r slutt. Lazio-spilleren svarte med \u00e5 sende Parken til himmels da han sikret dansk poeng.<\/p>\n<p class=\"_paragraph_o9xde_4 _paragraph_xtcu6_10 layout-component text-serif-m layout-normal text-serif-m layout-padded\">Poengtapet s\u00f8rger for at tirsdagens kamp mot Skottland blir h\u00f8ydramatisk. Skottland ligger ett poeng bak \u2013 f\u00f8r landene m\u00f8tes til en ren gruppefinale p\u00e5 Hampden Park tirsdag. Ved skotsk seier er de i VM \u2013 mens Danmark m\u00e5 via kvalik.<\/p>\n<p><img alt=\"Foto: Faksimile Ekstra Bladet\" class=\"_image_qp4xg_65 layout-component layout-normal\" data-fullscreen- data-track-element-type=\"Article image fullscreen\" data-track-name=\"ImageFullscreen\" decoding=\"async\" loading=\"lazy\" height=\"1538\" itemprop=\"image\"  src=\"https:\/\/www.europesays.com\/no\/wp-content\/uploads\/2025\/11\/014f5383-4edb-4555-9117-f05e264e80b0\"  style=\"object-position:0% 0%\" width=\"2228\"\/>Foto: Faksimile Ekstra Bladet<\/p>\n<p class=\"_paragraph_o9xde_4 _paragraph_xtcu6_10 layout-component text-serif-m layout-normal text-serif-m layout-padded\">Selv etter poeng var det ikke god stemning p\u00e5 fronten av Ekstra Bladet som omtalte kampen som \u00abDansk kollaps\u00bb.<\/p>\n<p> Ny svensk smell \u2013 tapte mot Sveits<img alt=\"Emil Holm gremmes underveis i oppgj\u00f8ret mot Sveits.  Foto: CYRIL ZINGARO \/ EPA \/ NTB\" class=\"_image_qp4xg_65 layout-component layout-normal\" data-fullscreen- data-track-element-type=\"Article image fullscreen\" data-track-name=\"ImageFullscreen\" decoding=\"async\" loading=\"lazy\" height=\"1594\" itemprop=\"image\"  src=\"https:\/\/www.europesays.com\/no\/wp-content\/uploads\/2025\/11\/218fa978-9068-4fc8-b5fd-5fe116a38955\"  style=\"object-position:0% 0%\" width=\"2326\"\/>Emil Holm gremmes underveis i oppgj\u00f8ret mot Sveits.  Foto: CYRIL ZINGARO \/ EPA \/ NTB<\/p>\n<p class=\"_paragraph_o9xde_4 _paragraph_xtcu6_10 layout-component text-serif-m layout-normal text-serif-m layout-padded\">Etter ett poeng p\u00e5 tre kamper i VM-kvalifiseringen fikk Jon Dahl Tomasson sparken som svensk landslagssjef i oktober. <\/p>\n<p class=\"_paragraph_o9xde_4 _paragraph_xtcu6_10 layout-component text-serif-m layout-normal text-serif-m layout-padded\">Det ble derimot ingen umiddelbar suksess med tidligere Chelsea-manager Graham Potter som landslagssjef.<\/p>\n<p class=\"_paragraph_o9xde_4 _paragraph_xtcu6_10 layout-component text-serif-m layout-normal text-serif-m layout-padded\">Breel Embolo sendte Sveits i ledelsen f\u00f8r et kvarter var spilt, f\u00f8r Benjamin Nygren skapte svensk h\u00e5p etter halvtimen. Det h\u00e5pet ble derimot effektivt tatt livet av da Granit Xhaka sendte Sveits i ledelsen fra straffemerket. <\/p>\n<p class=\"_paragraph_o9xde_4 _paragraph_xtcu6_10 layout-component text-serif-m layout-normal text-serif-m layout-padded\">Et kvarter f\u00f8r slutt ble Dan Ndoye spilt gjennom og Forest-spilleren var sikker alene med Viktor Johansson, og tre minutter p\u00e5 overtid ble vondt til verre. Johan Manzambi dro seg inn i feltet f\u00f8r han kontant sikret trem\u00e5lsseier til sveitserne.<\/p>\n<p class=\"_paragraph_o9xde_4 _paragraph_xtcu6_10 layout-component text-serif-m layout-normal text-serif-m layout-padded\">Sverige ligger sist i sin gruppe etter ett poeng p\u00e5 fem kamper og \u22128 i m\u00e5lforskjell.<\/p>\n","protected":false},"excerpt":{"rendered":"Danmark skulle feire med festfotball i Parken \u2013 i stedet gikk de danske drenger p\u00e5 kjempesmell. Danmarks landslagssjef&hellip;\n","protected":false},"author":2,"featured_media":88229,"comment_status":"","ping_status":"","sticky":false,"template":"","format":"standard","meta":{"footnotes":""},"categories":[59],"tags":[92,30,28,29,83,82,4167],"class_list":{"0":"post-88228","1":"post","2":"type-post","3":"status-publish","4":"format-standard","5":"has-post-thumbnail","7":"category-sport","8":"tag-fotball","9":"tag-no","10":"tag-norge","11":"tag-norway","12":"tag-sport","13":"tag-sports","14":"tag-vm-kvalifisering"},"share_on_mastodon":{"url":"https:\/\/pubeurope.com\/@no\/115555986846258186","error":""},"_links":{"self":[{"href":"https:\/\/www.europesays.com\/no\/wp-json\/wp\/v2\/posts\/88228","targetHints":{"allow":["GET"]}}],"collection":[{"href":"https:\/\/www.europesays.com\/no\/wp-json\/wp\/v2\/posts"}],"about":[{"href":"https:\/\/www.europesays.com\/no\/wp-json\/wp\/v2\/types\/post"}],"author":[{"embeddable":true,"href":"https:\/\/www.europesays.com\/no\/wp-json\/wp\/v2\/users\/2"}],"replies":[{"embeddable":true,"href":"https:\/\/www.europesays.com\/no\/wp-json\/wp\/v2\/comments?post=88228"}],"version-history":[{"count":0,"href":"https:\/\/www.europesays.com\/no\/wp-json\/wp\/v2\/posts\/88228\/revisions"}],"wp:featuredmedia":[{"embeddable":true,"href":"https:\/\/www.europesays.com\/no\/wp-json\/wp\/v2\/media\/88229"}],"wp:attachment":[{"href":"https:\/\/www.europesays.com\/no\/wp-json\/wp\/v2\/media?parent=88228"}],"wp:term":[{"taxonomy":"category","embeddable":true,"href":"https:\/\/www.europesays.com\/no\/wp-json\/wp\/v2\/categories?post=88228"},{"taxonomy":"post_tag","embeddable":true,"href":"https:\/\/www.europesays.com\/no\/wp-json\/wp\/v2\/tags?post=88228"}],"curies":[{"name":"wp","href":"https:\/\/api.w.org\/{rel}","templated":true}]}}