{"id":88234,"date":"2025-11-15T22:10:08","date_gmt":"2025-11-15T22:10:08","guid":{"rendered":"https:\/\/www.europesays.com\/no\/88234\/"},"modified":"2025-11-15T22:10:08","modified_gmt":"2025-11-15T22:10:08","slug":"skoyter-sportsvarsel-bjorn-magnussen-skrev-skoytehistorie-forste-nordmann-under-34-sekunder-pa-500-meter","status":"publish","type":"post","link":"https:\/\/www.europesays.com\/no\/88234\/","title":{"rendered":"Sk\u00f8yter, Sportsvarsel | Bj\u00f8rn Magnussen skrev sk\u00f8ytehistorie \u2013 f\u00f8rste nordmann under 34 sekunder p\u00e5 500 meter"},"content":{"rendered":"\n<p>Magnussen ble dermed f\u00f8rste nordmann til \u00e5 g\u00e5 sk\u00f8ytesportens Formel 1-distanse p\u00e5 under 34 sekunder.<\/p>\n<p>Den gamle norske rekorden hadde han selv sammen med H\u00e5vard Holmefjord Lorentzen. Den l\u00f8d p\u00e5 34,28. L\u00f8rdag kveld ble den knust i en knallsterkt l\u00f8p.<\/p>\n<p>\u2013 Yes! Den satt! Utbr\u00f8t Viaplay-ekspert og tidligere sk\u00f8ytel\u00f8per Ida Nj\u00e5tun da rekordl\u00f8pet var et faktum.<\/p>\n<p>\u2013 Han har tatt enorme steg, men har ikke f\u00e5tt det helt ut i l\u00f8p. N\u00e5 fikk han det virkelig til, la hun til. <\/p>\n<p>Magnussen gikk i par med amerikanske Cooper McLeod og slo makkeren klart.<\/p>\n<p>Den historiske tiden 33,99 holdt til en sterk femteplass p\u00e5 distansen.<\/p>\n<p>Den amerikanske forh\u00e5ndsfavoritten Jordan Stolz vant med 33,88. Deretter fulgte polske Damian Zurek (33,90) og kinesiske Tingyu Gao (33,93).<\/p>\n<p>(\u00a9NTB)<\/p>\n","protected":false},"excerpt":{"rendered":"Magnussen ble dermed f\u00f8rste nordmann til \u00e5 g\u00e5 sk\u00f8ytesportens Formel 1-distanse p\u00e5 under 34 sekunder. Den gamle norske&hellip;\n","protected":false},"author":2,"featured_media":88235,"comment_status":"","ping_status":"","sticky":false,"template":"","format":"standard","meta":{"footnotes":""},"categories":[12],"tags":[20,21,24,25,15,22,23,13,30,28,29,14,16,26,27,42,43,44,45],"class_list":{"0":"post-88234","1":"post","2":"type-post","3":"status-publish","4":"format-standard","5":"has-post-thumbnail","7":"category-verden","8":"tag-breaking-news","9":"tag-breakingnews","10":"tag-featured-news","11":"tag-featurednews","12":"tag-headlines","13":"tag-latest-news","14":"tag-latestnews","15":"tag-news","16":"tag-no","17":"tag-norge","18":"tag-norway","19":"tag-nyheter","20":"tag-overskrifter","21":"tag-top-stories","22":"tag-topstories","23":"tag-verden","24":"tag-world","25":"tag-world-news","26":"tag-worldnews"},"share_on_mastodon":{"url":"https:\/\/pubeurope.com\/@no\/115556006241771692","error":""},"_links":{"self":[{"href":"https:\/\/www.europesays.com\/no\/wp-json\/wp\/v2\/posts\/88234","targetHints":{"allow":["GET"]}}],"collection":[{"href":"https:\/\/www.europesays.com\/no\/wp-json\/wp\/v2\/posts"}],"about":[{"href":"https:\/\/www.europesays.com\/no\/wp-json\/wp\/v2\/types\/post"}],"author":[{"embeddable":true,"href":"https:\/\/www.europesays.com\/no\/wp-json\/wp\/v2\/users\/2"}],"replies":[{"embeddable":true,"href":"https:\/\/www.europesays.com\/no\/wp-json\/wp\/v2\/comments?post=88234"}],"version-history":[{"count":0,"href":"https:\/\/www.europesays.com\/no\/wp-json\/wp\/v2\/posts\/88234\/revisions"}],"wp:featuredmedia":[{"embeddable":true,"href":"https:\/\/www.europesays.com\/no\/wp-json\/wp\/v2\/media\/88235"}],"wp:attachment":[{"href":"https:\/\/www.europesays.com\/no\/wp-json\/wp\/v2\/media?parent=88234"}],"wp:term":[{"taxonomy":"category","embeddable":true,"href":"https:\/\/www.europesays.com\/no\/wp-json\/wp\/v2\/categories?post=88234"},{"taxonomy":"post_tag","embeddable":true,"href":"https:\/\/www.europesays.com\/no\/wp-json\/wp\/v2\/tags?post=88234"}],"curies":[{"name":"wp","href":"https:\/\/api.w.org\/{rel}","templated":true}]}}