{"id":88236,"date":"2025-11-15T22:11:09","date_gmt":"2025-11-15T22:11:09","guid":{"rendered":"https:\/\/www.europesays.com\/no\/88236\/"},"modified":"2025-11-15T22:11:09","modified_gmt":"2025-11-15T22:11:09","slug":"nyhet-svelvik-gutt-floyet-til-sykehus-etter-fallulykke","status":"publish","type":"post","link":"https:\/\/www.europesays.com\/no\/88236\/","title":{"rendered":"Nyhet, Svelvik | Gutt fl\u00f8yet til sykehus etter fallulykke"},"content":{"rendered":"\n<p><b>SVELVIK: <\/b>N\u00f8detatene har sent l\u00f8rdag kveld rykket ut til Svelvik etter \u00e5 ha f\u00e5tt melding om en fallulykke.<\/p>\n<p><b>If\u00f8lge politiet er en gutt alvorlig skadet.<\/b><\/p>\n<p>Vedkommende blir fl\u00f8yet til Ullev\u00e5l sykehus, melder politiets operasjonsleder \u00d8ystein Eikedalen klokka 22.20.<\/p>\n<p>Flere n\u00f8deateter har rykket ut til stedet. Politiet er p\u00e5 stedet med tre patruljer, i tillegg til at det er \u00e9n ambulanse igjen p\u00e5 stedet ved 22.40-tiden.<\/p>\n<p>De p\u00e5r\u00f8rende er varslet om ulykken.<\/p>\n<p>Saken oppdateres.<\/p>\n","protected":false},"excerpt":{"rendered":"SVELVIK: N\u00f8detatene har sent l\u00f8rdag kveld rykket ut til Svelvik etter \u00e5 ha f\u00e5tt melding om en fallulykke.&hellip;\n","protected":false},"author":2,"featured_media":88237,"comment_status":"","ping_status":"","sticky":false,"template":"","format":"standard","meta":{"footnotes":""},"categories":[10],"tags":[36,20,21,427,24,25,15,22,23,13,30,28,29,447,14,16,1510,1169,26,27],"class_list":{"0":"post-88236","1":"post","2":"type-post","3":"status-publish","4":"format-standard","5":"has-post-thumbnail","7":"category-norge","8":"tag-art","9":"tag-breaking-news","10":"tag-breakingnews","11":"tag-drammen","12":"tag-featured-news","13":"tag-featurednews","14":"tag-headlines","15":"tag-latest-news","16":"tag-latestnews","17":"tag-news","18":"tag-no","19":"tag-norge","20":"tag-norway","21":"tag-nyhet","22":"tag-nyheter","23":"tag-overskrifter","24":"tag-story","25":"tag-svelvik","26":"tag-top-stories","27":"tag-topstories"},"share_on_mastodon":{"url":"https:\/\/pubeurope.com\/@no\/115556010083919047","error":""},"_links":{"self":[{"href":"https:\/\/www.europesays.com\/no\/wp-json\/wp\/v2\/posts\/88236","targetHints":{"allow":["GET"]}}],"collection":[{"href":"https:\/\/www.europesays.com\/no\/wp-json\/wp\/v2\/posts"}],"about":[{"href":"https:\/\/www.europesays.com\/no\/wp-json\/wp\/v2\/types\/post"}],"author":[{"embeddable":true,"href":"https:\/\/www.europesays.com\/no\/wp-json\/wp\/v2\/users\/2"}],"replies":[{"embeddable":true,"href":"https:\/\/www.europesays.com\/no\/wp-json\/wp\/v2\/comments?post=88236"}],"version-history":[{"count":0,"href":"https:\/\/www.europesays.com\/no\/wp-json\/wp\/v2\/posts\/88236\/revisions"}],"wp:featuredmedia":[{"embeddable":true,"href":"https:\/\/www.europesays.com\/no\/wp-json\/wp\/v2\/media\/88237"}],"wp:attachment":[{"href":"https:\/\/www.europesays.com\/no\/wp-json\/wp\/v2\/media?parent=88236"}],"wp:term":[{"taxonomy":"category","embeddable":true,"href":"https:\/\/www.europesays.com\/no\/wp-json\/wp\/v2\/categories?post=88236"},{"taxonomy":"post_tag","embeddable":true,"href":"https:\/\/www.europesays.com\/no\/wp-json\/wp\/v2\/tags?post=88236"}],"curies":[{"name":"wp","href":"https:\/\/api.w.org\/{rel}","templated":true}]}}