{"id":88283,"date":"2025-11-16T00:15:44","date_gmt":"2025-11-16T00:15:44","guid":{"rendered":"https:\/\/www.europesays.com\/no\/88283\/"},"modified":"2025-11-16T00:15:44","modified_gmt":"2025-11-16T00:15:44","slug":"skuespiller-inger-teien-88-er-dod","status":"publish","type":"post","link":"https:\/\/www.europesays.com\/no\/88283\/","title":{"rendered":"Skuespiller Inger Teien (88) er d\u00f8d"},"content":{"rendered":"<p class=\"kicker \" style=\"\">Inger Teien:<\/p>\n<p>  Skuespiller Inger Teien er d\u00f8d. Hun ble 88 \u00e5r gammel.\u00a0<\/p>\n<p>\n    G\u00c5TT BORT: Inger Teien gikk bort l\u00f8rdag 15. november, 88 \u00e5r gammel. Foto: Vidar Ruud \/ NTB\n  <\/p>\n<p>Skuespiller Inger Teien er d\u00f8d. Hun ble 88 \u00e5r gammel. <a href=\"https:\/\/www.vg.no\/nyheter\/i\/XjGVVW\/skuespiller-inger-teien-er-doed\" rel=\"nofollow noopener\" target=\"_blank\">VG <\/a>omtalte saken f\u00f8rst.\u00a0<\/p>\n<p>&#8211; I dag, l\u00f8rdag 15. november, sovnet v\u00e5r elskede mor og farmor stille og fredelig inn. Hun var omringet av kj\u00e6rlighet og omsorg helt til det siste. Det er utrolig vondt at hun n\u00e5 er borte fra denne verden, men hun forblir likevel hos oss. Takk for alt, sier familien i en pressemelding.<\/p>\n<p>    <a itemprop=\"url\" href=\"https:\/\/www.seher.no\/kjendis\/wenche-myhre-i-dyp-sorg-mistet-broren\/83792274\" rel=\"nofollow noopener\" target=\"_blank\"><\/p>\n<p>      <img loading=\"lazy\" decoding=\"async\" src=\"https:\/\/www.europesays.com\/no\/wp-content\/uploads\/2025\/11\/83792283.webp\" width=\"147\" height=\"98\" title=\"Wenche Myhre i dyp sorg - mistet broren\" alt=\"\" class=\"lazyload\" style=\"--aspect-ratio-image: 1.50; \"\/><\/p>\n<p>        Wenche Myhre i dyp sorg &#8211; mistet broren<\/p>\n<p>    <\/a><\/p>\n<p class=\"font-weight-bold m-font-weight-bold\" data-lab-font_weight=\"font-weight-bold\">&#8211; Vi i familien setter stor pris p\u00e5 all kj\u00e6rlighet og omsorg i denne tunge stunden.<\/p>\n<p>        D\u00d8DE: Den tidligere programlederen Petter Nome d\u00f8de, 69 \u00e5r gammel. Nome d\u00f8de etter lengre tids kreftsykdom. Reporter: Christina H. Korneliussen<\/p>\n<p>Teien har hatt en rekke roller i film, teater og p\u00e5 TV gjennom mange \u00e5r. Hun er blant annet kjent fra diverse filmer om \u00abOlsenbanden\u00bb, samt som Guri H\u00f8yer i \u00abHotel C\u00e6sar\u00bb.<\/p>\n<p>    <a itemprop=\"url\" href=\"https:\/\/www.seher.no\/kjendis\/i-sorg-takk-for-alt\/83774869\" rel=\"nofollow noopener\" target=\"_blank\"><\/p>\n<p>      <img loading=\"lazy\" decoding=\"async\" src=\"https:\/\/www.europesays.com\/no\/wp-content\/uploads\/2025\/11\/83558076.webp\" width=\"147\" height=\"98\" title=\"I sorg: - Takk for alt\" alt=\"\" class=\"lazyload\" style=\"--aspect-ratio-image: 1.50; \"\/><\/p>\n<p>        I sorg: &#8211; Takk for alt<\/p>\n<p>    <\/a><\/p>\n<p>Hennes siste rolle som skuespiller var en opptreden i serien \u00abNeste sommer\u00bb, som kom i 2020.<\/p>\n","protected":false},"excerpt":{"rendered":"Inger Teien: Skuespiller Inger Teien er d\u00f8d. Hun ble 88 \u00e5r gammel.\u00a0 G\u00c5TT BORT: Inger Teien gikk bort&hellip;\n","protected":false},"author":2,"featured_media":88284,"comment_status":"","ping_status":"","sticky":false,"template":"","format":"standard","meta":{"footnotes":""},"categories":[58],"tags":[576,71,479,2543,30,28,29,3318,72],"class_list":{"0":"post-88283","1":"post","2":"type-post","3":"status-publish","4":"format-standard","5":"has-post-thumbnail","7":"category-underholdning","8":"tag-dodsfall","9":"tag-entertainment","10":"tag-kjendis","11":"tag-kjendisdesken","12":"tag-no","13":"tag-norge","14":"tag-norway","15":"tag-skuespiller","16":"tag-underholdning"},"share_on_mastodon":{"url":"https:\/\/pubeurope.com\/@no\/115556498401775524","error":""},"_links":{"self":[{"href":"https:\/\/www.europesays.com\/no\/wp-json\/wp\/v2\/posts\/88283","targetHints":{"allow":["GET"]}}],"collection":[{"href":"https:\/\/www.europesays.com\/no\/wp-json\/wp\/v2\/posts"}],"about":[{"href":"https:\/\/www.europesays.com\/no\/wp-json\/wp\/v2\/types\/post"}],"author":[{"embeddable":true,"href":"https:\/\/www.europesays.com\/no\/wp-json\/wp\/v2\/users\/2"}],"replies":[{"embeddable":true,"href":"https:\/\/www.europesays.com\/no\/wp-json\/wp\/v2\/comments?post=88283"}],"version-history":[{"count":0,"href":"https:\/\/www.europesays.com\/no\/wp-json\/wp\/v2\/posts\/88283\/revisions"}],"wp:featuredmedia":[{"embeddable":true,"href":"https:\/\/www.europesays.com\/no\/wp-json\/wp\/v2\/media\/88284"}],"wp:attachment":[{"href":"https:\/\/www.europesays.com\/no\/wp-json\/wp\/v2\/media?parent=88283"}],"wp:term":[{"taxonomy":"category","embeddable":true,"href":"https:\/\/www.europesays.com\/no\/wp-json\/wp\/v2\/categories?post=88283"},{"taxonomy":"post_tag","embeddable":true,"href":"https:\/\/www.europesays.com\/no\/wp-json\/wp\/v2\/tags?post=88283"}],"curies":[{"name":"wp","href":"https:\/\/api.w.org\/{rel}","templated":true}]}}