{"id":88297,"date":"2025-11-16T01:20:16","date_gmt":"2025-11-16T01:20:16","guid":{"rendered":"https:\/\/www.europesays.com\/no\/88297\/"},"modified":"2025-11-16T01:20:16","modified_gmt":"2025-11-16T01:20:16","slug":"nyhet-granatangrep-nrk-politiet-har-infiltrert-miljoer-som-rekrutterer-barn-mener-a-ha-avverget-granatangrep","status":"publish","type":"post","link":"https:\/\/www.europesays.com\/no\/88297\/","title":{"rendered":"Nyhet, Granatangrep | NRK: Politiet har infiltrert milj\u00f8er som rekrutterer barn \u2013 mener \u00e5 ha avverget granatangrep"},"content":{"rendered":"\n<p>Politiet har f\u00e5tt tilgang til et forum p\u00e5 nett hvor rekrutteringen foreg\u00e5r, skriver <a href=\"https:\/\/www.nrk.no\/norge\/politiet-tok-pa-seg-voldsoppdrag-_-her-fikk-de-overlevert-granatene-1.17647852\" rel=\"nofollow noopener\" target=\"_blank\">NRK<\/a>.<\/p>\n<p>I slutten av september fikk en politiagent, som utga seg for \u00e5 v\u00e6re noen andre, overlevert granater av en 31 \u00e5r gammel mann ved Ikea p\u00e5 Furuset i Oslo.<\/p>\n<p>Det skjedde tre dager etter at to h\u00e5ndgranater ble kastet mot en skj\u00f8nnhetssalong i Pilestredet. To 13-\u00e5ringer er mistenkt for \u00e5 st\u00e5 bak angrepet.<\/p>\n<p>  <a href=\"https:\/\/www.f-b.no\/5-59-3750903\" class=\"related-teaser default-story-teaser article--c-eRUmMG article--c-eRUmMG-jKCPdD-design-default article--c-eRUmMG-kpKLOW-cv\" rel=\"nofollow noopener\" target=\"_blank\"><\/p>\n<p>\n            Les ogs\u00e5<\/p>\n<p>              \u00d8st politidistrikt: Flere barn og unge fors\u00f8kt rekruttert til voldsoppdrag\n        <\/p>\n<p>  <\/a><\/p>\n<p>Politiet hadde f\u00e5tt informasjon om at det var planlagt et nytt angrep i Sarpsborg. Digitale politispanere tok p\u00e5 seg jobben, f\u00f8r barn og ten\u00e5ringer gjorde det. Fordi politiet sikret seg h\u00e5ndgranatene, ble et mulig angrep i Sarpsborg avverget, mener de.<\/p>\n<p>Politiet var ogs\u00e5 klar over at det var planlagt noe i Oslo i forkant av granatangrepet i Pilestredet. De hadde fors\u00f8kt \u00e5 ta p\u00e5 seg det oppdraget ogs\u00e5 for \u00e5 avverge det, men mislyktes, skriver kanalen.<\/p>\n<p>Politiinspekt\u00f8r Frode Larsen, sjef for enhet for etterretning og etterforskning i Oslo-politiet, sier konflikter i de kriminelle milj\u00f8ene ikke er noe nytt, men at denne metoden er utfordrende.<\/p>\n<p>\u2013 Vi er veldig ukjent med den m\u00e5ten \u00e5 operere p\u00e5. At det ligger oppdrag ute p\u00e5 digitale plattformer som beskriver et voldsoppdrag, men som vi ikke vet hvor kommer til \u00e5 skje, sier Larsen.<\/p>\n<p>  <a href=\"https:\/\/www.f-b.no\/5-59-3720016\" class=\"related-teaser has-image default-story-teaser article--c-eRUmMG article--c-eRUmMG-jKCPdD-design-default\" rel=\"nofollow noopener\" target=\"_blank\"><\/p>\n<p>    <img decoding=\"async\" loading=\"lazy\"  src=\"https:\/\/www.europesays.com\/no\/wp-content\/uploads\/2025\/11\/De+siktede+guttene+er+ikke+fra+Sarpsborg%3A+++Ingen+grunn+til++vre+bekymret.bin\" alt=\"\" class=\"brick-c-cFOWSL\" style=\"\"\/><\/p>\n<p>\n            Les ogs\u00e5<\/p>\n<p>              Dette vet vi om skyteepisoden mot bolighuset i Sarpsborg\n        <\/p>\n<p>  <\/a><\/p>\n<p>  <a href=\"https:\/\/www.f-b.no\/5-59-3719185\" class=\"related-teaser has-image default-story-teaser article--c-eRUmMG article--c-eRUmMG-jKCPdD-design-default\" rel=\"nofollow noopener\" target=\"_blank\"><\/p>\n<p>    <img decoding=\"async\" loading=\"lazy\"  src=\"https:\/\/www.europesays.com\/no\/wp-content\/uploads\/2025\/11\/Skjermbilde+2025-10-07+064543.png\" alt=\"\" class=\"brick-c-cFOWSL\" style=\"\"\/><\/p>\n<p>\n            Les ogs\u00e5<\/p>\n<p>              To unge menn p\u00e5grepet etter granateksplosjon i Lillestr\u00f8m \u2013 unders\u00f8ker Bislett-kobling\n        <\/p>\n<p>  <\/a><\/p>\n<p>  <a href=\"https:\/\/www.f-b.no\/5-59-3718530\" class=\"related-teaser has-image default-story-teaser article--c-eRUmMG article--c-eRUmMG-jKCPdD-design-default\" rel=\"nofollow noopener\" target=\"_blank\"><\/p>\n<p>    <img decoding=\"async\" loading=\"lazy\"  src=\"https:\/\/www.europesays.com\/no\/wp-content\/uploads\/2025\/11\/fb5.jfif\" alt=\"\" class=\"brick-c-cFOWSL\" style=\"\"\/><\/p>\n<p>\n            Les ogs\u00e5<\/p>\n<p>              Statsforvalteren \u00e5pner tilsyn etter voldsoppdrag-saker i Oslo og Sarpsborg\n        <\/p>\n<p>  <\/a><\/p>\n<p>  <a href=\"https:\/\/www.f-b.no\/5-59-3716499\" class=\"related-teaser has-image default-story-teaser article--c-eRUmMG article--c-eRUmMG-jKCPdD-design-default\" rel=\"nofollow noopener\" target=\"_blank\"><\/p>\n<p>    <img decoding=\"async\" loading=\"lazy\"  src=\"https:\/\/www.europesays.com\/no\/wp-content\/uploads\/2025\/11\/20251001-VM_L4376-Enhanced-NR.jpg\" alt=\"\" class=\"brick-c-cFOWSL\" style=\"\"\/><\/p>\n<p>\n            Les ogs\u00e5<\/p>\n<p>              Skyting mot bolig i Sarpsborg knyttes til mulig milliongjeld\n        <\/p>\n<p>  <\/a><\/p>\n<p>  <a href=\"https:\/\/www.f-b.no\/5-59-3715205\" class=\"related-teaser has-image default-story-teaser article--c-eRUmMG article--c-eRUmMG-jKCPdD-design-default\" rel=\"nofollow noopener\" target=\"_blank\"><\/p>\n<p>    <img decoding=\"async\" loading=\"lazy\"  src=\"https:\/\/www.europesays.com\/no\/wp-content\/uploads\/2025\/11\/FullSizeRender.jpeg\" alt=\"\" class=\"brick-c-cFOWSL\" style=\"\"\/><\/p>\n<p>\n            Les ogs\u00e5<\/p>\n<p>              Fire unge gutter siktet etter skytehendelse i Sarpsborg \u2013 kobles til Oslo-granatsak og Foxtrot-nettverket\n        <\/p>\n<p>  <\/a><\/p>\n","protected":false},"excerpt":{"rendered":"Politiet har f\u00e5tt tilgang til et forum p\u00e5 nett hvor rekrutteringen foreg\u00e5r, skriver NRK. I slutten av september&hellip;\n","protected":false},"author":2,"featured_media":6241,"comment_status":"","ping_status":"","sticky":false,"template":"","format":"standard","meta":{"footnotes":""},"categories":[5],"tags":[36,20,21,24,25,11681,15,19,22,23,17,18,13,30,28,29,447,14,16,812,1510,26,27],"class_list":{"0":"post-88297","1":"post","2":"type-post","3":"status-publish","4":"format-standard","5":"has-post-thumbnail","7":"category-overskrifter","8":"tag-art","9":"tag-breaking-news","10":"tag-breakingnews","11":"tag-featured-news","12":"tag-featurednews","13":"tag-granatangrep","14":"tag-headlines","15":"tag-hovedoppslag","16":"tag-latest-news","17":"tag-latestnews","18":"tag-main-news","19":"tag-mainnews","20":"tag-news","21":"tag-no","22":"tag-norge","23":"tag-norway","24":"tag-nyhet","25":"tag-nyheter","26":"tag-overskrifter","27":"tag-sarpsborg","28":"tag-story","29":"tag-top-stories","30":"tag-topstories"},"share_on_mastodon":{"url":"https:\/\/pubeurope.com\/@no\/115556753546059792","error":""},"_links":{"self":[{"href":"https:\/\/www.europesays.com\/no\/wp-json\/wp\/v2\/posts\/88297","targetHints":{"allow":["GET"]}}],"collection":[{"href":"https:\/\/www.europesays.com\/no\/wp-json\/wp\/v2\/posts"}],"about":[{"href":"https:\/\/www.europesays.com\/no\/wp-json\/wp\/v2\/types\/post"}],"author":[{"embeddable":true,"href":"https:\/\/www.europesays.com\/no\/wp-json\/wp\/v2\/users\/2"}],"replies":[{"embeddable":true,"href":"https:\/\/www.europesays.com\/no\/wp-json\/wp\/v2\/comments?post=88297"}],"version-history":[{"count":0,"href":"https:\/\/www.europesays.com\/no\/wp-json\/wp\/v2\/posts\/88297\/revisions"}],"wp:featuredmedia":[{"embeddable":true,"href":"https:\/\/www.europesays.com\/no\/wp-json\/wp\/v2\/media\/6241"}],"wp:attachment":[{"href":"https:\/\/www.europesays.com\/no\/wp-json\/wp\/v2\/media?parent=88297"}],"wp:term":[{"taxonomy":"category","embeddable":true,"href":"https:\/\/www.europesays.com\/no\/wp-json\/wp\/v2\/categories?post=88297"},{"taxonomy":"post_tag","embeddable":true,"href":"https:\/\/www.europesays.com\/no\/wp-json\/wp\/v2\/tags?post=88297"}],"curies":[{"name":"wp","href":"https:\/\/api.w.org\/{rel}","templated":true}]}}