{"id":88300,"date":"2025-11-16T02:15:07","date_gmt":"2025-11-16T02:15:07","guid":{"rendered":"https:\/\/www.europesays.com\/no\/88300\/"},"modified":"2025-11-16T02:15:07","modified_gmt":"2025-11-16T02:15:07","slug":"na-er-donald-trump-desperat","status":"publish","type":"post","link":"https:\/\/www.europesays.com\/no\/88300\/","title":{"rendered":"N\u00e5 er Donald Trump desperat"},"content":{"rendered":"\n<p class=\"_paragraph_o9xde_4 _paragraph_xtcu6_10 layout-component text-serif-m layout-normal text-serif-m layout-padded\">Det meste g\u00e5r skeis om dagen med Epstein-avsl\u00f8ringer, tr\u00f8bbel med fred i Gaza og Ukraina, drap p\u00e5 narkosmuglere uten rettergang, prisgalopp og det faktum at stadig f\u00e6rre amerikanere synes presidenten gj\u00f8r en god jobb.<\/p>\n<p class=\"_paragraph_o9xde_4 _paragraph_xtcu6_10 layout-component text-serif-m layout-normal text-serif-m layout-padded\">Da gjelder det \u00e5 rette oppmerksomheten mot noe helt annet.<\/p>\n<ul class=\"_list_o9xde_3 _list_xtcu6_9 _unordered_o9xde_106 layout-component text-serif-m layout-normal text-serif-m layout-padded\">\n<li class=\"_item_o9xde_30\">Som et s\u00f8ksm\u00e5l mot BBC p\u00e5 fantasillioner etter deres TV-tabbe i <a href=\"https:\/\/www.vg.no\/nyheter\/i\/alrBb2\/trump-foeler-seg-forpliktet-til-aa-saksoeke-bbc\" data-track-element-type=\"Link\" data-track-id=\"link:alrBb2\" class=\"_link_o9xde_39\" rel=\"nofollow noopener\" target=\"_blank\">redigeringen av Trumps 6. januar-tale<\/a>.<\/li>\n<li class=\"_item_o9xde_30\">Som \u00e5 be om etterforskning av tidligere president Bill ClintonBill ClintonUSAs 42. president. Fra 1993 til 2001. Demokrat. i Epstein-sakenEpstein-sakenEpstein var en amerikansk finansmann som var anklaget for \u00e5 ha invitert mektige politikere og kjendiser til fester p\u00e5 sin private \u00f8y i Karibia, der de ble tilbudt sex med mindre\u00e5rige jenter.\n<p>Han ble d\u00f8mt og funnet d\u00f8d i fengselet i august 2019. If\u00f8lge amerikanske myndigheter tok han sitt eget liv..<\/li>\n<li class=\"_item_o9xde_30\">Som \u00e5 erkl\u00e6re krig mot en av sine aller n\u00e6rmeste st\u00f8ttespillere i MAGA-bevegelsenMAGA-bevegelsenMAGA st\u00e5r for &laquo;Make America Great Again&raquo;, og er en politisk bevegelse og slagord assosiert med Donald Trump og hans tilhengere., Marjorie Greene.<\/li>\n<li class=\"_item_o9xde_30\">Som \u00e5 love 20.000 kroner til alle \u00abikke-rike\u00bb amerikanere.<\/li>\n<\/ul>\n<p class=\"_paragraph_o9xde_4 _paragraph_xtcu6_10 layout-component text-serif-m layout-normal text-serif-m layout-padded\">P\u00e5 denne m\u00e5ten h\u00e5per <a href=\"https:\/\/www.vg.no\/tag\/donald-trump-2?utm_source=vg-article&amp;utm_medium=auto-tagger&amp;utm_campaign=vgEdQX\" class=\"_link_o9xde_39\" rel=\"nofollow noopener\" target=\"_blank\">Donald Trump<\/a> at fokus flyttes fra han selv og Epstein-saken \u2013 som amerikanerne er sykelig opptatt av.<\/p>\n<p class=\"_paragraph_o9xde_4 _paragraph_xtcu6_10 layout-component text-serif-m layout-normal text-serif-m layout-padded\">Denne uken ble det ble nye dokumenter i Epstein-saken offentliggjort. <a href=\"https:\/\/oversightdemocrats.house.gov\/news\/press-releases\/house-oversight-committee-releases-jeffrey-epstein-email-correspondence-raising\" class=\"_link_o9xde_39\" rel=\"nofollow noopener\" target=\"_blank\">I en e-post fra 2019 <\/a>skrev Epstein at Trump \u00abselvf\u00f8lgelig visste om jentene\u00bb.<\/p>\n<p class=\"_paragraph_o9xde_4 _paragraph_xtcu6_10 layout-component text-serif-m layout-normal text-serif-m layout-padded\">Dette har presidenten i l\u00f8pet av helgen avvist, men det er ikke mulig for Trump \u00e5 legge saken d\u00f8d. Til det er Epstein-saken for betent i USA. Derfor satser han heller p\u00e5 avledningsman\u00f8vere.<\/p>\n<p class=\"_paragraph_o9xde_4 _paragraph_xtcu6_10 layout-component text-serif-m layout-normal text-serif-m layout-padded\">Hvor mange amerikanere som bryr seg om hans s\u00f8ksm\u00e5l mot BBC, er vrient \u00e5 si. Derimot er det \u00e5penbart at mange er opptatt av sin egen lommebok og at Trump n\u00e5 vil fylle den opp med 20.000 kroner. Han vil kj\u00f8pe seg st\u00f8tte. Pengene skal han hente fra sin nye toll.<\/p>\n<p class=\"_paragraph_o9xde_4 _paragraph_xtcu6_10 layout-component text-serif-m layout-normal text-serif-m layout-padded\">Mange velgere mener at han ikke er tilstrekkelig opptatt av folk flest og deres problemer. At det blir for mye utenrikspolitikk, innvandring og logring for de rike. <\/p>\n<p class=\"_paragraph_o9xde_4 _paragraph_xtcu6_10 layout-component text-serif-m layout-normal text-serif-m layout-padded\">Et l\u00f8fte b\u00f8r selvf\u00f8lgelig v\u00e6re et l\u00f8fte, men hva Trump kan finne p\u00e5, er det ingen som vet. Finansminister Scott Bessent sier at de 20.000 kronene kan komme i mange ulike former, og skattelette blir omtalt som \u00e9n mulighet.<\/p>\n<p class=\"_paragraph_o9xde_4 _paragraph_xtcu6_10 layout-component text-serif-m layout-normal text-serif-m layout-padded\">Men tenk om det ikke blir noen nye tollinntekter? <\/p>\n<p class=\"_paragraph_o9xde_4 _paragraph_xtcu6_10 layout-component text-serif-m layout-normal text-serif-m layout-padded\">H\u00f8yesterett skal avgj\u00f8re om presidentens toll er lovlig. Presset er stort p\u00e5 de ni dommerne \u2013 og om Trump taper, kan EU og Norge kreve penger fra USA.<\/p>\n<p class=\"_paragraph_o9xde_4 _paragraph_xtcu6_10 layout-component text-serif-m layout-normal text-serif-m layout-padded\">Det var p\u00e5 sitt eget sosiale medium Truth Social at Trump kom med l\u00f8ftet til amerikanerne.<\/p>\n<p class=\"_paragraph_o9xde_4 _paragraph_xtcu6_10 layout-component text-serif-m layout-normal text-serif-m layout-padded\">Han har ikke sagt noe mer n\u00f8yaktig om hvem og hvor mange som skal f\u00e5 pengene, n\u00e5r de kommer, hvordan de kommer \u2013 eller hva som skjer om han ikke f\u00e5r tollinntektene han vil ta pengene fra. Men tilsynelatende er det bare de aller rikeste som ikke skal f\u00e5.<\/p>\n<p class=\"_paragraph_o9xde_4 _paragraph_xtcu6_10 layout-component text-serif-m layout-normal text-serif-m layout-padded\">Det som er interessant, er uansett at dette kommer p\u00e5 et tidspunkt der Trump er b\u00e5de \u00f8konomisk og politisk presset.<\/p>\n<p class=\"_paragraph_o9xde_4 _paragraph_xtcu6_10 layout-component text-serif-m layout-normal text-serif-m layout-padded\">Det har blitt dyrere \u00e5 v\u00e6re amerikaner under Trump \u2013 noe demokratenes \u00abwonderboy\u00bb i New York, Zohran Mamdani, brukte for alt det var verdt i sin valgkamp. Trump gikk til valg p\u00e5 at det skulle bli billigere \u00e5 handle, billigere \u00e5 tanke bilen og billigere \u00e5 bruke str\u00f8m. <\/p>\n<p class=\"_paragraph_o9xde_4 _paragraph_xtcu6_10 layout-component text-serif-m layout-normal text-serif-m layout-padded\">Det meste har blitt dyrere.<\/p>\n<p class=\"_paragraph_o9xde_4 _paragraph_xtcu6_10 layout-component text-serif-m layout-normal text-serif-m layout-padded\">St\u00f8tten blant velgerne har falt. Den siste m\u00e5lingen fra <a href=\"https:\/\/www.economist.com\/interactive\/trump-approval-tracker\" class=\"_link_o9xde_39\" rel=\"nofollow noopener\" target=\"_blank\">The Economist<\/a> viser at 39 prosent av dem mener at han gj\u00f8r en god jobb, mens 57 prosent mener at han ikke gj\u00f8r det. Og utviklingen g\u00e5r bare \u00e9n vei.<\/p>\n<p class=\"_paragraph_o9xde_4 _paragraph_xtcu6_10 layout-component text-serif-m layout-normal text-serif-m layout-padded\">Selv en av hans fremste st\u00f8ttespillere p\u00e5 ytterste fl\u00f8y av MAGA-bevegelsenMAGA-bevegelsenMAGA st\u00e5r for &laquo;Make America Great Again&raquo; og er en politisk bevegelse som st\u00f8tter Donald Trump og hans politikk.<br \/>\n, Marjorie Greene, har kritisert ham for at han ikke vil gj\u00f8re nok for \u00e5 hjelpe den vanlige amerikaner med grunnleggende varer som mat og medisiner.<\/p>\n<p class=\"_paragraph_o9xde_4 _paragraph_xtcu6_10 layout-component text-serif-m layout-normal text-serif-m layout-padded\">Og ikke minst: Hun krever at enda flere Epstein-dokumenter m\u00e5 frigis.<\/p>\n<p class=\"_paragraph_o9xde_4 _paragraph_xtcu6_10 layout-component text-serif-m layout-normal text-serif-m layout-padded\">Trump svarte i helgen med \u00e5 trekke all st\u00f8tte til MAGA-hardlineren. Det er oppsiktsvekkende.<\/p>\n<p class=\"_paragraph_o9xde_4 _paragraph_xtcu6_10 layout-component text-serif-m layout-normal text-serif-m layout-padded\">Ti og en halv m\u00e5neds relativt ukontrollert Trump-styre begynner \u00e5 t\u00e6re p\u00e5, ogs\u00e5 p\u00e5 republikansk side. Splittelse i MAGA-bevegelsen er det siste presidenten trenger n\u00e5.<\/p>\n<p class=\"_paragraph_o9xde_4 _paragraph_xtcu6_10 layout-component text-serif-m layout-normal text-serif-m layout-padded\">Men aller mest avhenger st\u00f8tten til Trump av amerikansk \u00f8konomi. Omtrent halvparten av budsjettunderskuddet som skapes av skattekuttene som ble vedtatt i sommer, skal dekkes inn gjennom \u00f8kte tollinntekter, if\u00f8lge beregninger fra <a href=\"https:\/\/taxfoundation.org\/blog\/presidential-authority-congress-tariffs\/\" class=\"_link_o9xde_39\" rel=\"nofollow noopener\" target=\"_blank\">tenketanken Tax Foundation<\/a><a href=\"https:\/\/taxfoundation.org\/blog\/presidential-authority-congress-tariffs\/\" class=\"_link_o9xde_39\" rel=\"nofollow noopener\" target=\"_blank\">tenketanken Tax Foundation<\/a>Tax Foundation er en amerikansk tenketank som forsker p\u00e5 skattepolitikk og \u00f8konomi..<\/p>\n<p class=\"_paragraph_o9xde_4 _paragraph_xtcu6_10 layout-component text-serif-m layout-normal text-serif-m layout-padded\">S\u00e5 hva gj\u00f8r Trump om han f\u00e5r nei fra h\u00f8yesterett?<\/p>\n<p class=\"_paragraph_o9xde_4 _paragraph_xtcu6_10 layout-component text-serif-m layout-normal text-serif-m layout-padded\">La oss si at det er 150 millioner mennesker som skal ha 20.000 hver. Det vil kreve rundt 3.000 milliarder kroner. Men de nye tollsatsene har ikke gitt p\u00e5 langt n\u00e6r s\u00e5 mye, i hvert fall ikke enn\u00e5, skal vi tro Tax Foundation.<\/p>\n<p class=\"_paragraph_o9xde_4 _paragraph_xtcu6_10 layout-component text-serif-m layout-normal text-serif-m layout-padded\">Donald Trump mister st\u00f8tte blant unge, latinamerikanske og asiatiske velgere. De forsvinner ogs\u00e5 i den nedre del av middelklassen \u2013 som var viktige for hans valgseier.<\/p>\n<p class=\"_paragraph_o9xde_4 _paragraph_xtcu6_10 layout-component text-serif-m layout-normal text-serif-m layout-padded\">Om han klarer \u00e5 f\u00e5 bedre dreis p\u00e5 \u00f8konomien, kan republikanerne komme til \u00e5 gj\u00f8re et bra mellomvalgmellomvalgMellomvalg er valg som holdes midt i en presidentperiode i USA, der velgere velger medlemmer til Kongressen, inkludert Representantenes hus og en tredjedel av Senatet. neste \u00e5r.<\/p>\n<p class=\"_paragraph_o9xde_4 _paragraph_xtcu6_10 layout-component text-serif-m layout-normal text-serif-m layout-padded\">Men folk som er lovet 20.000 kroner, blir neppe s\u00e6rlig forn\u00f8yd om de plutselig ikke f\u00e5r disse pengene. <\/p>\n<p class=\"_paragraph_o9xde_4 _paragraph_xtcu6_10 layout-component text-serif-m layout-normal text-serif-m layout-padded\">Da hjelper det lite \u00e5 vise handlekraft.<\/p>\n<p class=\"_paragraph_o9xde_4 _paragraph_xtcu6_10 layout-component text-serif-m layout-normal text-serif-m layout-padded\">PS: Trump kan ha mer tr\u00f8bbel i vente. En jury skal se p\u00e5 om hans utnevning av Lindsey Halligan til midlertidig statsadvokat, var lovlig. Hun sto bak de omstridte tiltalene mot  James Comey og Letitia James.<\/p>\n<p>   Dette er en kommentar. Kommentaren gir uttrykk for skribentens holdning. <\/p>\n","protected":false},"excerpt":{"rendered":"Det meste g\u00e5r skeis om dagen med Epstein-avsl\u00f8ringer, tr\u00f8bbel med fred i Gaza og Ukraina, drap p\u00e5 narkosmuglere&hellip;\n","protected":false},"author":2,"featured_media":88301,"comment_status":"","ping_status":"","sticky":false,"template":"","format":"standard","meta":{"footnotes":""},"categories":[12],"tags":[20,21,55,24,25,15,22,23,13,30,28,29,14,16,26,27,50,42,103,43,44,45],"class_list":{"0":"post-88300","1":"post","2":"type-post","3":"status-publish","4":"format-standard","5":"has-post-thumbnail","7":"category-verden","8":"tag-breaking-news","9":"tag-breakingnews","10":"tag-donald-trump","11":"tag-featured-news","12":"tag-featurednews","13":"tag-headlines","14":"tag-latest-news","15":"tag-latestnews","16":"tag-news","17":"tag-no","18":"tag-norge","19":"tag-norway","20":"tag-nyheter","21":"tag-overskrifter","22":"tag-top-stories","23":"tag-topstories","24":"tag-usa","25":"tag-verden","26":"tag-vgmeninger","27":"tag-world","28":"tag-world-news","29":"tag-worldnews"},"share_on_mastodon":{"url":"https:\/\/pubeurope.com\/@no\/115556969559104485","error":""},"_links":{"self":[{"href":"https:\/\/www.europesays.com\/no\/wp-json\/wp\/v2\/posts\/88300","targetHints":{"allow":["GET"]}}],"collection":[{"href":"https:\/\/www.europesays.com\/no\/wp-json\/wp\/v2\/posts"}],"about":[{"href":"https:\/\/www.europesays.com\/no\/wp-json\/wp\/v2\/types\/post"}],"author":[{"embeddable":true,"href":"https:\/\/www.europesays.com\/no\/wp-json\/wp\/v2\/users\/2"}],"replies":[{"embeddable":true,"href":"https:\/\/www.europesays.com\/no\/wp-json\/wp\/v2\/comments?post=88300"}],"version-history":[{"count":0,"href":"https:\/\/www.europesays.com\/no\/wp-json\/wp\/v2\/posts\/88300\/revisions"}],"wp:featuredmedia":[{"embeddable":true,"href":"https:\/\/www.europesays.com\/no\/wp-json\/wp\/v2\/media\/88301"}],"wp:attachment":[{"href":"https:\/\/www.europesays.com\/no\/wp-json\/wp\/v2\/media?parent=88300"}],"wp:term":[{"taxonomy":"category","embeddable":true,"href":"https:\/\/www.europesays.com\/no\/wp-json\/wp\/v2\/categories?post=88300"},{"taxonomy":"post_tag","embeddable":true,"href":"https:\/\/www.europesays.com\/no\/wp-json\/wp\/v2\/tags?post=88300"}],"curies":[{"name":"wp","href":"https:\/\/api.w.org\/{rel}","templated":true}]}}