{"id":88302,"date":"2025-11-16T02:17:12","date_gmt":"2025-11-16T02:17:12","guid":{"rendered":"https:\/\/www.europesays.com\/no\/88302\/"},"modified":"2025-11-16T02:17:12","modified_gmt":"2025-11-16T02:17:12","slug":"generasjon-z-protester-rystet-mexico-etter-borgermesterdrapet","status":"publish","type":"post","link":"https:\/\/www.europesays.com\/no\/88302\/","title":{"rendered":"Generasjon Z-protester rystet Mexico etter borgermesterdrapet"},"content":{"rendered":"\n<p class=\"_lead_o9xde_2 _lead_xtcu6_50 layout-component text-serif-m layout-normal text-serif-l layout-component layout-wide layout-padded _wide_17hqh_1 layout-padded\">Tusenvis demonstrerte mot \u00f8kende vold og korrupsjon.<\/p>\n<p><img alt=\"Tusenvis demonstrerte mot \u00f8kende vold og korrupsjon. Foto: Marco Ugarte \/ AP \/ NTB\" class=\"_image_qp4xg_65 layout-component layout-wide\" data-fullscreen- data-track-element-type=\"Article image fullscreen\" data-track-name=\"ImageFullscreen\" fetchpriority=\"high\" decoding=\"sync\" loading=\"eager\" height=\"3886\" itemprop=\"image\"  src=\"https:\/\/www.europesays.com\/no\/wp-content\/uploads\/2025\/11\/8b9b71f2-b66e-4fd1-a81b-74b547e44380\"  style=\"object-position:0% 0%\" width=\"5829\"\/>Tusenvis demonstrerte mot \u00f8kende vold og korrupsjon. Foto: Marco Ugarte \/ AP \/ NTB<\/p>\n<ul aria-hidden=\"true\" class=\"_images_18f0k_111\">\n<li><a class=\"_link_18f0k_116\" href=\"https:\/\/www.vg.no\/forfatter\/kari-aarstad-aase\" style=\"z-index:1\" title=\"Kari Aarstad Aase\" rel=\"nofollow noopener\" target=\"_blank\"><img alt=\"Bilde av Kari Aarstad Aase\" class=\"_image_18f0k_93\" fetchpriority=\"low\" loading=\"lazy\" decoding=\"async\" itemprop=\"image\"  src=\"https:\/\/www.europesays.com\/no\/wp-content\/uploads\/2025\/11\/1763259430_715_0dbde33e-6d8e-4680-8e4f-e2a64281e2b8\"  width=\"480\"\/><\/a><\/li>\n<\/ul>\n<p> Oppdatert s\u00f8ndag 16. november kl. 02:03     <\/p>\n<p class=\"_paragraph_o9xde_4 _paragraph_xtcu6_10 layout-component text-serif-m layout-normal text-serif-m layout-padded\">Tusenvis av demonstranter gikk l\u00f8rdag ut i gatene i Mexico under banneret \u00abGenerasjon Z\u00bb for \u00e5 protestere mot \u00f8kende vold, if\u00f8lge Reuters.<\/p>\n<p class=\"_paragraph_o9xde_4 _paragraph_xtcu6_10 layout-component text-serif-m layout-normal text-serif-m layout-padded\">Protestene ble utl\u00f8st av drapet p\u00e5 borgermester Carlos Manzo i Uruapan 1. november. Han ble skutt og drept under den offentlige feiringen av De d\u00f8des dag.<\/p>\n<p><img alt=\"Tusenvis demonstrerte mot \u00f8kende vold og korrupsjon.  Foto: Francisco Guasco \/ EPA \/ NTB\" class=\"_image_qp4xg_65 layout-component layout-normal\" data-fullscreen- data-track-element-type=\"Article image fullscreen\" data-track-name=\"ImageFullscreen\" decoding=\"async\" loading=\"lazy\" height=\"3078\" itemprop=\"image\"  src=\"https:\/\/www.europesays.com\/no\/wp-content\/uploads\/2025\/11\/f167c394-103d-4ded-9fc0-c307fc7022f8\"  style=\"object-position:0% 0%\" width=\"2052\"\/>Tusenvis demonstrerte mot \u00f8kende vold og korrupsjon.  Foto: Francisco Guasco \/ EPA \/ NTB<\/p>\n<p class=\"_paragraph_o9xde_4 _paragraph_xtcu6_10 layout-component text-serif-m layout-normal text-serif-m layout-padded\">I <a href=\"https:\/\/www.vg.no\/tag\/mexico-by?utm_source=vg-article&amp;utm_medium=auto-tagger&amp;utm_campaign=Gyvd54\" class=\"_link_o9xde_39\" rel=\"nofollow noopener\" target=\"_blank\">Mexico by<\/a> br\u00f8t det ut sammenst\u00f8t mellom demonstranter og oppr\u00f8rspoliti utenfor Nasjonalpalasset, hvor president Claudia Sheinbaum bor. En liten gruppe hettekledd demonstranter rev ned gjerder, og politiet svarte med t\u00e5regass.<\/p>\n<p><img alt=\"Claudia Sheinbaum  Foto: JOSE MENDEZ \/ EPA \/ NTB\" class=\"_image_qp4xg_65 layout-component layout-normal\" data-fullscreen- data-track-element-type=\"Article image fullscreen\" data-track-name=\"ImageFullscreen\" decoding=\"async\" loading=\"lazy\" height=\"2557\" itemprop=\"image\"  src=\"https:\/\/www.europesays.com\/no\/wp-content\/uploads\/2025\/11\/600d77e3-d6f4-43c3-a734-06ea513f311c\"  style=\"object-position:0% 0%\" width=\"3835\"\/>Claudia Sheinbaum  Foto: JOSE MENDEZ \/ EPA \/ NTB<\/p>\n<p class=\"_paragraph_o9xde_4 _paragraph_xtcu6_10 layout-component text-serif-m layout-normal text-serif-m layout-padded\">Sikkerhetssjefen i Mexico by, Pablo Vazquez, opplyste at 100 politifolk ble skadet, hvorav 40 m\u00e5tte p\u00e5 sykehus. Ytterligere 20 sivile ble ogs\u00e5 skadet. 20 personer ble arrestert og 20 andre fikk administrative sanksjoner.<\/p>\n<p><img alt=\"Tusenvis demonstrerte mot \u00f8kende vold og korrupsjon.  Foto: JOSE MENDEZ \/ EPA \/ NTB\" class=\"_image_qp4xg_65 layout-component layout-normal\" data-fullscreen- data-track-element-type=\"Article image fullscreen\" data-track-name=\"ImageFullscreen\" decoding=\"async\" loading=\"lazy\" height=\"4000\" itemprop=\"image\"  src=\"https:\/\/www.europesays.com\/no\/wp-content\/uploads\/2025\/11\/37d7a9f8-f309-479e-9d2a-1a5543014937\"  style=\"object-position:0% 0%\" width=\"6000\"\/>Tusenvis demonstrerte mot \u00f8kende vold og korrupsjon.  Foto: JOSE MENDEZ \/ EPA \/ NTB<\/p>\n<p class=\"_paragraph_o9xde_4 _paragraph_xtcu6_10 layout-component text-serif-m layout-normal text-serif-m layout-padded\">Demonstrantene ropte slagord som \u00abUt, Morena\u00bb rettet mot Sheinbaums parti, og \u00abCarlos d\u00f8de ikke, regjeringen drepte ham\u00bb.<\/p>\n<p class=\"_paragraph_o9xde_4 _paragraph_xtcu6_10 layout-component text-serif-m layout-normal text-serif-m layout-padded\">En gruppe som kaller seg \u00abGenerasjon Z Mexico\u00bb har publisert et \u00abmanifest\u00bb p\u00e5 sosiale medier hvor de sier de er partipolitisk uavhengige og representerer meksikansk ungdom som er lei av vold, korrupsjon og maktmisbruk.<\/p>\n<p><img alt=\"Tusenvis demonstrerte mot \u00f8kende vold og korrupsjon.  Foto: REBECA HERRERA \/ AFP \/ NTB\" class=\"_image_qp4xg_65 layout-component layout-normal\" data-fullscreen- data-track-element-type=\"Article image fullscreen\" data-track-name=\"ImageFullscreen\" decoding=\"async\" loading=\"lazy\" height=\"2749\" itemprop=\"image\"  src=\"https:\/\/www.europesays.com\/no\/wp-content\/uploads\/2025\/11\/3b919694-d3dc-4b2f-a041-b73a96a88241\"  style=\"object-position:0% 0%\" width=\"4123\"\/>Tusenvis demonstrerte mot \u00f8kende vold og korrupsjon.  Foto: REBECA HERRERA \/ AFP \/ NTB<\/p>\n<p class=\"_paragraph_o9xde_4 _paragraph_xtcu6_10 layout-component text-serif-m layout-normal text-serif-m layout-padded\">Sheinbaums regjering har stilt sp\u00f8rsm\u00e5l ved motivene bak protestene og hevder de i stor grad er organisert av h\u00f8yreorienterte politiske motstandere.<\/p>\n","protected":false},"excerpt":{"rendered":"Tusenvis demonstrerte mot \u00f8kende vold og korrupsjon. Tusenvis demonstrerte mot \u00f8kende vold og korrupsjon. Foto: Marco Ugarte \/&hellip;\n","protected":false},"author":2,"featured_media":88303,"comment_status":"","ping_status":"","sticky":false,"template":"","format":"standard","meta":{"footnotes":""},"categories":[5],"tags":[20,21,24,25,7859,15,19,22,23,17,18,5881,11682,13,30,28,29,14,16,26,27,46],"class_list":{"0":"post-88302","1":"post","2":"type-post","3":"status-publish","4":"format-standard","5":"has-post-thumbnail","7":"category-overskrifter","8":"tag-breaking-news","9":"tag-breakingnews","10":"tag-featured-news","11":"tag-featurednews","12":"tag-generasjon-z","13":"tag-headlines","14":"tag-hovedoppslag","15":"tag-latest-news","16":"tag-latestnews","17":"tag-main-news","18":"tag-mainnews","19":"tag-mexico","20":"tag-mexico-by","21":"tag-news","22":"tag-no","23":"tag-norge","24":"tag-norway","25":"tag-nyheter","26":"tag-overskrifter","27":"tag-top-stories","28":"tag-topstories","29":"tag-vgai"},"share_on_mastodon":{"url":"https:\/\/pubeurope.com\/@no\/115556977573403839","error":""},"_links":{"self":[{"href":"https:\/\/www.europesays.com\/no\/wp-json\/wp\/v2\/posts\/88302","targetHints":{"allow":["GET"]}}],"collection":[{"href":"https:\/\/www.europesays.com\/no\/wp-json\/wp\/v2\/posts"}],"about":[{"href":"https:\/\/www.europesays.com\/no\/wp-json\/wp\/v2\/types\/post"}],"author":[{"embeddable":true,"href":"https:\/\/www.europesays.com\/no\/wp-json\/wp\/v2\/users\/2"}],"replies":[{"embeddable":true,"href":"https:\/\/www.europesays.com\/no\/wp-json\/wp\/v2\/comments?post=88302"}],"version-history":[{"count":0,"href":"https:\/\/www.europesays.com\/no\/wp-json\/wp\/v2\/posts\/88302\/revisions"}],"wp:featuredmedia":[{"embeddable":true,"href":"https:\/\/www.europesays.com\/no\/wp-json\/wp\/v2\/media\/88303"}],"wp:attachment":[{"href":"https:\/\/www.europesays.com\/no\/wp-json\/wp\/v2\/media?parent=88302"}],"wp:term":[{"taxonomy":"category","embeddable":true,"href":"https:\/\/www.europesays.com\/no\/wp-json\/wp\/v2\/categories?post=88302"},{"taxonomy":"post_tag","embeddable":true,"href":"https:\/\/www.europesays.com\/no\/wp-json\/wp\/v2\/tags?post=88302"}],"curies":[{"name":"wp","href":"https:\/\/api.w.org\/{rel}","templated":true}]}}