{"id":88306,"date":"2025-11-16T02:25:14","date_gmt":"2025-11-16T02:25:14","guid":{"rendered":"https:\/\/www.europesays.com\/no\/88306\/"},"modified":"2025-11-16T02:25:14","modified_gmt":"2025-11-16T02:25:14","slug":"kjent-dnm-kvinne-leide-lokale-her-heiler-nazistene-pa-kommunens-hytte-etter-a-ha-blitt-forsokt-kastet-ut","status":"publish","type":"post","link":"https:\/\/www.europesays.com\/no\/88306\/","title":{"rendered":"Kjent DNM-kvinne leide lokale: Her \u00abheiler\u00bb nazistene p\u00e5 kommunens hytte etter \u00e5 ha blitt fors\u00f8kt kastet ut"},"content":{"rendered":"<p>L\u00f8rdag skal norske, svenske og finske nazister etter planen arrangere en konsert med en rekke hvit makt-band p\u00e5 hemmelig sted, i utgangspunktet p\u00e5 \u00d8stlandet.<\/p>\n<p>P\u00e5 fredag var noen av h\u00f8yreekstremistene samlet til fest p\u00e5 en stor hytteeiendom en halvtimes kj\u00f8ring fra Kongsvinger, den kommunalt eide Enderudhytta i Eidskog. Der var minst fem av nazistene fortsatt et halvt d\u00f8gn senere.<\/p>\n<p>L\u00f8rdag ettermiddag identifiserte Filter Nyheter blant andre en av arrang\u00f8rene av norske nazi-konserter, <strong>Wilhelm Helgaseth<\/strong>, p\u00e5 omr\u00e5det. Han poserte blant annet med nazihilsen mens meningsfeller tok bilde av ham p\u00e5 brygga ved den kommunale hytta.<\/p>\n<p><img loading=\"lazy\" decoding=\"async\" width=\"1031\" height=\"698\" src=\"https:\/\/www.europesays.com\/no\/wp-content\/uploads\/2025\/11\/hytte-3.jpg\" alt=\"\" class=\"lazyload wp-image-377693\"  data-\/>Wilhelm Helgaseth (t.h.) har tidligere pr\u00f8vd \u00e5 booke et annet lokale p\u00e5 Romerike denne helga og er trolig en av arrang\u00f8rene bak den planlagte nazikonserten. Foto: Filter Nyheter<\/p>\n<p>I ettermiddag meldte flere medier at nazistene ble \u00abkastet ut\u00bb fra hytta, men det var ikke riktig p\u00e5 dette tidspunktet. Lenge etter at kommunen hadde gitt beskjed til h\u00f8yreekstremistene om \u00e5 dra s\u00e5 raskt som mulig, var det fortsatt en rekke kjente nynazister i lokalene, som fyrte i peisen, i en b\u00e5lpanne og s\u00e5 ut til \u00e5 ha pyntet med ballonger i et av byggene. Ingen s\u00e5 da ut til \u00e5 v\u00e6re reiseklare.<\/p>\n<p>Ved hytta var blant andre minst to nordmenn med bakgrunn fra den voldsfremmende nazistiske organisasjonen <strong>Den nordiske motstandsbevegelsen<\/strong> <strong>(DNM)<\/strong>, etter det Filter Nyheter forst\u00e5r.<\/p>\n<p><img loading=\"lazy\" decoding=\"async\" width=\"1100\" height=\"1178\" src=\"https:\/\/www.europesays.com\/no\/wp-content\/uploads\/2025\/11\/IMG_5092-1100x1178.jpg\" alt=\"\" class=\"lazyload wp-image-377694\"  data-\/><\/p>\n<p>Filter Nyheter var p\u00e5 stedet da kommunaldirekt\u00f8r Nils Johansen\u00a0i Eidskog kommune i 14-tida personlig dro ut til hytta sammen med to andre ansatte i kommunen for \u00e5 be h\u00f8yreekstremistene om \u00e5 dra.<\/p>\n<p><strong>\u2013\u00a0De har f\u00e5tt beskjed om \u00e5 forlate stedet, og det har de sagt at de skal gj\u00f8re.\u00a0Det var det dem sa, etter litt diskusjon. De skal forlate stedet, men det kan ta litt tid, sa Johansen like etterp\u00e5. <\/strong><\/p>\n<p>Han opplyste da at personene fikk litt tid p\u00e5 seg til \u00e5 dra, men det var da uklart om politiet kom til \u00e5 bist\u00e5 kommunen hvis nazistene ignorerte beskjeden.<\/p>\n<p><img loading=\"lazy\" decoding=\"async\" width=\"1100\" height=\"733\" src=\"https:\/\/www.europesays.com\/no\/wp-content\/uploads\/2025\/11\/nils-johansen-1100x733.jpg\" alt=\"\" class=\"lazyload wp-image-377655\"  data-\/>Nils Johansen, kommunedirekt\u00f8r i Eidskog m\u00f8tte Filter Nyheter like ved hytta l\u00f8rdag ettermiddag etter \u00e5 ha bedt nazistene om \u00e5 dra fra stedet. Foto: Filter Nyheter<\/p>\n<p>Kommunen tar utgangspunkt i at nazistene har brutt forutsetningene for leien da de hevdet det var snakk om feiring av en 50-\u00e5rsdag.<\/p>\n<p>Kjent DNM-nazist booket lokalet<\/p>\n<p>Filter Nyheter har f\u00e5tt bekreftet fra flere kilder at hytta i Eidskog ble leid av <strong>Ida Christin Gislingrud (38) <\/strong>fra \u00d8stfold<strong>,<\/strong> som lenge var en av de mest aktive nazistene i <strong>Den nordiske motstandsbevegelsen (DNM)<\/strong> i Norge.<\/p>\n<p>Gislingrud s\u00e5 ogs\u00e5 ut til \u00e5 v\u00e6re tilstede p\u00e5 hytta l\u00f8rdag.<\/p>\n<p><img loading=\"lazy\" decoding=\"async\" width=\"1100\" height=\"733\" src=\"https:\/\/www.europesays.com\/no\/wp-content\/uploads\/2025\/11\/Gislingrud-1100x733.jpg\" alt=\"\" class=\"lazyload wp-image-377668\"  data-\/>Gislingrud i marsj med Den nordiske motstandsbevegelsen i Borl\u00e4nge  i Sverige 1. mai 2016.<br \/>Foto: Expo<img loading=\"lazy\" decoding=\"async\" width=\"758\" height=\"1000\" src=\"https:\/\/www.europesays.com\/no\/wp-content\/uploads\/2025\/11\/Gislingrud2.jpg\" alt=\"\" class=\"lazyload wp-image-377665\"  data-\/>Ida Gislingrud (t.v.) poserte i sosiale medier med nazihilsen for rundt sju \u00e5r siden.<\/p>\n<p><strong>Gislingrud har deltatt p\u00e5 blant annet nazimarsjer i Sverige med og uten uniform, samlinger i Norge, spredning av flyveblader og plakater, og m\u00f8ter forbeholdt betrodde medlemmer i Den nordiske motstandsbevegelsen.<\/strong><\/p>\n<p>I 2019 var hun trolig ute av selve organisasjonen som f\u00f8lge av en politisak som lederne i DNM mislikte, men hun s\u00e5 fortsatt ut til \u00e5 pleie kontakt med kjente nazister i sosiale medier.<\/p>\n<p>Tidligere i \u00e5r deltok Gislingrud p\u00e5 partiet Norgesdemokratenes deportasjonskonferanse p\u00e5 Gardermoen.<\/p>\n<p>Voldsd\u00f8mt h\u00f8yreekstrem profil er i Norge<\/p>\n<p>I utgangspunktet har arrang\u00f8rene planlagt at minst fem ulike rasistiske og j\u00f8defiendtlige band skal spille i Norge l\u00f8rdag.<\/p>\n<p><strong>Filter Nyheter var p\u00e5 fredag p\u00e5 Oslo lufthavn da det finske nazi-bandet Mistreat\u00a0ankom med fly, f\u00f8r de ble hentet av en norsk-svensk h\u00f8yreekstremist. <\/strong><\/p>\n<p>Blant utlendingene som kom til Gardemoen fredag var ogs\u00e5 den svenske nazisten <strong>Jonas Lundstr\u00f6m <\/strong>som i hjemlandet er kjent fra hvit makt-bandet Tors Vrede. Han har bakgrunn fra nazistiske <strong>Svenskarnas parti <\/strong>og flere andre h\u00f8yreekstrem grupperinger, og ble i 2014 av politiet knyttet til voldelige overfall.<\/p>\n<p>I 18-tida l\u00f8rdag var det fortsatt uklart hvilke lokaler nazistene kom til \u00e5 bruke til \u00e5 fors\u00f8ke \u00e5 gjennomf\u00f8re konsertene.<\/p>\n<p><img loading=\"lazy\" decoding=\"async\" width=\"1100\" height=\"733\" src=\"https:\/\/www.europesays.com\/no\/wp-content\/uploads\/2025\/11\/hytte-5-1100x733.jpg\" alt=\"\" class=\"lazyload wp-image-377714\"  data-\/>I 14.30-tida oppholdt flere personer fra det h\u00f8yreekstreme milj\u00f8et seg fortsatt ved hytta. Foto: Filter NyheterSynger om rasekrig og hat mot svarte og j\u00f8der<\/p>\n<p>Hvit makt-konsertene i Norge har de siste \u00e5rene v\u00e6rt nettverksbygging for h\u00f8yreekstremister i 40-50-\u00e5ra fra b\u00e5de\u00a0<strong>Norge, Sverige, Finland, Storbritannia, Tyskland\u00a0<\/strong>og\u00a0<strong>Irland<\/strong>, men flere akt\u00f8rer pr\u00f8ver n\u00e5 \u00e5 bruke denne arenaen ogs\u00e5 til \u00e5 knytte gamle nazistgrupper til rundt 20 \u00e5r yngre personer i nyetablerte milj\u00f8er som\u00a0<strong>Active Club<\/strong>.<\/p>\n<p>Flere av de eldre involverte har knyttet seg til det internasjonale <strong>Blood &amp; Honour<\/strong>-nettverket.<\/p>\n<p>Et av trekkplastrene p\u00e5 helgas arrangement, det finske bandet <strong>Goatmoon<\/strong>, dyrker utilsl\u00f8rt \u00abDet tredje riket\u00bb og har b\u00e5nd til voldsfremmende nazistiske grupper. Gruppa har utgitt sanger om blodig rasekrig og at\u00a0<strong>\u00abet triumferende arisk imperium\u00bb\u00a0<\/strong>skal reise seg fra asken etter et nytt \u00abholocaust\u00bb, at \u00abariske\u00bb innf\u00f8dte st\u00e5r klare til \u00e5 nedkjempe \u00abniggere\u00bb og \u00abforr\u00e6dere alliert med feil blodslinjer\u00bb.<\/p>\n<p><img loading=\"lazy\" decoding=\"async\" width=\"1100\" height=\"765\" src=\"https:\/\/www.europesays.com\/no\/wp-content\/uploads\/2025\/11\/Concert26-1100x765.jpg\" alt=\"\" class=\"lazyload wp-image-377469\"  data-\/>En britisk nazist gj\u00f8r nazihilsen under en f\u00f8rfest til fjor\u00e5rets konsert p\u00e5 Romerike. Foto: Filter Nyheter<\/p>\n<p>Filter Nyheter skrev fredag at den norske black metal-kjendisen<strong> Sven Erik \u00abManiac\u00bb Kristiansen<\/strong>, kjent som tidligere vokalist i Mayhem, har gjestevokal p\u00e5 en av nazi-bandet Goatmoons l\u00e5ter. Kristiansen var ogs\u00e5 tilstede under fjor\u00e5rets nazistiske samling p\u00e5 Romerike, men nekter for \u00e5 ha noe med \u00e5rets arrangement \u00e5 gj\u00f8re.<\/p>\n","protected":false},"excerpt":{"rendered":"L\u00f8rdag skal norske, svenske og finske nazister etter planen arrangere en konsert med en rekke hvit makt-band p\u00e5&hellip;\n","protected":false},"author":2,"featured_media":88307,"comment_status":"","ping_status":"","sticky":false,"template":"","format":"standard","meta":{"footnotes":""},"categories":[5],"tags":[20,21,24,25,15,19,22,23,17,18,13,30,28,29,14,16,26,27],"class_list":{"0":"post-88306","1":"post","2":"type-post","3":"status-publish","4":"format-standard","5":"has-post-thumbnail","7":"category-overskrifter","8":"tag-breaking-news","9":"tag-breakingnews","10":"tag-featured-news","11":"tag-featurednews","12":"tag-headlines","13":"tag-hovedoppslag","14":"tag-latest-news","15":"tag-latestnews","16":"tag-main-news","17":"tag-mainnews","18":"tag-news","19":"tag-no","20":"tag-norge","21":"tag-norway","22":"tag-nyheter","23":"tag-overskrifter","24":"tag-top-stories","25":"tag-topstories"},"share_on_mastodon":{"url":"https:\/\/pubeurope.com\/@no\/115557009115217020","error":""},"_links":{"self":[{"href":"https:\/\/www.europesays.com\/no\/wp-json\/wp\/v2\/posts\/88306","targetHints":{"allow":["GET"]}}],"collection":[{"href":"https:\/\/www.europesays.com\/no\/wp-json\/wp\/v2\/posts"}],"about":[{"href":"https:\/\/www.europesays.com\/no\/wp-json\/wp\/v2\/types\/post"}],"author":[{"embeddable":true,"href":"https:\/\/www.europesays.com\/no\/wp-json\/wp\/v2\/users\/2"}],"replies":[{"embeddable":true,"href":"https:\/\/www.europesays.com\/no\/wp-json\/wp\/v2\/comments?post=88306"}],"version-history":[{"count":0,"href":"https:\/\/www.europesays.com\/no\/wp-json\/wp\/v2\/posts\/88306\/revisions"}],"wp:featuredmedia":[{"embeddable":true,"href":"https:\/\/www.europesays.com\/no\/wp-json\/wp\/v2\/media\/88307"}],"wp:attachment":[{"href":"https:\/\/www.europesays.com\/no\/wp-json\/wp\/v2\/media?parent=88306"}],"wp:term":[{"taxonomy":"category","embeddable":true,"href":"https:\/\/www.europesays.com\/no\/wp-json\/wp\/v2\/categories?post=88306"},{"taxonomy":"post_tag","embeddable":true,"href":"https:\/\/www.europesays.com\/no\/wp-json\/wp\/v2\/tags?post=88306"}],"curies":[{"name":"wp","href":"https:\/\/api.w.org\/{rel}","templated":true}]}}