{"id":88312,"date":"2025-11-16T02:54:34","date_gmt":"2025-11-16T02:54:34","guid":{"rendered":"https:\/\/www.europesays.com\/no\/88312\/"},"modified":"2025-11-16T02:54:34","modified_gmt":"2025-11-16T02:54:34","slug":"vetle-gav-alt-pa-heimebane-sundag-skal-eg-knuse-dei-hallingdolen-no","status":"publish","type":"post","link":"https:\/\/www.europesays.com\/no\/88312\/","title":{"rendered":"Vetle gav alt p\u00e5 heimebane: &#8211; Sundag skal eg knuse dei &#8211; hallingdolen.no"},"content":{"rendered":"<ol>\n<li><a href=\"https:\/\/news.google.com\/rss\/articles\/CBMijgFBVV95cUxNNEhxeUJxS1Z0U1IxUV9hWk5lZnM1Q2hwYm1zRkthZVZoblkzLW9teExMUkNtelNteUd1YjlKRkFxUmk5XzFXWkQtRmFDV3NHQWoyc3RuTW1BM2ZfRndHREdkdmJQdDVmdUdHanp4elFtUmV1OTB2VUlxVlhDbVBuanlLZFpUX1VraElYZkJR?oc=5\" target=\"_blank\" rel=\"nofollow noopener\">Vetle gav alt p\u00e5 heimebane: &#8211; Sundag skal eg knuse dei<\/a>&nbsp;&nbsp;hallingdolen.no<\/li>\n<li><a href=\"https:\/\/news.google.com\/rss\/articles\/CBMinwFBVV95cUxQNFhjTE9jcElvNmgtb1RacVVVUHB4cFljeDVaWW0xNTM4bTVicXk0YmlvNGxCcml4OHRybzJKSkZnaUY5RU5oTVFqNlRWUDVMZzJhc2VPVTZpR1Ruak04NHNEeGFHSEFNTW5VeV9DWTNTRnZHV1UwMmFSMWw1b1U2STN4bXQwSmhSOGJjSVM4dWlROUVhTkVHSTNPbVdOS00?oc=5\" target=\"_blank\" rel=\"nofollow noopener\">Ein ny f\u00f8rjulstradisjon kan vere skapt &#8211; sj\u00e5 bileta her<\/a>&nbsp;&nbsp;hallingdolen.no<\/li>\n<li><a href=\"https:\/\/news.google.com\/rss\/articles\/CBMiwgFBVV95cUxQeF9NQmlmejFza0Q1VEpxRENfeWsxQlFJR0FDRDdnbV9qQXFtVnRxRjJYRGlLX2hmTFBIX1hXNmVNYVg1WnFrTTJaTHo5cy1xREE0MTdaQ2h4djR0VmNISmowRVpWX0lsZDdvNkhZM1B6LVA4cXY1bVBSdEVFRWVkQWQwYXVldko4cXh1cG52Rng2WE53bGtkN2J1dHRCalBpcGNTT05uVHFaVnVZalJyOURjQkczN3ZjZVNxTHhScnQwQQ?oc=5\" target=\"_blank\" rel=\"nofollow noopener\">Det vart folkefesten arrang\u00f8ren h\u00e5pa p\u00e5: &#8211; Rammene rundt er dei beste me har hatt<\/a>&nbsp;&nbsp;hallingdolen.no<\/li>\n<li><a href=\"https:\/\/news.google.com\/rss\/articles\/CBMisAFBVV95cUxOc3FQSkJHTWloS2tZYVJQdXhaN216YVZJOXBrY2NDN1Q2V013LXozbEFwQU5Td1p6Smtnb0d3ZXZMeTA2ZzJOMWxWWVlwbzI4eTJwMm1hUmNERDM1OFB4V3NrQzZubVoxQU56OVd0bThmaUtNdkdVRy1Da2Q4d1lVWXcycW1MUVJUSVJhdEw2VjM0cG50aFR0YXdWbEVLRXZQcTNTM016Q3Y1bnNXRmNzLQ?oc=5\" target=\"_blank\" rel=\"nofollow noopener\">Pangstart for \u00c5sne og Geilo \u2013 sette nesten heile landslaget p\u00e5 plass<\/a>&nbsp;&nbsp;hallingdolen.no<\/li>\n<li><a href=\"https:\/\/news.google.com\/rss\/articles\/CBMiqwFBVV95cUxOSTJfRG1wUmdZRjUycVh4Y2tteEZ4X295V1J4U3NxWjN0YVBzOEN1WXhGR2YtWmJZSkhndXlWNUxMbTZ3NHZycFR0Ry1rbWRLaTBXc1VIWkpFWS10TWVkTDlOWk53NXljNlNqaEdReEZndUtCVjYyRjRoMHRJbThFSEt0X0lmbUhpeE5XRzJYd1hHYTZZdGItRmxWNHZXNTFEX09FWnZaekpFTnM?oc=5\" target=\"_blank\" rel=\"nofollow noopener\">Dette er \u00e5rets julebutikk: &#8211; Mange har snakka om denne k\u00e5ringa<\/a>&nbsp;&nbsp;hallingdolen.no<\/li>\n<\/ol>\n","protected":false},"excerpt":{"rendered":"Vetle gav alt p\u00e5 heimebane: &#8211; Sundag skal eg knuse dei&nbsp;&nbsp;hallingdolen.no Ein ny f\u00f8rjulstradisjon kan vere skapt &#8211;&hellip;\n","protected":false},"author":2,"featured_media":88313,"comment_status":"","ping_status":"","sticky":false,"template":"","format":"standard","meta":{"footnotes":""},"categories":[59],"tags":[30,28,29,83,82],"class_list":{"0":"post-88312","1":"post","2":"type-post","3":"status-publish","4":"format-standard","5":"has-post-thumbnail","7":"category-sport","8":"tag-no","9":"tag-norge","10":"tag-norway","11":"tag-sport","12":"tag-sports"},"share_on_mastodon":{"url":"https:\/\/pubeurope.com\/@no\/115557122936177936","error":""},"_links":{"self":[{"href":"https:\/\/www.europesays.com\/no\/wp-json\/wp\/v2\/posts\/88312","targetHints":{"allow":["GET"]}}],"collection":[{"href":"https:\/\/www.europesays.com\/no\/wp-json\/wp\/v2\/posts"}],"about":[{"href":"https:\/\/www.europesays.com\/no\/wp-json\/wp\/v2\/types\/post"}],"author":[{"embeddable":true,"href":"https:\/\/www.europesays.com\/no\/wp-json\/wp\/v2\/users\/2"}],"replies":[{"embeddable":true,"href":"https:\/\/www.europesays.com\/no\/wp-json\/wp\/v2\/comments?post=88312"}],"version-history":[{"count":0,"href":"https:\/\/www.europesays.com\/no\/wp-json\/wp\/v2\/posts\/88312\/revisions"}],"wp:featuredmedia":[{"embeddable":true,"href":"https:\/\/www.europesays.com\/no\/wp-json\/wp\/v2\/media\/88313"}],"wp:attachment":[{"href":"https:\/\/www.europesays.com\/no\/wp-json\/wp\/v2\/media?parent=88312"}],"wp:term":[{"taxonomy":"category","embeddable":true,"href":"https:\/\/www.europesays.com\/no\/wp-json\/wp\/v2\/categories?post=88312"},{"taxonomy":"post_tag","embeddable":true,"href":"https:\/\/www.europesays.com\/no\/wp-json\/wp\/v2\/tags?post=88312"}],"curies":[{"name":"wp","href":"https:\/\/api.w.org\/{rel}","templated":true}]}}