{"id":88317,"date":"2025-11-16T03:34:15","date_gmt":"2025-11-16T03:34:15","guid":{"rendered":"https:\/\/www.europesays.com\/no\/88317\/"},"modified":"2025-11-16T03:34:15","modified_gmt":"2025-11-16T03:34:15","slug":"naeringslivslogg-naeringsliv-skal-lage-frysetorkede-godbiter-i-kongsberg","status":"publish","type":"post","link":"https:\/\/www.europesays.com\/no\/88317\/","title":{"rendered":"N\u00e6ringslivslogg, N\u00e6ringsliv | Skal lage fryset\u00f8rkede godbiter i Kongsberg"},"content":{"rendered":"<p>  <b>KONGSBERG:<\/b><\/p>\n<p><b>Go Promotion AS <\/b>endrer vedtaksdato og dobler egenkapital, fra 30.000 til 60.000 kroner.<\/p>\n<p><b>Industrimontage \u00d8land AS<\/b> bytter revisor. <\/p>\n<p>Buskerud Tingrett har n\u00e5 \u00e5pnet konkurs i boet til<b> Junior AS<\/b>. Det opplyses at krav i boet m\u00e5 sendes til bostyrer Stephen George Fulford innen 19. desember.<\/p>\n<p><b>Luxury Treats AS <\/b>opprettes som nytt foretak. Lise Nyg\u00e5rd Lund er daglig leder og styreleder, selskapet skal jobbe med produksjon og salg av fryset\u00f8rkede godbiter til b\u00e5de privatkunder og bedrifter. <\/p>\n<p>Foretaket <b>Mariposa Innovation And Tradition By Santibanez<\/b> slettes fra Foretaksregisteret. <\/p>\n<p><b>Obass Capital AS<\/b> er registrert som nytt aksjeselskap. Selskapet skal drive med investering i, eie, forvalte og selge andeler av andre selskaper. I tillegg til andre aktiviteter som blant annet \u00f8konomisk r\u00e5dgivning. Ole Steffen Andersen er styreleder. <\/p>\n<p><b>Skrubbemoen 8 AS <\/b>endrer form\u00e5l, adresse, vedtekter, styre og daglig leder. Sebastian Hostvedt Spiten tar over rollene som daglig leder og styreleder fra Vidar Pettersen. Erik Hjermundrud kommer ogs\u00e5 inn som nytt styremedlem. Selskapet vil fortsette med investering i fast eiendom og selskaper som eier eiendom, men ordleggingen i form\u00e5lsvedtektene endres. Foretaksregisteret har ogs\u00e5 mottatt redegj\u00f8relse om finansiell bistand til erverv av aksjer. <\/p>\n<p><b>Smil Design AS <\/b>endrer foretaksadresse. Aksjeselskapet har tidligere holdt til i Lier, men flytter n\u00e5 til Kongsberg. <\/p>\n<p><b>Solberg-Reyes Design<\/b> slettes fra Foretaksregisteret.<\/p>\n<p>Det var ingen nye kunngj\u00f8ringer fra Numedal. <\/p>\n","protected":false},"excerpt":{"rendered":"KONGSBERG: Go Promotion AS endrer vedtaksdato og dobler egenkapital, fra 30.000 til 60.000 kroner. Industrimontage \u00d8land AS bytter&hellip;\n","protected":false},"author":2,"featured_media":88318,"comment_status":"","ping_status":"","sticky":false,"template":"","format":"standard","meta":{"footnotes":""},"categories":[56],"tags":[36,11686,60,61,62,11685,30,28,29,1510],"class_list":{"0":"post-88317","1":"post","2":"type-post","3":"status-publish","4":"format-standard","5":"has-post-thumbnail","7":"category-naeringsliv","8":"tag-art","9":"tag-bronnoysundregistrene","10":"tag-business","11":"tag-economy","12":"tag-naeringsliv","13":"tag-naeringslivslogg","14":"tag-no","15":"tag-norge","16":"tag-norway","17":"tag-story"},"share_on_mastodon":{"url":"https:\/\/pubeurope.com\/@no\/115557280142181265","error":""},"_links":{"self":[{"href":"https:\/\/www.europesays.com\/no\/wp-json\/wp\/v2\/posts\/88317","targetHints":{"allow":["GET"]}}],"collection":[{"href":"https:\/\/www.europesays.com\/no\/wp-json\/wp\/v2\/posts"}],"about":[{"href":"https:\/\/www.europesays.com\/no\/wp-json\/wp\/v2\/types\/post"}],"author":[{"embeddable":true,"href":"https:\/\/www.europesays.com\/no\/wp-json\/wp\/v2\/users\/2"}],"replies":[{"embeddable":true,"href":"https:\/\/www.europesays.com\/no\/wp-json\/wp\/v2\/comments?post=88317"}],"version-history":[{"count":0,"href":"https:\/\/www.europesays.com\/no\/wp-json\/wp\/v2\/posts\/88317\/revisions"}],"wp:featuredmedia":[{"embeddable":true,"href":"https:\/\/www.europesays.com\/no\/wp-json\/wp\/v2\/media\/88318"}],"wp:attachment":[{"href":"https:\/\/www.europesays.com\/no\/wp-json\/wp\/v2\/media?parent=88317"}],"wp:term":[{"taxonomy":"category","embeddable":true,"href":"https:\/\/www.europesays.com\/no\/wp-json\/wp\/v2\/categories?post=88317"},{"taxonomy":"post_tag","embeddable":true,"href":"https:\/\/www.europesays.com\/no\/wp-json\/wp\/v2\/tags?post=88317"}],"curies":[{"name":"wp","href":"https:\/\/api.w.org\/{rel}","templated":true}]}}