{"id":88391,"date":"2025-11-16T07:43:20","date_gmt":"2025-11-16T07:43:20","guid":{"rendered":"https:\/\/www.europesays.com\/no\/88391\/"},"modified":"2025-11-16T07:43:20","modified_gmt":"2025-11-16T07:43:20","slug":"trafikk-e6-flere-klager-pa-glatt-e6-kommer-med-klar-oppfordring","status":"publish","type":"post","link":"https:\/\/www.europesays.com\/no\/88391\/","title":{"rendered":"Trafikk, E6 | Flere klager p\u00e5 glatt E6 \u2013 kommer med klar oppfordring"},"content":{"rendered":"\n<p>Flere har f\u00e5tt tr\u00f8bbel p\u00e5 glatte veger i nordlige deler av Tr\u00f8ndelag f\u00f8r helga.<\/p>\n<p>\u2013 Vi har f\u00e5tt klager p\u00e5 glatt E6 fra Steinkjer og nordover, sier trafikkoperat\u00f8r Kari Vigmostad hos Vegtrafikksentralen fredag kveld.<\/p>\n<p>Fredag ettermiddag kj\u00f8rte en <a href=\"https:\/\/www.t-a.no\/trafikkulykke-pa-e6\/s\/5-116-2256516\" rel=\"Follow nofollow noopener\" target=\"_blank\">personbil av vegen p\u00e5 E6 ved R\u00f8ra<\/a>. En dr\u00f8y time senere rykket politiet ut etter melding om en <a href=\"https:\/\/www.t-a.no\/bil-rullet-rundt\/s\/5-116-2256555\" rel=\"Follow nofollow noopener\" target=\"_blank\">bil som hadde rullet rundt<\/a> ved Hjulstad i Inder\u00f8y.<\/p>\n<p>\u2013 N\u00e5 har klagene stilnet, s\u00e5 jeg regner med entrepren\u00f8ren har gjort tiltak, legger Vigmostad til.<\/p>\n<p>Klokken 15.28 meldte politiet om en trafikkulykke langs Fv. 17 ved Eidsveet i Namsos. <a href=\"https:\/\/www.t-a.no\/s\/5-116-1220805?p=lc-10519815-10274-tronderavisa\" rel=\"Follow nofollow noopener\" target=\"_blank\">Tre biler med totalt seks personer var involvert<\/a>.<\/p>\n<p>   <img decoding=\"async\" width=\"1200\" height=\"899\" fetchpriority=\"low\"  loading=\"lazy\"  src=\"https:\/\/www.europesays.com\/no\/wp-content\/uploads\/2025\/11\/IMG_6442.jpeg\" alt=\"\" class=\"brick-c-cFOWSL\" style=\"--brick-image-ratio: 1200 \/ 899;\"\/><\/p>\n<p>      KOLLISJON: Den ene bilen fikk store skader i fronten. Det ble ikke meldt om alvorlig personskade.<br \/>\n      Foto: \u00d8ivind R\u00e5nes (Namdalsavisa)\n    <\/p>\n<p>Ogs\u00e5 p\u00e5 E14 har Vegtrafikksentralen mottatt klager p\u00e5 glatt veg. De har varslet entrepren\u00f8r som skal gj\u00f8re tiltak.<\/p>\n<p>Klar oppfordring<\/p>\n<p>Vigmostad kommer med en klar oppfordring:<\/p>\n<p>\u2013 Har du ikke skifta dekk p\u00e5 bilen, m\u00e5 du la bilen st\u00e5.<\/p>\n<p>Hun r\u00e5der bilister til \u00e5 ta seg god tid dersom de skal ut p\u00e5 vinterf\u00f8ret n\u00e5.<\/p>\n<p>\u2013 P\u00e5se riktig sko p\u00e5 bilen, og hold god avstand. Ta hensyn, rett og slett.<\/p>\n<p>  <a href=\"https:\/\/www.t-a.no\/5-116-2256024\" class=\"related-teaser has-image default-story-teaser article--c-eRUmMG article--c-eRUmMG-jKCPdD-design-default\" rel=\"nofollow noopener\" target=\"_blank\"><\/p>\n<p>    <img decoding=\"async\" loading=\"lazy\"  src=\"https:\/\/www.europesays.com\/no\/wp-content\/uploads\/2025\/11\/photo+%2837%29+%281%29.jpg\" alt=\"\" class=\"brick-c-cFOWSL\" style=\"\"\/><\/p>\n<p>\n            Les ogs\u00e5<\/p>\n<p>              Advarer: \u2013 Det er det som gj\u00f8r at de fleste \u00abfer\u00bb\n        <\/p>\n<p>  <\/a><\/p>\n<p>  <a href=\"https:\/\/www.t-a.no\/5-116-2255921\" class=\"related-teaser has-image default-story-teaser article--c-eRUmMG article--c-eRUmMG-jKCPdD-design-default\" rel=\"nofollow noopener\" target=\"_blank\"><\/p>\n<p>    <img decoding=\"async\" loading=\"lazy\"  src=\"https:\/\/www.europesays.com\/no\/wp-content\/uploads\/2025\/11\/photo+%2850%29.jpg\" alt=\"\" class=\"brick-c-cFOWSL\" style=\"\"\/><\/p>\n<p>\n            Les ogs\u00e5<\/p>\n<p>              Skled av vegen: \u2013 Helt j\u00e6vlig\n        <\/p>\n<p>  <\/a><\/p>\n<p>  <a href=\"https:\/\/www.t-a.no\/5-116-2256038\" class=\"related-teaser has-image default-story-teaser article--c-eRUmMG article--c-eRUmMG-jKCPdD-design-default\" rel=\"nofollow noopener\" target=\"_blank\"><\/p>\n<p>    <img decoding=\"async\" loading=\"lazy\"  src=\"https:\/\/www.europesays.com\/no\/wp-content\/uploads\/2025\/11\/photo%2B29.jpg\" alt=\"\" class=\"brick-c-cFOWSL\" style=\"\"\/><\/p>\n<p>\n            Les ogs\u00e5<\/p>\n<p>              Her finner du ferske skispor\n        <\/p>\n<p>  <\/a><\/p>\n","protected":false},"excerpt":{"rendered":"Flere har f\u00e5tt tr\u00f8bbel p\u00e5 glatte veger i nordlige deler av Tr\u00f8ndelag f\u00f8r helga. \u2013 Vi har f\u00e5tt&hellip;\n","protected":false},"author":2,"featured_media":88392,"comment_status":"","ping_status":"","sticky":false,"template":"","format":"standard","meta":{"footnotes":""},"categories":[10],"tags":[36,20,21,834,24,25,15,22,23,13,30,28,29,14,16,6527,1510,26,27,224,941,553],"class_list":{"0":"post-88391","1":"post","2":"type-post","3":"status-publish","4":"format-standard","5":"has-post-thumbnail","7":"category-norge","8":"tag-art","9":"tag-breaking-news","10":"tag-breakingnews","11":"tag-e6","12":"tag-featured-news","13":"tag-featurednews","14":"tag-headlines","15":"tag-latest-news","16":"tag-latestnews","17":"tag-news","18":"tag-no","19":"tag-norge","20":"tag-norway","21":"tag-nyheter","22":"tag-overskrifter","23":"tag-sno","24":"tag-story","25":"tag-top-stories","26":"tag-topstories","27":"tag-trafikk","28":"tag-ulykker-og-hendelser","29":"tag-vaer"},"share_on_mastodon":{"url":"https:\/\/pubeurope.com\/@no\/115558259603166835","error":""},"_links":{"self":[{"href":"https:\/\/www.europesays.com\/no\/wp-json\/wp\/v2\/posts\/88391","targetHints":{"allow":["GET"]}}],"collection":[{"href":"https:\/\/www.europesays.com\/no\/wp-json\/wp\/v2\/posts"}],"about":[{"href":"https:\/\/www.europesays.com\/no\/wp-json\/wp\/v2\/types\/post"}],"author":[{"embeddable":true,"href":"https:\/\/www.europesays.com\/no\/wp-json\/wp\/v2\/users\/2"}],"replies":[{"embeddable":true,"href":"https:\/\/www.europesays.com\/no\/wp-json\/wp\/v2\/comments?post=88391"}],"version-history":[{"count":0,"href":"https:\/\/www.europesays.com\/no\/wp-json\/wp\/v2\/posts\/88391\/revisions"}],"wp:featuredmedia":[{"embeddable":true,"href":"https:\/\/www.europesays.com\/no\/wp-json\/wp\/v2\/media\/88392"}],"wp:attachment":[{"href":"https:\/\/www.europesays.com\/no\/wp-json\/wp\/v2\/media?parent=88391"}],"wp:term":[{"taxonomy":"category","embeddable":true,"href":"https:\/\/www.europesays.com\/no\/wp-json\/wp\/v2\/categories?post=88391"},{"taxonomy":"post_tag","embeddable":true,"href":"https:\/\/www.europesays.com\/no\/wp-json\/wp\/v2\/tags?post=88391"}],"curies":[{"name":"wp","href":"https:\/\/api.w.org\/{rel}","templated":true}]}}