{"id":88395,"date":"2025-11-16T07:52:08","date_gmt":"2025-11-16T07:52:08","guid":{"rendered":"https:\/\/www.europesays.com\/no\/88395\/"},"modified":"2025-11-16T07:52:08","modified_gmt":"2025-11-16T07:52:08","slug":"politi-glattcelle-tre-havna-i-fyllearresten","status":"publish","type":"post","link":"https:\/\/www.europesays.com\/no\/88395\/","title":{"rendered":"Politi, Glattcelle | Tre havna i fyllearresten"},"content":{"rendered":"\n<p>Politiet i Nordland melder om en relativt rolig natt til s\u00f8ndag for politiet. Det er ingen meldinger om st\u00f8rre hendelser i Lofoten.<\/p>\n<p>Etter midnatt, natt til s\u00f8ndag, rykket politiet ut til Andenes.<\/p>\n<p>\u2013 Politiet har v\u00e6rt p\u00e5 Andenes etter melding om en beruset person i sentrum som framsto som aggressiv. Politiet har s\u00f8kt i sentrum uten \u00e5 p\u00e5treffe mannen og s\u00f8ket er avsluttet, opplyser operasjonsleder Tommy Bech ved Nordland politidistrikt.<\/p>\n<p>Politiet fikk natt til melding fra et utested i Bod\u00f8 sentrum som ba om bistand fra politiet.<\/p>\n<p>\u2013 Vektere hadde tatt kontroll p\u00e5 en mann som hadde v\u00e6rt verbalt truende og aggressiv p\u00e5 et serveringssted. Da politiet ankom stedet, oppf\u00f8rte mannen seg truende ovenfor tjenestepersonene. P\u00e5grepet og kj\u00f8rt til arrest, opplyser operasjonsleder Tommy Bech ved Nordland politidistrikt.<\/p>\n<p>Noen minutter senere kommer neste melding om br\u00e5k i Bod\u00f8.<\/p>\n<p>\u2013 Beruset mann innbringes til arrest. Hadde tidligere i natt blitt bortvist fra sentrum grunnet ufin og kranglete oppf\u00f8rsel, men ble p\u00e5truffet i sentrum ca. 30 minutter senere. Anmeldes, heter det fra operasjonslederen.<\/p>\n<p>Ogs\u00e5 p\u00e5 Mo s\u00e5 m\u00e5tte en mann overnatte i fyllearresten.<\/p>\n<p>\u2013 Mann bortvist fra sentrum grunnet utagering mot en vekter som ba mannen forlate et serveringssted. Mistenkte kom tilbake til samme serveringssted kort tid etterp\u00e5. Innbringes til arrest og anmeldes, heter det i meldingen fra politiet.<\/p>\n<p>L\u00f8rdag var det noen hendelser i Lofoten.<\/p>\n<p>  <a href=\"https:\/\/www.lofotposten.no\/5-29-1251197\" class=\"related-teaser default-story-teaser article--c-eRUmMG article--c-eRUmMG-jKCPdD-design-default article--c-eRUmMG-kpKLOW-cv\" rel=\"nofollow noopener\" target=\"_blank\"><\/p>\n<p>\n            Les ogs\u00e5<\/p>\n<p>              Br\u00f8ytebil og personbil i gr\u00f8fta\n        <\/p>\n<p>  <\/a><\/p>\n<p>  <a href=\"https:\/\/www.lofotposten.no\/5-29-1251171\" class=\"related-teaser default-story-teaser article--c-eRUmMG article--c-eRUmMG-jKCPdD-design-default article--c-eRUmMG-kpKLOW-cv\" rel=\"nofollow noopener\" target=\"_blank\"><\/p>\n<p>\n            Les ogs\u00e5<\/p>\n<p>              Kollisjon p\u00e5 E10 \u2013 fire biler involvert\n        <\/p>\n<p>  <\/a><\/p>\n","protected":false},"excerpt":{"rendered":"Politiet i Nordland melder om en relativt rolig natt til s\u00f8ndag for politiet. Det er ingen meldinger om&hellip;\n","protected":false},"author":2,"featured_media":9634,"comment_status":"","ping_status":"","sticky":false,"template":"","format":"standard","meta":{"footnotes":""},"categories":[10],"tags":[36,20,21,24,25,11688,15,22,23,13,30,3657,28,29,14,16,254,1510,26,27],"class_list":{"0":"post-88395","1":"post","2":"type-post","3":"status-publish","4":"format-standard","5":"has-post-thumbnail","7":"category-norge","8":"tag-art","9":"tag-breaking-news","10":"tag-breakingnews","11":"tag-featured-news","12":"tag-featurednews","13":"tag-glattcelle","14":"tag-headlines","15":"tag-latest-news","16":"tag-latestnews","17":"tag-news","18":"tag-no","19":"tag-nordland-politidistrikt","20":"tag-norge","21":"tag-norway","22":"tag-nyheter","23":"tag-overskrifter","24":"tag-politi","25":"tag-story","26":"tag-top-stories","27":"tag-topstories"},"share_on_mastodon":{"url":"https:\/\/pubeurope.com\/@no\/115558294600733524","error":""},"_links":{"self":[{"href":"https:\/\/www.europesays.com\/no\/wp-json\/wp\/v2\/posts\/88395","targetHints":{"allow":["GET"]}}],"collection":[{"href":"https:\/\/www.europesays.com\/no\/wp-json\/wp\/v2\/posts"}],"about":[{"href":"https:\/\/www.europesays.com\/no\/wp-json\/wp\/v2\/types\/post"}],"author":[{"embeddable":true,"href":"https:\/\/www.europesays.com\/no\/wp-json\/wp\/v2\/users\/2"}],"replies":[{"embeddable":true,"href":"https:\/\/www.europesays.com\/no\/wp-json\/wp\/v2\/comments?post=88395"}],"version-history":[{"count":0,"href":"https:\/\/www.europesays.com\/no\/wp-json\/wp\/v2\/posts\/88395\/revisions"}],"wp:featuredmedia":[{"embeddable":true,"href":"https:\/\/www.europesays.com\/no\/wp-json\/wp\/v2\/media\/9634"}],"wp:attachment":[{"href":"https:\/\/www.europesays.com\/no\/wp-json\/wp\/v2\/media?parent=88395"}],"wp:term":[{"taxonomy":"category","embeddable":true,"href":"https:\/\/www.europesays.com\/no\/wp-json\/wp\/v2\/categories?post=88395"},{"taxonomy":"post_tag","embeddable":true,"href":"https:\/\/www.europesays.com\/no\/wp-json\/wp\/v2\/tags?post=88395"}],"curies":[{"name":"wp","href":"https:\/\/api.w.org\/{rel}","templated":true}]}}