{"id":88406,"date":"2025-11-16T08:24:10","date_gmt":"2025-11-16T08:24:10","guid":{"rendered":"https:\/\/www.europesays.com\/no\/88406\/"},"modified":"2025-11-16T08:24:10","modified_gmt":"2025-11-16T08:24:10","slug":"renate-reinsve-etter-bladintervju-ma-oppklare-noe","status":"publish","type":"post","link":"https:\/\/www.europesays.com\/no\/88406\/","title":{"rendered":"Renate Reinsve etter bladintervju: \u2013 M\u00e5 oppklare noe"},"content":{"rendered":"\n<p class=\"_lead_o9xde_2 _lead_xtcu6_50 layout-component text-serif-m layout-normal text-serif-l layout-component layout-wide layout-padded _wide_17hqh_1 layout-padded\">\u2013 I Norge har vi en veldig kort filmhistorie, uttalte Reinsve (37) til amerikanske Elle nylig. N\u00e5 presiserer hun.<\/p>\n<p><img alt=\"PREMIERE: Renate Reinsve p\u00e5 premieren til \u00abAffeksjonsverdi\u00bb i London i oktober. Foto: Doug Peters \/ Pa Photos \/ NTB\" class=\"_image_qp4xg_65 layout-component layout-wide\" data-fullscreen- data-track-element-type=\"Article image fullscreen\" data-track-name=\"ImageFullscreen\" fetchpriority=\"high\" decoding=\"sync\" loading=\"eager\" height=\"4269\" itemprop=\"image\"  src=\"https:\/\/www.europesays.com\/no\/wp-content\/uploads\/2025\/11\/9a98e22a-d504-4bab-9b8e-a54e910d8a28\"  style=\"object-position:0% 0%\" width=\"5250\"\/>PREMIERE: Renate Reinsve p\u00e5 premieren til \u00abAffeksjonsverdi\u00bb i London i oktober. Foto: Doug Peters \/ Pa Photos \/ NTB Oppdatert s\u00f8ndag 16. november kl. 09:01    <\/p>\n<ul class=\"_list_o9xde_3 _list_64s2r_85 _unordered_o9xde_106 text-sans-m\">\n<li class=\"_item_o9xde_30\">Renate Reinsve er p\u00e5 forsiden av amerikanske Elle som en av \u00e5tte i \u00abWomen in Hollywood\u00bb-serien.<\/li>\n<li class=\"_item_o9xde_30\">Reinsve presiserer tidligere uttalelser om norsk filmhistorie etter et intervju med Elle.<\/li>\n<li class=\"_item_o9xde_30\">Hun skriver p\u00e5 InstaStory at Norge har en \u00abrik og stor kinohistorie\u00bb og at hun selv har v\u00e6rt del av norsk film i fem \u00e5r.<\/li>\n<\/ul>\n<p>Vis mer <\/p>\n<p class=\"_paragraph_o9xde_4 _paragraph_xtcu6_10 layout-component text-serif-m layout-normal text-serif-m layout-padded\">Den norske filmstjernen, kjent fra blant annet \u00abVerdens verste menneske\u00bb, \u00abArmand\u00bb og \u00abAffeksjonsverdi\u00bb, pryder nemlig f\u00f8rstesiden p\u00e5 verdens st\u00f8rste motemagasin.<\/p>\n<p class=\"_paragraph_o9xde_4 _paragraph_xtcu6_10 layout-component text-serif-m layout-normal text-serif-m layout-padded\">Reinsve er \u00e9n av \u00e5tte utvalgte i Elles \u00e5rlige \u00abWomen in Hollywood\u00bb-serie.<\/p>\n<p class=\"_paragraph_o9xde_4 _paragraph_xtcu6_10 layout-component text-serif-m layout-normal text-serif-m layout-padded\">Og det er i den sammenhengen hun har uttalt til bladet:<\/p>\n<p class=\"_paragraph_o9xde_4 _paragraph_xtcu6_10 layout-component text-serif-m layout-normal text-serif-m layout-padded\">\u2013 I Norge har vi en veldig kort filmhistorie. Vi begynner \u00e5 etablere noe n\u00e5, innen de siste fem \u00e5rene. Det er spennende \u00e5 v\u00e6re en del av \u00e5 bygge noe.<\/p>\n<p class=\"_paragraph_o9xde_4 _paragraph_xtcu6_10 layout-component text-serif-m layout-normal text-serif-m layout-padded\"><a href=\"http:\/\/www.vg.no\/rampelys\/i\/3MLO7X\/norsk-skuespiller-krasjet-bryllup-med-hollywood-stjerne#:~:text=Reinsve%20vant%20prisen%20for%20beste,inkludert%20tidligere%20president%20Barack%20Obama.\" data-track-element-type=\"Link\" data-track-id=\"link:3MLO7X\" class=\"_link_o9xde_39\" rel=\"nofollow noopener\" target=\"_blank\">VG<\/a> omtalte intervjuet tidligere denne uken.<\/p>\n<p><img alt=\"Foto: Fra Renate Reinsves InstaStory\" class=\"_image_qp4xg_65 layout-component layout-normal\" data-fullscreen- data-track-element-type=\"Article image fullscreen\" data-track-name=\"ImageFullscreen\" decoding=\"async\" loading=\"lazy\" height=\"2436\" itemprop=\"image\"  src=\"https:\/\/www.europesays.com\/no\/wp-content\/uploads\/2025\/11\/ccb184ea-b646-4864-949d-b83760b2c456\"  style=\"object-position:0% 0%\" width=\"1125\"\/>Foto: Fra Renate Reinsves InstaStory<\/p>\n<p class=\"_paragraph_o9xde_4 _paragraph_xtcu6_10 layout-component text-serif-m layout-normal text-serif-m layout-padded\">N\u00e5 f\u00f8ler hun for \u00e5 presisere dette med norsk filmhistorie og \u00abfem \u00e5r\u00bb.<\/p>\n<p class=\"_paragraph_o9xde_4 _paragraph_xtcu6_10 layout-component text-serif-m layout-normal text-serif-m layout-padded\">I en skriftlig post p\u00e5 <a href=\"https:\/\/www.instagram.com\/stories\/renatereinsve\/?hl=en\" class=\"_link_o9xde_39\" rel=\"nofollow noopener\" target=\"_blank\">InstaStory<\/a>, over et bilde av at hun skjuler deler ansiktet med venstre h\u00e5nd, skriver den prisbel\u00f8nnede 37-\u00e5ringen:<\/p>\n<p class=\"_paragraph_o9xde_4 _paragraph_xtcu6_10 layout-component text-serif-m layout-normal text-serif-m layout-padded\">\u00abJeg er s\u00e5 takknemlig for \u00e5 f\u00e5 v\u00e6re p\u00e5 forsiden av amerikanske Elle og bli feiret sammen med alle disse fantastiske kvinnene. Jeg har ogs\u00e5 behov for \u00e5 presisere en ting (noe som er blitt rettet). Det er bare <strong class=\"_strong_o9xde_25\">jeg<\/strong> som har v\u00e6rt en del av norsk film i fem \u00e5r.\u00bb<\/p>\n<p><img decoding=\"async\" alt=\"Bilde av Faksimile Elle\" class=\"_image_ygndg_42\" height=\"50\" itemprop=\"image\" loading=\"lazy\"  src=\"https:\/\/www.europesays.com\/no\/wp-content\/uploads\/2025\/11\/7ae8e741-d896-423b-b006-64d3ca057a06\"  width=\"40\"\/><strong class=\"_name_ygndg_51 title-serif-xs\">Faksimile Elle<\/strong><\/p>\n<p class=\"_paragraph_o9xde_4 _paragraph_xtcu6_10 layout-component text-serif-m layout-normal text-serif-m layout-padded\">Reinsve presiserer at Norge har en \u00abrik og stor kinohistorie\u00bb.<\/p>\n<p class=\"_paragraph_o9xde_4 _paragraph_xtcu6_10 layout-component text-serif-m layout-normal text-serif-m layout-padded\">\u00abOg grunnen til at jeg kan gj\u00f8re det jeg gj\u00f8r, er p\u00e5 grunn av den\u00bb, legger hun til.<\/p>\n<p class=\"_paragraph_o9xde_4 _paragraph_xtcu6_10 layout-component text-serif-m layout-normal text-serif-m layout-padded\">Hun skriver at hun synes det er s\u00e5 spennende \u00e5 v\u00e6re del av norsk film.<\/p>\n<p class=\"_paragraph_o9xde_4 _paragraph_xtcu6_10 layout-component text-serif-m layout-normal text-serif-m layout-padded\">\u00abHerregud, det er bare <strong class=\"_strong_o9xde_25\">jeg<\/strong> som har v\u00e6rt med her i fem \u00e5r\u00bb, gjentar hun.<\/p>\n<p class=\"_paragraph_o9xde_4 _paragraph_xtcu6_10 layout-component text-serif-m layout-normal text-serif-m layout-padded\">Reinsve deler deretter det samme bildet av ansiktet sitt, med solbriller, med en hjerte-emoji over.<\/p>\n<p class=\"_paragraph_o9xde_4 _paragraph_xtcu6_10 layout-component text-serif-m layout-normal text-serif-m layout-padded\">VG har fors\u00f8kt \u00e5 f\u00e5 en kommentar fra Reinsve.<\/p>\n<p class=\"_paragraph_o9xde_4 _paragraph_xtcu6_10 layout-component text-serif-m layout-normal text-serif-m layout-padded\">Norsk filmhistorie har flere internasjonale h\u00f8ydepunkter, som strekker seg lenger tilbake enn de fem \u00e5rene Reinsve selv har v\u00e6rt en del av bransjen.<\/p>\n<p><img alt=\"Bilde fra filmen \u00abVerdens verste menneske\u00bb.  Foto: Oslo Pictures \/ SF Studios \/ Christian Belgaux\" class=\"_image_qp4xg_65 layout-component layout-normal\" data-fullscreen- data-track-element-type=\"Article image fullscreen\" data-track-name=\"ImageFullscreen\" decoding=\"async\" loading=\"lazy\" height=\"2160\" itemprop=\"image\"  src=\"https:\/\/www.europesays.com\/no\/wp-content\/uploads\/2025\/11\/19718404-b62b-41a9-a546-91b8f3f00b72\"  style=\"object-position:0% 0%\" width=\"3996\"\/>Bilde fra filmen \u00abVerdens verste menneske\u00bb.  Foto: Oslo Pictures \/ SF Studios \/ Christian Belgaux<\/p>\n<p class=\"_paragraph_o9xde_4 _paragraph_xtcu6_10 layout-component text-serif-m layout-normal text-serif-m layout-padded\">Dokumentaren om Kon-Tiki-ekspedisjonen sikret Norge sin f\u00f8rste Oscar da den vant prisen for beste dokumentarfilm i 1951. I 2007 kom den andre norske Oscar-seieren, da Torill Koves norsk-kanadiske animasjonskortfilm \u00abThe Danish Poet\u00bb ble k\u00e5ret til beste animerte kortfilm.<\/p>\n<p class=\"_paragraph_o9xde_4 _paragraph_xtcu6_10 layout-component text-serif-m layout-normal text-serif-m layout-padded\">Arne Skouens \u00abNi liv\u00bb ble nominert til Oscar for beste internasjonale film, syv \u00e5r etter Kon-Tiki-suksessen, i 1958.<\/p>\n<p class=\"_paragraph_o9xde_4 _paragraph_xtcu6_10 layout-component text-serif-m layout-normal text-serif-m layout-padded\">Senere fulgte Nils Gaups \u00abVeiviseren\u00bb (1987) og Petter N\u00e6ss\u2019 \u00abElling\u00bb (2001) med nominasjoner i samme kategori.<\/p>\n<p class=\"_paragraph_o9xde_4 _paragraph_xtcu6_10 layout-component text-serif-m layout-normal text-serif-m layout-padded\">I 2012 fortsatte suksessen da spillefilmen \u00abKon-Tiki\u00bb ble nominert til b\u00e5de Oscar og Golden Globe.<\/p>\n<p class=\"_paragraph_o9xde_4 _paragraph_xtcu6_10 layout-component text-serif-m layout-normal text-serif-m layout-padded\">Men Reinsve har ogs\u00e5 skrevet filmhistorie og skapt seg et navn langt utenfor Norges grenser.<\/p>\n<p class=\"_paragraph_o9xde_4 _paragraph_xtcu6_10 layout-component text-serif-m layout-normal text-serif-m layout-padded\">Etter at hun spilte i \u00abVerdens verste menneske\u00bb, fikk hun prisen for \u00abBeste kvinnelige hovedrolle\u00bb i Cannes 2021, og den samme prisen under Amandaprisen i 2022.<\/p>\n<p class=\"_paragraph_o9xde_4 _paragraph_xtcu6_10 layout-component text-serif-m layout-normal text-serif-m layout-padded\">Reinsve ble nominert til European Film Awards og BAFTABAFTABritish Academy Film Awards Awards i samme kategori \u2013 for samme film.<\/p>\n<p class=\"_paragraph_o9xde_4 _paragraph_xtcu6_10 layout-component text-serif-m layout-normal text-serif-m layout-padded\">Hun har ogs\u00e5 f\u00e5tt tildelt Kon-Tiki-prisen fra Nordisk Film i 2025. Den er delt med Halfdan Ullmann T\u00f8ndel for deres samarbeid p\u00e5 filmen \u00abArmand\u00bb.<\/p>\n<p>Les ogs\u00e5<br \/>\n    <script async src=\"\/\/www.instagram.com\/embed.js\"><\/script><\/p>\n","protected":false},"excerpt":{"rendered":"\u2013 I Norge har vi en veldig kort filmhistorie, uttalte Reinsve (37) til amerikanske Elle nylig. N\u00e5 presiserer&hellip;\n","protected":false},"author":2,"featured_media":88407,"comment_status":"","ping_status":"","sticky":false,"template":"","format":"standard","meta":{"footnotes":""},"categories":[58],"tags":[71,30,28,29,3243,72],"class_list":{"0":"post-88406","1":"post","2":"type-post","3":"status-publish","4":"format-standard","5":"has-post-thumbnail","7":"category-underholdning","8":"tag-entertainment","9":"tag-no","10":"tag-norge","11":"tag-norway","12":"tag-renate-reinsve","13":"tag-underholdning"},"share_on_mastodon":{"url":"https:\/\/pubeurope.com\/@no\/115558420656648951","error":""},"_links":{"self":[{"href":"https:\/\/www.europesays.com\/no\/wp-json\/wp\/v2\/posts\/88406","targetHints":{"allow":["GET"]}}],"collection":[{"href":"https:\/\/www.europesays.com\/no\/wp-json\/wp\/v2\/posts"}],"about":[{"href":"https:\/\/www.europesays.com\/no\/wp-json\/wp\/v2\/types\/post"}],"author":[{"embeddable":true,"href":"https:\/\/www.europesays.com\/no\/wp-json\/wp\/v2\/users\/2"}],"replies":[{"embeddable":true,"href":"https:\/\/www.europesays.com\/no\/wp-json\/wp\/v2\/comments?post=88406"}],"version-history":[{"count":0,"href":"https:\/\/www.europesays.com\/no\/wp-json\/wp\/v2\/posts\/88406\/revisions"}],"wp:featuredmedia":[{"embeddable":true,"href":"https:\/\/www.europesays.com\/no\/wp-json\/wp\/v2\/media\/88407"}],"wp:attachment":[{"href":"https:\/\/www.europesays.com\/no\/wp-json\/wp\/v2\/media?parent=88406"}],"wp:term":[{"taxonomy":"category","embeddable":true,"href":"https:\/\/www.europesays.com\/no\/wp-json\/wp\/v2\/categories?post=88406"},{"taxonomy":"post_tag","embeddable":true,"href":"https:\/\/www.europesays.com\/no\/wp-json\/wp\/v2\/tags?post=88406"}],"curies":[{"name":"wp","href":"https:\/\/api.w.org\/{rel}","templated":true}]}}