{"id":88444,"date":"2025-11-16T09:49:11","date_gmt":"2025-11-16T09:49:11","guid":{"rendered":"https:\/\/www.europesays.com\/no\/88444\/"},"modified":"2025-11-16T09:49:11","modified_gmt":"2025-11-16T09:49:11","slug":"siktet-for-kroppsskade-etter-knivstikking-pa-gronland","status":"publish","type":"post","link":"https:\/\/www.europesays.com\/no\/88444\/","title":{"rendered":"Siktet for kroppsskade etter knivstikking p\u00e5 Gr\u00f8nland"},"content":{"rendered":"\n<p class=\"_lead_o9xde_2 _lead_xtcu6_50 layout-component text-serif-m layout-normal text-serif-l layout-component layout-wide layout-padded _wide_17hqh_1 layout-padded\">Politiet \u00f8nsker \u00e5 avh\u00f8re de to p\u00e5grepne i l\u00f8pet av dagen.<\/p>\n<p><img alt=\"KNIVSTIKKING: Her jobber politiet i gaten p\u00e5 Gr\u00f8nland utenfor serveringsstedet der konflikten startet l\u00f8rdag kveld.  Foto: Jonas Been Henriksen \/ NTB\" class=\"_image_qp4xg_65 layout-component layout-wide\" data-fullscreen- data-track-element-type=\"Article image fullscreen\" data-track-name=\"ImageFullscreen\" fetchpriority=\"high\" decoding=\"sync\" loading=\"eager\" height=\"5329\" itemprop=\"image\"  src=\"https:\/\/www.europesays.com\/no\/wp-content\/uploads\/2025\/11\/1763286549_921_d990c471-3aef-4afd-9e0b-df52f7d490aa\"  style=\"object-position:0% 0%\" width=\"7994\"\/>KNIVSTIKKING: Her jobber politiet i gaten p\u00e5 Gr\u00f8nland utenfor serveringsstedet der konflikten startet l\u00f8rdag kveld.  Foto: Jonas Been Henriksen \/ NTB<\/p>\n<ul aria-hidden=\"true\" class=\"_images_18f0k_111\">\n<li><a class=\"_link_18f0k_116\" href=\"https:\/\/www.vg.no\/forfatter\/synne-eggum-myrvang\" style=\"z-index:1\" title=\"Synne Eggum Myrvang\" rel=\"nofollow noopener\" target=\"_blank\"><img alt=\"Bilde av Synne Eggum Myrvang\" class=\"_image_18f0k_93\" fetchpriority=\"low\" loading=\"lazy\" decoding=\"async\" itemprop=\"image\"  src=\"https:\/\/www.europesays.com\/no\/wp-content\/uploads\/2025\/11\/1763286549_204_cb0de739-d6fc-42ac-b090-963b122bad0d\"  width=\"480\"\/><\/a><\/li>\n<\/ul>\n<p> Oppdatert s\u00f8ndag 16. november kl. 10:19     <\/p>\n<p class=\"_paragraph_o9xde_4 _paragraph_xtcu6_10 layout-component text-serif-m layout-normal text-serif-m layout-padded\">Knivstikkingen skal ha skjedd p\u00e5 og utenfor et serveringssted p\u00e5 Gr\u00f8nland i 22-tiden l\u00f8rdag kveld. <\/p>\n<p class=\"_paragraph_o9xde_4 _paragraph_xtcu6_10 layout-component text-serif-m layout-normal text-serif-m layout-padded\">Den f\u00f8rste meldingen gjaldt et slagsm\u00e5l mellom flere personer. Da politiet kom til stedet, fant de en <a href=\"https:\/\/www.vg.no\/nyheter\/i\/B078ME\/knivstikking-i-oslo\" data-track-element-type=\"Link\" data-track-id=\"link:B078ME\" class=\"_link_o9xde_39\" rel=\"nofollow noopener\" target=\"_blank\">mann i slutten av 20-\u00e5rene med stikkskader<\/a>. <\/p>\n<p class=\"_paragraph_o9xde_4 _paragraph_xtcu6_10 layout-component text-serif-m layout-normal text-serif-m layout-padded\">Det var da snakk om alvorlig, men ikke livstruende skader. <\/p>\n<p class=\"_paragraph_o9xde_4 _paragraph_xtcu6_10 layout-component text-serif-m layout-normal text-serif-m layout-padded\">To menn som ble observert l\u00f8pende fra stedet, ble senere p\u00e5grepet av politiet. <\/p>\n<p class=\"_paragraph_o9xde_4 _paragraph_xtcu6_10 layout-component text-serif-m layout-normal text-serif-m layout-padded\">\u2013 De er n\u00e5 siktet for kroppsskade, sier politiadvokat Erlend Hals Bakke til VG s\u00f8ndag formiddag. <\/p>\n<p><img alt=\"Konflikten mellom de unge mennene skal ha startet inne, f\u00f8r den endte utend\u00f8rs.   Foto: Elise Kvien \/ VG\" class=\"_image_qp4xg_65 layout-component layout-normal\" data-fullscreen- data-track-element-type=\"Article image fullscreen\" data-track-name=\"ImageFullscreen\" decoding=\"async\" loading=\"lazy\" height=\"3024\" itemprop=\"image\"  src=\"https:\/\/www.europesays.com\/no\/wp-content\/uploads\/2025\/11\/1763286549_790_9dc22663-f8d6-4cc5-925f-10827d2ba114\"  style=\"object-position:0% 0%\" width=\"4032\"\/>Konflikten mellom de unge mennene skal ha startet inne, f\u00f8r den endte utend\u00f8rs.   Foto: Elise Kvien \/ VG<\/p>\n<p class=\"_paragraph_o9xde_4 _paragraph_xtcu6_10 layout-component text-serif-m layout-normal text-serif-m layout-padded\">\u2013 Vet dere n\u00e5 noe mer om \u00e5rsaken til konflikten som oppsto?<\/p>\n<p class=\"_paragraph_o9xde_4 _paragraph_xtcu6_10 layout-component text-serif-m layout-normal text-serif-m layout-padded\">\u2013 Vi vil fors\u00f8ke \u00e5 avh\u00f8re de siktede i dag, og det kan kaste lys over dette sp\u00f8rsm\u00e5let, sier Hals Bakke videre. <\/p>\n<p class=\"_paragraph_o9xde_4 _paragraph_xtcu6_10 layout-component text-serif-m layout-normal text-serif-m layout-padded\">Begge de siktede er menn i slutten av ten\u00e5rene. <\/p>\n<p class=\"_paragraph_o9xde_4 _paragraph_xtcu6_10 layout-component text-serif-m layout-normal text-serif-m layout-padded\">\u2013 Hvordan g\u00e5r det med den forn\u00e6rmede?<\/p>\n<p class=\"_paragraph_o9xde_4 _paragraph_xtcu6_10 layout-component text-serif-m layout-normal text-serif-m layout-padded\">\u2013 Jeg har forel\u00f8pig ikke f\u00e5tt noen oppdatering om skadestatusen, sier politiadvokaten. <\/p>\n<p>    <img decoding=\"async\" alt=\"Tips oss illustrasjon\" src=\"https:\/\/www.europesays.com\/no\/wp-content\/uploads\/2025\/10\/pssst-small.webp.webp\"\/>    <\/p>\n<p class=\"title-serif-s\">Har du tips?<\/p>\n<p class=\"text-sans-m\">Send oss informasjon, bilder eller video.<\/p>\n<p>  <a href=\"https:\/\/www.vg.no\/tips-oss\" rel=\"nofollow noopener\" target=\"_blank\"> Tips oss <\/a>      <\/p>\n","protected":false},"excerpt":{"rendered":"Politiet \u00f8nsker \u00e5 avh\u00f8re de to p\u00e5grepne i l\u00f8pet av dagen. KNIVSTIKKING: Her jobber politiet i gaten p\u00e5&hellip;\n","protected":false},"author":2,"featured_media":88445,"comment_status":"","ping_status":"","sticky":false,"template":"","format":"standard","meta":{"footnotes":""},"categories":[10],"tags":[31,20,21,24,25,15,1476,22,23,13,30,28,29,14,636,16,26,27,493],"class_list":{"0":"post-88444","1":"post","2":"type-post","3":"status-publish","4":"format-standard","5":"has-post-thumbnail","7":"category-norge","8":"tag-breaking","9":"tag-breaking-news","10":"tag-breakingnews","11":"tag-featured-news","12":"tag-featurednews","13":"tag-headlines","14":"tag-knivstikking","15":"tag-latest-news","16":"tag-latestnews","17":"tag-news","18":"tag-no","19":"tag-norge","20":"tag-norway","21":"tag-nyheter","22":"tag-oslo","23":"tag-overskrifter","24":"tag-top-stories","25":"tag-topstories","26":"tag-vold"},"share_on_mastodon":{"url":"https:\/\/pubeurope.com\/@no\/115558754959392093","error":""},"_links":{"self":[{"href":"https:\/\/www.europesays.com\/no\/wp-json\/wp\/v2\/posts\/88444","targetHints":{"allow":["GET"]}}],"collection":[{"href":"https:\/\/www.europesays.com\/no\/wp-json\/wp\/v2\/posts"}],"about":[{"href":"https:\/\/www.europesays.com\/no\/wp-json\/wp\/v2\/types\/post"}],"author":[{"embeddable":true,"href":"https:\/\/www.europesays.com\/no\/wp-json\/wp\/v2\/users\/2"}],"replies":[{"embeddable":true,"href":"https:\/\/www.europesays.com\/no\/wp-json\/wp\/v2\/comments?post=88444"}],"version-history":[{"count":0,"href":"https:\/\/www.europesays.com\/no\/wp-json\/wp\/v2\/posts\/88444\/revisions"}],"wp:featuredmedia":[{"embeddable":true,"href":"https:\/\/www.europesays.com\/no\/wp-json\/wp\/v2\/media\/88445"}],"wp:attachment":[{"href":"https:\/\/www.europesays.com\/no\/wp-json\/wp\/v2\/media?parent=88444"}],"wp:term":[{"taxonomy":"category","embeddable":true,"href":"https:\/\/www.europesays.com\/no\/wp-json\/wp\/v2\/categories?post=88444"},{"taxonomy":"post_tag","embeddable":true,"href":"https:\/\/www.europesays.com\/no\/wp-json\/wp\/v2\/tags?post=88444"}],"curies":[{"name":"wp","href":"https:\/\/api.w.org\/{rel}","templated":true}]}}