{"id":88468,"date":"2025-11-16T10:28:43","date_gmt":"2025-11-16T10:28:43","guid":{"rendered":"https:\/\/www.europesays.com\/no\/88468\/"},"modified":"2025-11-16T10:28:43","modified_gmt":"2025-11-16T10:28:43","slug":"desta-marie-beeder-er-ute-av-skal-vi-danse","status":"publish","type":"post","link":"https:\/\/www.europesays.com\/no\/88468\/","title":{"rendered":"Desta Marie Beeder er ute av \u00abSkal vi danse\u00bb"},"content":{"rendered":"<p class=\"kicker \" style=\"\">\u00abSkal vi danse\u00bb:\u00a0<\/p>\n<p>  Nok en deltaker m\u00e5tte takke for seg l\u00f8rdag kveld.<\/p>\n<p>\n    UTE: Desta Marie Beeder tapte duellen mot Trygve Bennetsen og m\u00e5tte forlate konkurransen. Foto: Thomas Andersen \/ TV 2\n  <\/p>\n<p class=\"italic m-italic\" data-lab-italic=\"italic\">FORNEBU (Dagbladet): L\u00f8rdag kveld har de resterende \u00e5tte parene i \u00abSkal vi danse\u00bb gitt alt p\u00e5 parketten, i h\u00e5p om \u00e5 komme seg videre til neste program.\u00a0<\/p>\n<p>Temaet denne gangen var \u00abKampkveld\u00bb, og deltakerne har kjempet mot hverandre i fire ulike dansestiler, og kvelden avsluttet med fire salsadueller.\u00a0<\/p>\n<p>    <a itemprop=\"url\" href=\"https:\/\/www.dagbladet.no\/kjendis\/ikke-darlig-stemning\/83840636\" rel=\"nofollow noopener\" target=\"_blank\"><\/p>\n<p>      <img loading=\"lazy\" decoding=\"async\" src=\"https:\/\/www.europesays.com\/no\/wp-content\/uploads\/2025\/11\/80221951.webp\" width=\"147\" height=\"98\" title=\"- Ikke d\u00e5rlig stemning\" alt=\"\" class=\"lazyload\" style=\"--aspect-ratio-image: 1.50; \"\/><\/p>\n<p>        &#8211; Ikke d\u00e5rlig stemning<\/p>\n<p>    <\/a><\/p>\n<p>Forrige uke var det ingen deltakere som m\u00e5tte forlate danseeventyret, og alle var sikret en ekstra uke p\u00e5 parketten. N\u00e5 er det imidlertid tilbake som f\u00f8r og to par m\u00e5 ut i danseduell.<\/p>\n<p class=\"font-weight-bold m-font-weight-bold\" data-lab-font_weight=\"font-weight-bold\">Etter at dommerpoeng og seerstemmer var lagt sammen, ble det klart at det var Desta Marie Beeder (37) og Trygve Bennetsen (23) som m\u00e5tte m\u00f8tes i en duell.\u00a0<\/p>\n<p>        I BAKKEN: Under \u00f8ving til l\u00f8rdagens \u00abSkal vi danse\u00bb-sending, g\u00e5r dansepartneren til Trygve Bennetsen, Ida Amy Sund, i bakken. Video: Thea Hope\/ R\u00f8d L\u00f8per<\/p>\n<p>Til slutt var det Beeder som trakk det korteste str\u00e5et og m\u00e5tte forlate konkurransen.\u00a0<\/p>\n<p>    <a itemprop=\"url\" href=\"https:\/\/www.dagbladet.no\/kjendis\/begynner-a-bli-farlig\/83856362\" rel=\"nofollow noopener\" target=\"_blank\"><\/p>\n<p>      <img loading=\"lazy\" decoding=\"async\" src=\"https:\/\/www.europesays.com\/no\/wp-content\/uploads\/2025\/11\/1763288922_540_83857421.webp\" width=\"147\" height=\"98\" title=\"- Begynner \u00e5 bli farlig\" alt=\"\" class=\"lazyload\" style=\"--aspect-ratio-image: 1.50; \"\/><\/p>\n<p>        &#8211; Begynner \u00e5 bli farlig<\/p>\n<p>    <\/a><\/p>\n<p>N\u00e5r Dagbladet tar en prat med Beeder legger hun ikke skjul p\u00e5 at hun syns det er trist at danseeventyret er over.\u00a0<\/p>\n<p>&#8211; Det g\u00e5r fint. Det er jo selvf\u00f8lgelig veldig, veldig trist. S\u00e5 tror jeg hjernen m\u00e5 omstille seg litt at det ikke blir trening i morgen, men jeg er utrolig takknemlig for alt vi har f\u00e5tt oppleve sammen, sier hun.\u00a0<\/p>\n<p>          <img loading=\"lazy\" decoding=\"async\" src=\"https:\/\/www.europesays.com\/no\/wp-content\/uploads\/2025\/11\/83857846.webp\" width=\"686\" height=\"460\" title=\"GODT VENNSKAP: Desta Marie Beeder og Tarjei Svalastog har f\u00e5tt et n\u00e6rt vennskap under \u00abSkal vi danse\u00bb-eventyret. Foto: Thomas Andersen \/ TV 2\" alt=\"\" class=\"\" style=\"--aspect-ratio-image: 1.49; \"\/><\/p>\n<p>\n          GODT VENNSKAP: Desta Marie Beeder og Tarjei Svalastog har f\u00e5tt et n\u00e6rt vennskap under \u00abSkal vi danse\u00bb-eventyret. Foto: Thomas Andersen \/ TV 2\n      <\/p>\n<p>De siste m\u00e5nedene har hun og dansepartner Tarjei Svalastog (27) blitt godt kjent med hverandre og f\u00e5tt et n\u00e6rt vennskap.\u00a0\u00a0<\/p>\n<p class=\"font-weight-black m-font-weight-black\" data-lab-font_weight=\"font-weight-black\">&#8211; Det har v\u00e6rt en helt fantastisk tid og partnerskapet vi to har hatt har betydd veldig mye for meg. Det er det fineste jeg sitter igjen med etter \u00abSkal vi danse\u00bb.\u00a0<\/p>\n<p class=\"italic m-italic\" data-lab-italic=\"italic\">&#8211; Tarjei, du har jo trent Desta fra dag \u00e9n. Hvordan har det v\u00e6rt?<\/p>\n<p>          <img loading=\"lazy\" decoding=\"async\" src=\"https:\/\/www.europesays.com\/no\/wp-content\/uploads\/2025\/11\/83857844.webp\" width=\"686\" height=\"460\" title=\"TRIST: Beeder deler \u00e6rlig at hun syns det er trist \u00e5 forlate konkurransen. Foto: Thomas Andersen \/ TV 2\" alt=\"\" class=\"\" style=\"--aspect-ratio-image: 1.49; \"\/><\/p>\n<p>\n          TRIST: Beeder deler \u00e6rlig at hun syns det er trist \u00e5 forlate konkurransen. Foto: Thomas Andersen \/ TV 2\n      <\/p>\n<p>&#8211; Desta var ikke den beste danseren som kom inn i \u00e5r, men hun har v\u00e6rt den som har trent desidert mest. Spesielt n\u00e5 i det siste, og jeg har aldri danset med noen f\u00f8r som bare har g\u00e5tt opp i poeng for hver sending. Det er sykt imponerende \u00e5 f\u00e5 til &#8211; og jeg er utrolig stolt over det Desta har f\u00e5tt til og hennes mentalitet, sier han.\u00a0<\/p>\n<p>Han fortsetter:\u00a0<\/p>\n<p>        MIMRER: Realityprofil Grunde Myhrer r\u00f8per ukjente detaljer om da han deltok i \u00abSkal vi danse\u00bb i 2017. Video: Thea Hope \/ Nora Skavhaug \/ TV 2<\/p>\n<p>&#8211; Jeg er s\u00e5 glad for at jeg har f\u00e5tt danset med henne, for jeg har blitt veldig, veldig glad i Desta. Jeg h\u00e5per vi kan fortsette \u00e5 henge litt videre ogs\u00e5, og jeg h\u00e5per at jeg har funnet enn venn for livet.\u00a0<\/p>\n<p>&#8211; Og hun skal bli invitert i bryllupet, skyter han inn med et smil.\u00a0<\/p>\n","protected":false},"excerpt":{"rendered":"\u00abSkal vi danse\u00bb:\u00a0 Nok en deltaker m\u00e5tte takke for seg l\u00f8rdag kveld. UTE: Desta Marie Beeder tapte duellen&hellip;\n","protected":false},"author":2,"featured_media":88469,"comment_status":"","ping_status":"","sticky":false,"template":"","format":"standard","meta":{"footnotes":""},"categories":[5],"tags":[20,21,24,25,15,19,479,22,23,17,18,13,30,28,29,14,16,2280,26,27,9216],"class_list":{"0":"post-88468","1":"post","2":"type-post","3":"status-publish","4":"format-standard","5":"has-post-thumbnail","7":"category-overskrifter","8":"tag-breaking-news","9":"tag-breakingnews","10":"tag-featured-news","11":"tag-featurednews","12":"tag-headlines","13":"tag-hovedoppslag","14":"tag-kjendis","15":"tag-latest-news","16":"tag-latestnews","17":"tag-main-news","18":"tag-mainnews","19":"tag-news","20":"tag-no","21":"tag-norge","22":"tag-norway","23":"tag-nyheter","24":"tag-overskrifter","25":"tag-skal-vi-danse","26":"tag-top-stories","27":"tag-topstories","28":"tag-ute-av-konkurransen"},"share_on_mastodon":{"url":"https:\/\/pubeurope.com\/@no\/115558908253084266","error":""},"_links":{"self":[{"href":"https:\/\/www.europesays.com\/no\/wp-json\/wp\/v2\/posts\/88468","targetHints":{"allow":["GET"]}}],"collection":[{"href":"https:\/\/www.europesays.com\/no\/wp-json\/wp\/v2\/posts"}],"about":[{"href":"https:\/\/www.europesays.com\/no\/wp-json\/wp\/v2\/types\/post"}],"author":[{"embeddable":true,"href":"https:\/\/www.europesays.com\/no\/wp-json\/wp\/v2\/users\/2"}],"replies":[{"embeddable":true,"href":"https:\/\/www.europesays.com\/no\/wp-json\/wp\/v2\/comments?post=88468"}],"version-history":[{"count":0,"href":"https:\/\/www.europesays.com\/no\/wp-json\/wp\/v2\/posts\/88468\/revisions"}],"wp:featuredmedia":[{"embeddable":true,"href":"https:\/\/www.europesays.com\/no\/wp-json\/wp\/v2\/media\/88469"}],"wp:attachment":[{"href":"https:\/\/www.europesays.com\/no\/wp-json\/wp\/v2\/media?parent=88468"}],"wp:term":[{"taxonomy":"category","embeddable":true,"href":"https:\/\/www.europesays.com\/no\/wp-json\/wp\/v2\/categories?post=88468"},{"taxonomy":"post_tag","embeddable":true,"href":"https:\/\/www.europesays.com\/no\/wp-json\/wp\/v2\/tags?post=88468"}],"curies":[{"name":"wp","href":"https:\/\/api.w.org\/{rel}","templated":true}]}}