{"id":88470,"date":"2025-11-16T10:33:08","date_gmt":"2025-11-16T10:33:08","guid":{"rendered":"https:\/\/www.europesays.com\/no\/88470\/"},"modified":"2025-11-16T10:33:08","modified_gmt":"2025-11-16T10:33:08","slug":"mekaniker-hater-denne-knappen-hvis-man-ikke-bruker-den-varer-motoren-dobbelt-sa-lenge-2","status":"publish","type":"post","link":"https:\/\/www.europesays.com\/no\/88470\/","title":{"rendered":"Mekaniker hater denne knappen: &laquo;Hvis man ikke bruker den, varer motoren dobbelt s\u00e5 lenge&raquo;"},"content":{"rendered":"<p>Moderne biler er fulle av smarte funksjoner og knapper.<\/p>\n<p>Men ikke alle er like popul\u00e6re, og spesielt start\/stopp-knappen har f\u00e5 tilhengere.<\/p>\n<p>If\u00f8lge en ny britisk unders\u00f8kelse er dette den mest hatede bilfunksjonen. Og sp\u00f8r man den amerikanske mekanikeren og YouTube-profilen Scotty Kilmer, burde den slett ikke eksistert.Det skriver mediet\u00a0<a href=\"https:\/\/carup.se\/mekanikern-sla-av-knappen-dubbla-motorns-liv-2\/#google_vignette\" target=\"_blank\" rel=\"noreferrer noopener nofollow\">Carup<\/a>.<\/p>\n<p>&laquo;Hvis man ikke bruker den, varer motoren dobbelt s\u00e5 lenge&raquo;, sier den frittalende mekanikeren, og legger til:<\/p>\n<p>&laquo;Start\/stopp-knappen er det dummeste som har kommet p\u00e5 mange \u00e5r. 97 prosent av slitasjen skjer n\u00e5r du starter bilen. S\u00e5 vil du fortsette \u00e5 starte og stoppe? Ikke hvis du vil at bilen skal vare lenger&raquo;.<\/p>\n<p><strong>Ekspert er uenig<\/strong><\/p>\n<p>Ikke alle eksperter er enige i den bastante p\u00e5standen.<\/p>\n<p>Den svenske serviceteknikeren Marc Ribeiro ved Bj\u00f6rkmans Bil i Falun har en litt annen vurdering av knappen.<\/p>\n<p>&laquo;P\u00e5 \u00e9n m\u00e5te kan jeg forst\u00e5 hvordan han tenker. Men det er ikke s\u00e5 enkelt. Det som belaster motoren mest, er \u00e5 starte bilen, men n\u00e5r denne funksjonen brukes, er motoren allerede varm&raquo;, sier han.<\/p>\n<p>Han peker ogs\u00e5 p\u00e5 at funksjonen faktisk har et viktig form\u00e5l \u2013 nemlig \u00e5 redusere drivstofforbruket og sk\u00e5ne milj\u00f8et.<\/p>\n<p><strong>S\u00e5 hva b\u00f8r du gj\u00f8re?<\/strong><\/p>\n<p>B\u00f8r du trykke &#8216;av&#8217; og potensielt forlenge motorens levetid \u2013 eller heller nyte de sm\u00e5 drivstoffbesparelsene?<\/p>\n<p>Det finnes ikke noe klart fasitsvar.<\/p>\n<p>Det kommer nok an p\u00e5 hvor h\u00f8yt du verdsetter bilen din \u2013 eller hvor mye du hater den lille irriterende knappen.<\/p>\n","protected":false},"excerpt":{"rendered":"Moderne biler er fulle av smarte funksjoner og knapper. Men ikke alle er like popul\u00e6re, og spesielt start\/stopp-knappen&hellip;\n","protected":false},"author":2,"featured_media":61592,"comment_status":"","ping_status":"","sticky":false,"template":"","format":"standard","meta":{"footnotes":""},"categories":[12],"tags":[20,21,24,25,15,22,23,13,30,28,29,14,16,26,27,42,43,44,45],"class_list":{"0":"post-88470","1":"post","2":"type-post","3":"status-publish","4":"format-standard","5":"has-post-thumbnail","7":"category-verden","8":"tag-breaking-news","9":"tag-breakingnews","10":"tag-featured-news","11":"tag-featurednews","12":"tag-headlines","13":"tag-latest-news","14":"tag-latestnews","15":"tag-news","16":"tag-no","17":"tag-norge","18":"tag-norway","19":"tag-nyheter","20":"tag-overskrifter","21":"tag-top-stories","22":"tag-topstories","23":"tag-verden","24":"tag-world","25":"tag-world-news","26":"tag-worldnews"},"share_on_mastodon":{"url":"https:\/\/pubeurope.com\/@no\/115558927950997104","error":""},"_links":{"self":[{"href":"https:\/\/www.europesays.com\/no\/wp-json\/wp\/v2\/posts\/88470","targetHints":{"allow":["GET"]}}],"collection":[{"href":"https:\/\/www.europesays.com\/no\/wp-json\/wp\/v2\/posts"}],"about":[{"href":"https:\/\/www.europesays.com\/no\/wp-json\/wp\/v2\/types\/post"}],"author":[{"embeddable":true,"href":"https:\/\/www.europesays.com\/no\/wp-json\/wp\/v2\/users\/2"}],"replies":[{"embeddable":true,"href":"https:\/\/www.europesays.com\/no\/wp-json\/wp\/v2\/comments?post=88470"}],"version-history":[{"count":0,"href":"https:\/\/www.europesays.com\/no\/wp-json\/wp\/v2\/posts\/88470\/revisions"}],"wp:featuredmedia":[{"embeddable":true,"href":"https:\/\/www.europesays.com\/no\/wp-json\/wp\/v2\/media\/61592"}],"wp:attachment":[{"href":"https:\/\/www.europesays.com\/no\/wp-json\/wp\/v2\/media?parent=88470"}],"wp:term":[{"taxonomy":"category","embeddable":true,"href":"https:\/\/www.europesays.com\/no\/wp-json\/wp\/v2\/categories?post=88470"},{"taxonomy":"post_tag","embeddable":true,"href":"https:\/\/www.europesays.com\/no\/wp-json\/wp\/v2\/tags?post=88470"}],"curies":[{"name":"wp","href":"https:\/\/api.w.org\/{rel}","templated":true}]}}