{"id":88471,"date":"2025-11-16T10:34:15","date_gmt":"2025-11-16T10:34:15","guid":{"rendered":"https:\/\/www.europesays.com\/no\/88471\/"},"modified":"2025-11-16T10:34:15","modified_gmt":"2025-11-16T10:34:15","slug":"trafikk-surnadal-kjorte-av-veien-glatt-pa-stedet","status":"publish","type":"post","link":"https:\/\/www.europesays.com\/no\/88471\/","title":{"rendered":"Trafikk, Surnadal | Kj\u00f8rte av veien: \u2013 Glatt p\u00e5 stedet"},"content":{"rendered":"\n<p>Det opplyser operasjonsleder Tove Host-Dyrnes i politiloggen klokken 07.29.<\/p>\n<p>\u2013 Ukjent skadegrad, meldte operasjonslederen p\u00e5 det tidspunktet.<\/p>\n<p>Ett kj\u00f8ret\u00f8y og \u00e9n person, en mann i 20-\u00e5rene, var involvert.<\/p>\n<p>Litt senere, klokken 07.49, kunne operasjonsleder Leif Arne Mork opplyse at ambulanse var p\u00e5 stedet, og at ulykken ikke framstod som alvorlig.<\/p>\n<p>\u2013 Bilf\u00f8reren blir tatt med til lege for unders\u00f8kelse, skrev han.<\/p>\n<p>Utforkj\u00f8ringen skjedde p\u00e5 Lykkjeeidet i Surnadal. Bilen st\u00e5r ikke til hinder for annen trafikk.<\/p>\n<p>Politiet har v\u00e6rt i dialog med mannen. Det er ikke mistanke om promillekj\u00f8ring.<\/p>\n<p>Det har oppst\u00e5tt skader p\u00e5 bil og et autovern. Politiet oppretter sak.<\/p>\n<p>\u2013 Vi oppretter sak p\u00e5 uaktsom kj\u00f8ring. F\u00f8reren vil bli kalt inn for et avh\u00f8r, sier operasjonsleder Mork til Tidens Krav.<\/p>\n<p>  <a href=\"https:\/\/www.tk.no\/5-51-1772278\" class=\"related-teaser has-image default-story-teaser article--c-eRUmMG article--c-eRUmMG-jKCPdD-design-default\" rel=\"nofollow noopener\" target=\"_blank\"><\/p>\n<p>    <img decoding=\"async\" loading=\"lazy\"  src=\"https:\/\/www.europesays.com\/no\/wp-content\/uploads\/2025\/11\/1763289255_180_unnamed+%283%29.jpg\" alt=\"\" class=\"brick-c-cFOWSL\" style=\"\"\/><\/p>\n<p>\n            Les ogs\u00e5<\/p>\n<p>              Meteorologen om m\u00f8kkav\u00e6ret: \u2013 Dere f\u00e5r sterk kuling og sn\u00f8 ned til fj\u00e6resteinene\n        <\/p>\n<p>  <\/a><\/p>\n","protected":false},"excerpt":{"rendered":"Det opplyser operasjonsleder Tove Host-Dyrnes i politiloggen klokken 07.29. \u2013 Ukjent skadegrad, meldte operasjonslederen p\u00e5 det tidspunktet. Ett&hellip;\n","protected":false},"author":2,"featured_media":4145,"comment_status":"","ping_status":"","sticky":false,"template":"","format":"standard","meta":{"footnotes":""},"categories":[10],"tags":[36,20,21,24,25,15,22,23,13,30,28,29,14,16,254,1510,1716,26,27,224],"class_list":{"0":"post-88471","1":"post","2":"type-post","3":"status-publish","4":"format-standard","5":"has-post-thumbnail","7":"category-norge","8":"tag-art","9":"tag-breaking-news","10":"tag-breakingnews","11":"tag-featured-news","12":"tag-featurednews","13":"tag-headlines","14":"tag-latest-news","15":"tag-latestnews","16":"tag-news","17":"tag-no","18":"tag-norge","19":"tag-norway","20":"tag-nyheter","21":"tag-overskrifter","22":"tag-politi","23":"tag-story","24":"tag-surnadal","25":"tag-top-stories","26":"tag-topstories","27":"tag-trafikk"},"share_on_mastodon":{"url":"https:\/\/pubeurope.com\/@no\/115558932042792685","error":""},"_links":{"self":[{"href":"https:\/\/www.europesays.com\/no\/wp-json\/wp\/v2\/posts\/88471","targetHints":{"allow":["GET"]}}],"collection":[{"href":"https:\/\/www.europesays.com\/no\/wp-json\/wp\/v2\/posts"}],"about":[{"href":"https:\/\/www.europesays.com\/no\/wp-json\/wp\/v2\/types\/post"}],"author":[{"embeddable":true,"href":"https:\/\/www.europesays.com\/no\/wp-json\/wp\/v2\/users\/2"}],"replies":[{"embeddable":true,"href":"https:\/\/www.europesays.com\/no\/wp-json\/wp\/v2\/comments?post=88471"}],"version-history":[{"count":0,"href":"https:\/\/www.europesays.com\/no\/wp-json\/wp\/v2\/posts\/88471\/revisions"}],"wp:featuredmedia":[{"embeddable":true,"href":"https:\/\/www.europesays.com\/no\/wp-json\/wp\/v2\/media\/4145"}],"wp:attachment":[{"href":"https:\/\/www.europesays.com\/no\/wp-json\/wp\/v2\/media?parent=88471"}],"wp:term":[{"taxonomy":"category","embeddable":true,"href":"https:\/\/www.europesays.com\/no\/wp-json\/wp\/v2\/categories?post=88471"},{"taxonomy":"post_tag","embeddable":true,"href":"https:\/\/www.europesays.com\/no\/wp-json\/wp\/v2\/tags?post=88471"}],"curies":[{"name":"wp","href":"https:\/\/api.w.org\/{rel}","templated":true}]}}