{"id":88479,"date":"2025-11-16T10:40:11","date_gmt":"2025-11-16T10:40:11","guid":{"rendered":"https:\/\/www.europesays.com\/no\/88479\/"},"modified":"2025-11-16T10:40:11","modified_gmt":"2025-11-16T10:40:11","slug":"bokanmeldelse-ny-bok-av-solvej-balle-om-utregning-av-romfang-6-svaret-kommer-i-2026","status":"publish","type":"post","link":"https:\/\/www.europesays.com\/no\/88479\/","title":{"rendered":"Bokanmeldelse: Ny bok av Solvej Balle: \u00abOm utregning av romfang 6\u00bb: Svaret kommer i 2026!"},"content":{"rendered":"\n<p class=\"_prefix_nfjwc_1\">Bokanmeldelse\u00abOm utregning av romfang VI\u00bb<\/p>\n<p>Terningkast 4 <\/p>\n<p class=\"_lead_o9xde_2 _lead_xtcu6_50 layout-component text-serif-m layout-normal text-serif-l _lead_1eue0_21 layout-component layout-normal layout-padded layout-padded\">Danske Solvej Balles unike romanserie om \u00e5 v\u00e6re fanget i 18. november n\u00e6rmer seg slutten. Er sjette bind et pust i bakken f\u00f8r den store finalen? <\/p>\n<p>Jeg er forfatter, journalist og litteraturviter. Har jobbet som redakt\u00f8r i forlag, tidsskriftet Bokvennen og litteraturavisen BLA. Som forfatter har jeg skrevet fire b\u00f8ker. Bokanmelder i VG siden 2007. <\/p>\n<p><a href=\"https:\/\/www.vg.no\/rampelys\/i\/bm9vG3\/mailto:moropost@gmail.com\" class=\"_button_6bkpv_2 button-label-large _filled_6bkpv_106 _button_1t7m8_75\" rel=\"nofollow noopener\" target=\"_blank\">E-post<\/a><img alt=\"MESTERVERK: Vi er kommet til bind seks av syv i danske Solvej Balles store, store serie - som er og blir et mesterverk.  Foto: Fredrik Sandberg\/TT \/ TT Nyhetsbyr\u00e5n \/ NTB\" class=\"_image_qp4xg_65 layout-component layout-wide\" data-fullscreen- data-track-element-type=\"Article image fullscreen\" data-track-name=\"ImageFullscreen\" fetchpriority=\"high\" decoding=\"sync\" loading=\"eager\" height=\"5504\" itemprop=\"image\"  src=\"https:\/\/www.europesays.com\/no\/wp-content\/uploads\/2025\/11\/255e9402-1ad8-436f-9395-a150d31c018a\"  style=\"object-position:0% 0%\" width=\"8256\"\/>MESTERVERK: Vi er kommet til bind seks av syv i danske Solvej Balles store, store serie &#8211; som er og blir et mesterverk.  Foto: Fredrik Sandberg\/TT \/ TT Nyhetsbyr\u00e5n \/ NTBS\u00f8ndag 16. november kl. 10:00     <\/p>\n<p class=\"_paragraph_o9xde_4 _paragraph_xtcu6_10 layout-component text-serif-m layout-normal text-serif-m layout-padded\">Solvej Balles romanserie \u00abOm utregning av romfang\u00bb hylles verden over om dagen. <\/p>\n<p class=\"_paragraph_o9xde_4 _paragraph_xtcu6_10 layout-component text-serif-m layout-normal text-serif-m layout-padded\">De tre f\u00f8rste b\u00f8kene ga henne Nordisk r\u00e5ds litteraturpris i 2022. I \u00e5r har hun v\u00e6rt nominert til b\u00e5de den internasjonale Bookerprisen og National Book Award i USA. Det er h\u00f8yst uvanlig for en skandinavisk forfatter. <\/p>\n<p class=\"_paragraph_o9xde_4 _paragraph_xtcu6_10 layout-component text-serif-m layout-normal text-serif-m layout-padded\">Ogs\u00e5 her hjemme har verket f\u00e5tt en trofast leserskare som har utviklet sitt eget, nesten rituelle forhold til datoen 18. november.<\/p>\n<p class=\"_paragraph_o9xde_4 _paragraph_xtcu6_10 layout-component text-serif-m layout-normal text-serif-m layout-padded\"><strong class=\"_strong_o9xde_25\">Sjekk anmeldelsen av bok 3:\u00a0<\/strong><a href=\"https:\/\/www.vg.no\/rampelys\/bok\/i\/xgE8Lj\/briljante-balle\" data-track-element-type=\"Link\" data-track-id=\"link:xgE8Lj\" class=\"_link_o9xde_39\" rel=\"nofollow noopener\" target=\"_blank\">Briljante Balle!<\/a><\/p>\n<p class=\"_paragraph_o9xde_4 _paragraph_xtcu6_10 layout-component text-serif-m layout-normal text-serif-m layout-padded\"><strong class=\"_strong_o9xde_25\">Sjekk anmeldelsen av bok 4:<a href=\"https:\/\/www.vg.no\/rampelys\/i\/5BxEOK\/jeg-vil-ha-mer-sjeldent-bra\" data-track-element-type=\"Link\" data-track-id=\"link:5BxEOK\" class=\"_link_o9xde_39\" rel=\"nofollow noopener\" target=\"_blank\"> <\/a><\/strong><a href=\"https:\/\/www.vg.no\/rampelys\/i\/5BxEOK\/jeg-vil-ha-mer-sjeldent-bra\" data-track-element-type=\"Link\" data-track-id=\"link:5BxEOK\" class=\"_link_o9xde_39\" rel=\"nofollow noopener\" target=\"_blank\">Jeg vil ha mer! <\/a><\/p>\n<p class=\"font-weight-semi-bold color-accent label-medium _label_16v91_20\">Anmeldelse<\/p>\n<p> \u00abOm utregning av romfang VI\u00bb<\/p>\n<p class=\"_paragraph_o9xde_4 _paragraph_xtcu6_10 _paragraph_16v91_10 layout-component text-serif-m layout-normal text-sans-m layout-padded\">Forfatter: Solvej Balle<\/p>\n<p class=\"_paragraph_o9xde_4 _paragraph_xtcu6_10 _paragraph_16v91_10 layout-component text-serif-m layout-normal text-sans-m layout-padded\">Oversetter: Trude Marstein<\/p>\n<p class=\"_paragraph_o9xde_4 _paragraph_xtcu6_10 _paragraph_16v91_10 layout-component text-serif-m layout-normal text-sans-m layout-padded\">Sjanger: Roman<\/p>\n<p class=\"_paragraph_o9xde_4 _paragraph_xtcu6_10 _paragraph_16v91_10 layout-component text-serif-m layout-normal text-sans-m layout-padded\">Forlag: Press<\/p>\n<p class=\"_paragraph_o9xde_4 _paragraph_xtcu6_10 _paragraph_16v91_10 layout-component text-serif-m layout-normal text-sans-m layout-padded\">Sider: 251<\/p>\n<p class=\"_paragraph_o9xde_4 _paragraph_xtcu6_10 _paragraph_16v91_10 layout-component text-serif-m layout-normal text-sans-m layout-padded\">Pris: 399<\/p>\n<p>Vis mer<\/p>\n<p class=\"_paragraph_o9xde_4 _paragraph_xtcu6_10 layout-component text-serif-m layout-normal text-serif-m layout-padded\">N\u00e5r en forfatter f\u00e5r en slik suksess, blir forventningene til hvert nytt bind tilsvarende h\u00f8ye. Jeg har tidligere kalt serien et mesterverk. Det st\u00e5r jeg fast ved \u2013 selv om dette sjette bindet t\u00e6rer mer p\u00e5 t\u00e5lmodigheten enn de foreg\u00e5ende.<\/p>\n<p class=\"label-small label-secondary\">annonse<\/p>\n<p><img decoding=\"async\" alt=\"\" class=\"_image_1uqve_43\" loading=\"lazy\" src=\"https:\/\/www.europesays.com\/no\/wp-content\/uploads\/2025\/11\/default--VldtSQz.jpg\"\/><\/p>\n<p class=\"title-large _title_1uqve_54\">Kj\u00f8p boken<\/p>\n<p>Solvej Balle <strong>\u00abOm utregning av romfang\u00bb<\/strong><br \/>\nAnnonselenker <\/p>\n<p>\nDe eksterne lenkene i denne annonsen f\u00f8rer til nettbutikker der VG<br \/>\n            f\u00e5r en provisjon av eventuelle salg. Inntektene bidrar til \u00e5<br \/>\n            finansiere det journalistiske arbeidet i VG. Redaksjonen prioriterer<br \/>\n            uavhengig av dette. VGs samfunnsoppdrag og rolle som uavhengig<br \/>\n            redaksjonell gransker p\u00e5virkes derfor ikke av dette innholdet.\n<\/p>\n<p class=\"_paragraph_o9xde_4 _paragraph_xtcu6_10 layout-component text-serif-m layout-normal text-serif-m layout-padded\"><strong class=\"_strong_o9xde_25\">For de uinnvidde: <\/strong>Romanene f\u00f8lger Tara Selter som sitter fast i 18. november. I f\u00f8rste bind var hun antikvarbokhandler i Frankrike og gift med Thomas. Det f\u00f8les lenge siden n\u00e5. F\u00f8rst trodde hun at hun var alene i tidsloopen. Senere fant hun andre som ogs\u00e5 var fanget i tiden. <\/p>\n<p><img alt=\"Solvej Balle har tatt verden med storm.   Foto: Sarah Hartvigsen Juncker \/ Sarah Hartvigsen Juncker\" class=\"_image_qp4xg_65 layout-component layout-normal\" data-fullscreen- data-track-element-type=\"Article image fullscreen\" data-track-name=\"ImageFullscreen\" decoding=\"async\" loading=\"lazy\" height=\"6720\" itemprop=\"image\"  src=\"https:\/\/www.europesays.com\/no\/wp-content\/uploads\/2025\/11\/fbb3457c-a710-40b0-846e-6fab5df1885f\"  style=\"object-position:0% 0%\" width=\"4480\"\/>Solvej Balle har tatt verden med storm.   Foto: Sarah Hartvigsen Juncker \/ Sarah Hartvigsen Juncker<\/p>\n<p class=\"_paragraph_o9xde_4 _paragraph_xtcu6_10 layout-component text-serif-m layout-normal text-serif-m layout-padded\">I bind seks har Tara reist til S\u00f8r-Italia, n\u00e6rmere bestemt Campania-regionen ved Napoli. Her sl\u00e5r hun seg ned i et drivhus for \u00e5 dyrke gr\u00f8nnsaker og leve i pakt med naturen, mens hun fortsetter sine nedtegnelser om tilv\u00e6relsen. <\/p>\n<p class=\"_paragraph_o9xde_4 _paragraph_xtcu6_10 layout-component text-serif-m layout-normal text-serif-m layout-padded\">Sentralt i sjette bok er nesten to tusen \u00e5r gamle forkullede papyrusruller begravet i asken etter Vesuv-utbruddet i \u00e5r 79 e.Kr. Kan tekstene skjule en vei ut av 18. november?<\/p>\n<p class=\"_paragraph_o9xde_4 _paragraph_xtcu6_10 layout-component text-serif-m layout-normal text-serif-m layout-padded\">Noen av Taras venner tror det. De setter i gang et stort vitenskapelig prosjekt for \u00e5 unders\u00f8ke rullene som ble funnet i biblioteket til den epikureiske filosofen Filodemus. I det s\u00e5kalte \u00abfremtidst\u00e5rnet\u00bb i Napoli installerer de avansert utstyr for \u00e5 avkode innholdet, som de har \u00abr\u00f8vet\u00bb fra museumssamlinger. <\/p>\n<p class=\"_paragraph_o9xde_4 _paragraph_xtcu6_10 layout-component text-serif-m layout-normal text-serif-m layout-padded\">Epikurs livsfilosofi, hans tanker om atomene og verdens bestanddeler, gjennomsyrer romanens tenkning om verden og Taras s\u00f8ken etter mening. <\/p>\n<p class=\"_paragraph_o9xde_4 _paragraph_xtcu6_10 layout-component text-serif-m layout-normal text-serif-m layout-padded\">Epikur er mest kjent for utsagnet: <\/p>\n<p class=\"_paragraph_o9xde_4 _paragraph_xtcu6_10 layout-component text-serif-m layout-normal text-serif-m layout-padded\"><strong class=\"_strong_o9xde_25\">\u00abFrykt ikke d\u00f8den. For n\u00e5r du finnes, s\u00e5 finnes ikke den, og n\u00e5r den finnes, s\u00e5 finnes ikke du.\u00bb<\/strong><\/p>\n<p><img alt=\"Solvaj Balle var p\u00e5 kortlisten, en av finalistene, til den internasjonale Bookerprisen som nylig ble utdelt - og som gikk til David Szalays \u00abKj\u00f8tt\u00bb som kom p\u00e5 norsk tidligere i h\u00f8st.   Foto: JUSTIN TALLIS \/ AFP \/ NTB\" class=\"_image_qp4xg_65 layout-component layout-normal\" data-fullscreen- data-track-element-type=\"Article image fullscreen\" data-track-name=\"ImageFullscreen\" decoding=\"async\" loading=\"lazy\" height=\"3763\" itemprop=\"image\"  src=\"https:\/\/www.europesays.com\/no\/wp-content\/uploads\/2025\/11\/b065465a-ea4f-4c10-b4de-7940bb8c3c2e\"  style=\"object-position:0% 0%\" width=\"5644\"\/>Solvaj Balle var p\u00e5 kortlisten, en av finalistene, til den internasjonale Bookerprisen som nylig ble utdelt &#8211; og som gikk til David Szalays \u00abKj\u00f8tt\u00bb som kom p\u00e5 norsk tidligere i h\u00f8st.   Foto: JUSTIN TALLIS \/ AFP \/ NTB<\/p>\n<p class=\"_paragraph_o9xde_4 _paragraph_xtcu6_10 layout-component text-serif-m layout-normal text-serif-m layout-padded\">Han var en filosof langt forut for sin tid, som avviste guddommelig inngripen i verden og mente nytelse og frav\u00e6r av smerte var veien til det gode liv. <\/p>\n<p class=\"_paragraph_o9xde_4 _paragraph_xtcu6_10 layout-component text-serif-m layout-normal text-serif-m layout-padded\">Et annet viktig tema denne gang er aldring. <\/p>\n<p class=\"_paragraph_o9xde_4 _paragraph_xtcu6_10 layout-component text-serif-m layout-normal text-serif-m layout-padded\"><strong class=\"_strong_o9xde_25\">Det har g\u00e5tt 38 \u00e5r siden Tara ble sittende fast i tiden, men aldringen har ikke stanset. <\/strong><\/p>\n<p class=\"_paragraph_o9xde_4 _paragraph_xtcu6_10 layout-component text-serif-m layout-normal text-serif-m layout-padded\">Hun har kommet i seksti\u00e5rene, f\u00e5tt gr\u00e5tt h\u00e5r og rynker \u2013 en skjebne hun deler med alle vennene sine. Dagene g\u00e5r med til dyrke jorden, studerer papyrusruller, diskutere etymologi og spr\u00e5k, spise god mat og lever i en stillferdig harmoni i tr\u00e5d med Epikurs filosofiske innsikter. <\/p>\n<p class=\"_paragraph_o9xde_4 _paragraph_xtcu6_10 layout-component text-serif-m layout-normal text-serif-m layout-padded\"><strong class=\"_strong_o9xde_25\">Men under idyllen ligger en stadig mer p\u00e5trengende sorg: Vil de d\u00f8 her eller kommer tiden til \u00e5 g\u00e5 videre igjen? <\/strong><\/p>\n<p class=\"_paragraph_o9xde_4 _paragraph_xtcu6_10 layout-component text-serif-m layout-normal text-serif-m layout-padded\">Der de tidligere b\u00f8kene stadig \u00e5pnet nye rom \u2013 geografisk og eksistensielt \u2013 st\u00e5r deler av den sjette romanen mer p\u00e5 stedet hvil. Folk kommer og g\u00e5r, ambisi\u00f8se prosjekter settes i gang, men mye f\u00f8les repetitivt. <\/p>\n<p class=\"_paragraph_o9xde_4 _paragraph_xtcu6_10 layout-component text-serif-m layout-normal text-serif-m layout-padded\">Nerven fra de f\u00f8rste b\u00f8kene er ikke like sterk, overraskelsene f\u00e6rre. Som leser savner jeg st\u00f8rre friksjon mellom Tara og de andre tidsfangene, flere sprekker i fellesskapet, rett og slett at de trer mer frem som individer.<\/p>\n<p class=\"_paragraph_o9xde_4 _paragraph_xtcu6_10 layout-component text-serif-m layout-normal text-serif-m layout-padded\">Trude Marsteins oversettelse holder et h\u00f8yt niv\u00e5 og overf\u00f8rer til norsk den stramme, klare tonen og det hverdagslige spr\u00e5ket som gj\u00f8r at jeg er trollbundet av Balles forunderlige romaner. Trofaste lesere vil henge med videre, det er jeg sikker p\u00e5.<\/p>\n<p class=\"_paragraph_o9xde_4 _paragraph_xtcu6_10 layout-component text-serif-m layout-normal text-serif-m layout-padded\">Ett sp\u00f8rsm\u00e5l har hengt over verket helt siden begynnelsen: Hvorfor sitter Tara fast i tiden og vil hun i det syvende og siste bindet slippe fri og vende tilbake? <\/p>\n<p class=\"_paragraph_o9xde_4 _paragraph_xtcu6_10 layout-component text-serif-m layout-normal text-serif-m layout-padded\">Svaret kommer i 2026. Det ser jeg virkelig frem til!<\/p>\n","protected":false},"excerpt":{"rendered":"Bokanmeldelse\u00abOm utregning av romfang VI\u00bb Terningkast 4 Danske Solvej Balles unike romanserie om \u00e5 v\u00e6re fanget i 18.&hellip;\n","protected":false},"author":2,"featured_media":88480,"comment_status":"","ping_status":"","sticky":false,"template":"","format":"standard","meta":{"footnotes":""},"categories":[12],"tags":[150,124,20,21,24,25,15,22,23,152,13,30,11693,28,29,14,16,26,27,42,43,44,45],"class_list":{"0":"post-88479","1":"post","2":"type-post","3":"status-publish","4":"format-standard","5":"has-post-thumbnail","7":"category-verden","8":"tag-bok","9":"tag-bokanmeldelse","10":"tag-breaking-news","11":"tag-breakingnews","12":"tag-featured-news","13":"tag-featurednews","14":"tag-headlines","15":"tag-latest-news","16":"tag-latestnews","17":"tag-litteratur","18":"tag-news","19":"tag-no","20":"tag-nordisk-rads-litteraturpris","21":"tag-norge","22":"tag-norway","23":"tag-nyheter","24":"tag-overskrifter","25":"tag-top-stories","26":"tag-topstories","27":"tag-verden","28":"tag-world","29":"tag-world-news","30":"tag-worldnews"},"share_on_mastodon":{"url":"https:\/\/pubeurope.com\/@no\/115558955713037487","error":""},"_links":{"self":[{"href":"https:\/\/www.europesays.com\/no\/wp-json\/wp\/v2\/posts\/88479","targetHints":{"allow":["GET"]}}],"collection":[{"href":"https:\/\/www.europesays.com\/no\/wp-json\/wp\/v2\/posts"}],"about":[{"href":"https:\/\/www.europesays.com\/no\/wp-json\/wp\/v2\/types\/post"}],"author":[{"embeddable":true,"href":"https:\/\/www.europesays.com\/no\/wp-json\/wp\/v2\/users\/2"}],"replies":[{"embeddable":true,"href":"https:\/\/www.europesays.com\/no\/wp-json\/wp\/v2\/comments?post=88479"}],"version-history":[{"count":0,"href":"https:\/\/www.europesays.com\/no\/wp-json\/wp\/v2\/posts\/88479\/revisions"}],"wp:featuredmedia":[{"embeddable":true,"href":"https:\/\/www.europesays.com\/no\/wp-json\/wp\/v2\/media\/88480"}],"wp:attachment":[{"href":"https:\/\/www.europesays.com\/no\/wp-json\/wp\/v2\/media?parent=88479"}],"wp:term":[{"taxonomy":"category","embeddable":true,"href":"https:\/\/www.europesays.com\/no\/wp-json\/wp\/v2\/categories?post=88479"},{"taxonomy":"post_tag","embeddable":true,"href":"https:\/\/www.europesays.com\/no\/wp-json\/wp\/v2\/tags?post=88479"}],"curies":[{"name":"wp","href":"https:\/\/api.w.org\/{rel}","templated":true}]}}