{"id":88483,"date":"2025-11-16T10:42:49","date_gmt":"2025-11-16T10:42:49","guid":{"rendered":"https:\/\/www.europesays.com\/no\/88483\/"},"modified":"2025-11-16T10:42:49","modified_gmt":"2025-11-16T10:42:49","slug":"lavangsdalen-trafikkulykke-to-ulykker-med-kort-avstand-i-lavangsdalen","status":"publish","type":"post","link":"https:\/\/www.europesays.com\/no\/88483\/","title":{"rendered":"Lavangsdalen, Trafikkulykke | To ulykker med kort avstand i Lavangsdalen"},"content":{"rendered":"\n<p>Klokken 01.52, natt til l\u00f8rdag, melder politiet om nattas f\u00f8rste hendelse. Da rykket n\u00f8detatene ut til s\u00f8r i Lavangsdalen, i Balsfjord.<\/p>\n<p>Her hadde det funnet sted et sammenst\u00f8t mellom en minibuss og en br\u00f8ytebil, hvor minibussen hadde havnet i gr\u00f8fta.Det var \u00e5tte personer i minibussen.<\/p>\n<p>Ingen personskader ble meldt til \u00e5 begynne med, men det viste seg at \u00e9n person var skadet og ble tatt med til UNN.<\/p>\n<p>Politiet forklarer at det var to br\u00f8ytebiler som hadde br\u00f8ytet to felter. Der feltene slutter, slapp br\u00f8ytebilene k\u00f8en forbi. Et vogntog som l\u00e5 i k\u00f8en passerte br\u00f8ytebilene, fikk sleng, og traff motg\u00e5ende minibuss.<\/p>\n<p>Glatt<\/p>\n<p>S\u00e6rdeles glatt p\u00e5 stedet, meldte Troms politidistrikt like f\u00f8r klokka 03.00.<\/p>\n<p>Tre kvarter seinere var skadestedet ryddet.<\/p>\n<p><b>Like etter kl. 02.30 ble det meldt om en ny trafikkulykke, kun noen hundre meter fra den f\u00f8rste.<\/b><\/p>\n<p>To personbiler var involvert.<\/p>\n<p>\u2013 En har kj\u00f8rt inn i den andre. Helse melder om tre personer som har smerter. Ambulanse er p\u00e5 stedet, meldte Troms politidistrikt.<\/p>\n<p>Kl. 04.13 var dette skadestedet ryddet, og helse tok seg av de tre skadde.<\/p>\n<p>Begge ulykkene har skjedd s\u00f8r i Lavangsdalen, etter omr\u00e5det med midtdeler.<\/p>\n<p>Ingen sammenheng<\/p>\n<p>Det er ingen sammenheng mellom de to ulykkene, sier operasjonsleder Kurt Laurits Slartmann til Nordlys 05.30.<\/p>\n<p>\u2013 Den f\u00f8rste ulykken kom etter at en trailer fikk sleng da den passerte de to br\u00f8ytebilene. Br\u00f8ytebilene sto i ro for \u00e5 slippe forbi k\u00f8a. Det er ikke snakk om stor fart, men patruljen p\u00e5 stedet har meldt at det er sv\u00e6rt glatt, sier Slartmann.<\/p>\n<p>\u2013 Den andre ulykken kom etter at en av de to personbilene har bremset opp \u2013 ogs\u00e5 her var det veldig glatt.<\/p>\n<p>Fra den f\u00f8rste ulykken er alts\u00e5 \u00e9n person sendt til UNN. I den andre er det tre som har f\u00e5tt helsehjelp.<\/p>\n<p>\u2013 F\u00f8rst var det ikke meldt om personskader. Men s\u00e5 f\u00e5r man naturligvis vondt etter et sammenst\u00f8t, s\u00e5 det var snakk om litt ulike steder. Men det er alts\u00e5 ikke alvorlige skader, sier Slartmann.<\/p>\n<p>Tidlig l\u00f8rdag morgen opplyser politiet at bergingsbil har hentet en minibuss, og politiet er ferdig p\u00e5 stedene.<\/p>\n","protected":false},"excerpt":{"rendered":"Klokken 01.52, natt til l\u00f8rdag, melder politiet om nattas f\u00f8rste hendelse. Da rykket n\u00f8detatene ut til s\u00f8r i&hellip;\n","protected":false},"author":2,"featured_media":2176,"comment_status":"","ping_status":"","sticky":false,"template":"","format":"standard","meta":{"footnotes":""},"categories":[5],"tags":[36,20,21,8655,24,25,15,19,22,23,11694,17,18,13,30,28,29,14,16,1510,26,27,666],"class_list":{"0":"post-88483","1":"post","2":"type-post","3":"status-publish","4":"format-standard","5":"has-post-thumbnail","7":"category-overskrifter","8":"tag-art","9":"tag-breaking-news","10":"tag-breakingnews","11":"tag-e8","12":"tag-featured-news","13":"tag-featurednews","14":"tag-headlines","15":"tag-hovedoppslag","16":"tag-latest-news","17":"tag-latestnews","18":"tag-lavangsdalen","19":"tag-main-news","20":"tag-mainnews","21":"tag-news","22":"tag-no","23":"tag-norge","24":"tag-norway","25":"tag-nyheter","26":"tag-overskrifter","27":"tag-story","28":"tag-top-stories","29":"tag-topstories","30":"tag-trafikkulykke"},"share_on_mastodon":{"url":"https:\/\/pubeurope.com\/@no\/115558967182811212","error":""},"_links":{"self":[{"href":"https:\/\/www.europesays.com\/no\/wp-json\/wp\/v2\/posts\/88483","targetHints":{"allow":["GET"]}}],"collection":[{"href":"https:\/\/www.europesays.com\/no\/wp-json\/wp\/v2\/posts"}],"about":[{"href":"https:\/\/www.europesays.com\/no\/wp-json\/wp\/v2\/types\/post"}],"author":[{"embeddable":true,"href":"https:\/\/www.europesays.com\/no\/wp-json\/wp\/v2\/users\/2"}],"replies":[{"embeddable":true,"href":"https:\/\/www.europesays.com\/no\/wp-json\/wp\/v2\/comments?post=88483"}],"version-history":[{"count":0,"href":"https:\/\/www.europesays.com\/no\/wp-json\/wp\/v2\/posts\/88483\/revisions"}],"wp:featuredmedia":[{"embeddable":true,"href":"https:\/\/www.europesays.com\/no\/wp-json\/wp\/v2\/media\/2176"}],"wp:attachment":[{"href":"https:\/\/www.europesays.com\/no\/wp-json\/wp\/v2\/media?parent=88483"}],"wp:term":[{"taxonomy":"category","embeddable":true,"href":"https:\/\/www.europesays.com\/no\/wp-json\/wp\/v2\/categories?post=88483"},{"taxonomy":"post_tag","embeddable":true,"href":"https:\/\/www.europesays.com\/no\/wp-json\/wp\/v2\/tags?post=88483"}],"curies":[{"name":"wp","href":"https:\/\/api.w.org\/{rel}","templated":true}]}}