{"id":88492,"date":"2025-11-16T10:51:08","date_gmt":"2025-11-16T10:51:08","guid":{"rendered":"https:\/\/www.europesays.com\/no\/88492\/"},"modified":"2025-11-16T10:51:08","modified_gmt":"2025-11-16T10:51:08","slug":"sykehuset-d-vitamin-lege-ved-sykehuset-i-vestfold-advarer-etter-flere-forgiftninger-mange-tror-det-er-ufarlig","status":"publish","type":"post","link":"https:\/\/www.europesays.com\/no\/88492\/","title":{"rendered":"Sykehuset, D-vitamin | Lege ved Sykehuset i Vestfold advarer etter flere forgiftninger: \u2013 Mange tror det er ufarlig"},"content":{"rendered":"\n<p><b>Men p\u00e5 Sykehuset i Vestfold advarer leger n\u00e5 mot ukritisk bruk av tilskuddet, etter at flere pasienter ble innlagt med alvorlig forgiftning og akutt nyreskade.<\/b><\/p>\n<p>LIS-lege Cora W\u00e6rp ved Sykehuset i Vestfold er tydelig i sin advarsel.<\/p>\n<p><b>\u2013 D-vitamintilskudd b\u00f8r tas i samr\u00e5d med helsepersonell. Inntak av det som virker som helt uskyldige kosttilskudd kan i verste fall f\u00f8re til alvorlig sykdom, sier hun. <\/b><\/p>\n<p>Frisk mann utviklet akutt nyresvikt<\/p>\n<p><b>I en <a rel=\"Follow nofollow noopener\" href=\"https:\/\/tidsskriftet.no\/2025\/09\/kort-kasuistikk\/akutt-nyresvikt-som-folge-av-vitamin-d-forgiftning\" target=\"_blank\">nylig publisert artikkel<\/a> beskriver W\u00e6rp hvordan en tidligere frisk mann utviklet ekstrem hyperkalsemi \u2013 alts\u00e5 altfor h\u00f8yt kalsium i blodet \u2013 og akutt nyresvikt.<\/b><\/p>\n<p>Pasienten hadde over tid brukt et D-vitamintilskudd i dr\u00e5peform, kj\u00f8pt p\u00e5 nett.<\/p>\n<p><b>Til tross for at produktet virket harml\u00f8st, viste videre unders\u00f8kelser at han hadde et D-vitaminniv\u00e5 p\u00e5 over 600 nmol\/L.<\/b><\/p>\n<p>Dette ga mistanke om vitamin D-forgiftning som \u00e5rsak til hyperkalsemi og nyresvikt, og ved n\u00e6rmere utsp\u00f8rring kom det fram at pasienten de siste m\u00e5nedene hadde inntatt flere reseptfrie vitamin D-tilskudd daglig: 1 tablett \u00e0 20 mikrogram vitamin D3, 2 omega-3-kapsler (tilsvarende 15 mikrogram vitamin D3), minst 500 milliliter lettmelk tilsatt vitamin D3, og minst 1 dr\u00e5pe flytende tilskudd (80 mikrogram\/dr\u00e5pe vitamin D3), i tro om at dette var bra for helsen.<\/p>\n<p><b>Mannen ble lagt inn p\u00e5 sykehus, behandlet med intraven\u00f8s v\u00e6ske og overv\u00e5ket tett. Etter to dager kunne han skrives ut, men det tok ett \u00e5r f\u00f8r nyrefunksjonen var tilbake til normalen.<\/b><\/p>\n<p>            R\u00e5d til forbrukere:<\/p>\n<p>Sykehuset i Vestfold oppfordrer alle som vurderer h\u00f8ye doser av D-vitamin til \u00e5 r\u00e5df\u00f8re seg med fastlegen f\u00f8rst. Dette gjelder s\u00e6rlig dem som:<\/p>\n<ul>\n<li>Tar flere kosttilskudd samtidig.<\/li>\n<li>F\u00f8lger helser\u00e5d fra sosiale medier.<\/li>\n<li>Bruker produkter kj\u00f8pt p\u00e5 nett eller fra utenlandske nettbutikker.<\/li>\n<li>Har symptomer som tretthet, kvalme, hyppig vannlating eller muskelsvakhet.<\/li>\n<\/ul>\n<p>  Flere tilfeller p\u00e5 kort tid<\/p>\n<p>I l\u00f8pet av f\u00e5 m\u00e5neder ble ytterligere to pasienter innlagt med lignende symptomer. Felles for dem var h\u00f8ydosert D-vitamin kj\u00f8pt i nettbutikker.<\/p>\n<p><b>\u2013 Alle kan f\u00e5 vitamin D-forgiftning hvis de tar for h\u00f8ye doser over tid, sier W\u00e6rp.<\/b><\/p>\n<p>I flere av tilfellene hadde doseringen v\u00e6rt langt over Helsedirektoratets anbefalinger.<\/p>\n<p><b>Det er ikke uvanlig at forbrukere kombinerer flere produkter uten \u00e5 v\u00e6re klar over at hvert preparat inneholder D-vitamin. Mange legger ogs\u00e5 til kosttilskudd i tillegg til melk og matvarer som allerede er beriket.<\/b><\/p>\n<p>  <a href=\"https:\/\/www.tb.no\/5-76-2722238\" class=\"related-teaser has-image default-story-teaser article--c-eRUmMG article--c-eRUmMG-jKCPdD-design-default\" rel=\"nofollow noopener\" target=\"_blank\"><\/p>\n<p>    <img decoding=\"async\" loading=\"lazy\"  src=\"https:\/\/www.europesays.com\/no\/wp-content\/uploads\/2025\/11\/Mette+budsjett+2024+3.jpg\" alt=\"\" class=\"brick-c-cFOWSL\" style=\"\"\/><\/p>\n<p>\n            Les ogs\u00e5<\/p>\n<p>              Mens kommunen kutter i tilbudet for lavinntektsfamilier, soper ledelsen inn\n        <\/p>\n<p>  <\/a><br \/>\n  \u00abNaturlig\u00bb er ikke det samme som ufarlig<\/p>\n<p>Vitamin D blir ofte markedsf\u00f8rt som et trygt, naturlig og livsviktig vitamin. Og det er riktig at mange nordmenn trenger tilskudd i vinterhalv\u00e5ret. Men W\u00e6rp mener markedsf\u00f8ringen av h\u00f8ykonsentrerte nettilskudd kan skape en falsk trygghet.<\/p>\n<p><b>\u2013 Folk flest er ikke klar over hvor smalt vinduet mellom anbefalt og skadelig dose faktisk er. Vi ser n\u00e5 at forgiftningstilfellene \u00f8ker, sier hun.<\/b><\/p>\n<p>            Trygge doser \u2013 og klare grenser<\/p>\n<p>Helsedirektoratet anbefaler:<\/p>\n<p>10 mikrogram D-vitamin daglig for barn og voksne. <\/p>\n<p>20 mikrogram daglig for personer over 75 \u00e5r. <\/p>\n<p>I det alvorligste tilfellet ved SiV hadde pasienten f\u00e5tt i seg rundt 120 mikrogram per dag, mer enn seks ganger anbefalt dose \u2013 over flere m\u00e5neder.<\/p>\n<p>  \u2013 Snakk med legen<\/p>\n<p><b>\u2013 Det er forst\u00e5elig at folk \u00f8nsker \u00e5 ta vare p\u00e5 helsen sin. Men det er viktig \u00e5 vite at mer ikke alltid er bedre. F\u00f8r du \u00f8ker dosen, eller f\u00f8r du kj\u00f8per h\u00f8ydoserte produkter p\u00e5 nett, ta en prat med helsepersonell, sier W\u00e6rp.<\/b><\/p>\n<p>Hun h\u00e5per at \u00f8kt oppmerksomhet kan forhindre nye tilfeller.<\/p>\n<p>  <a href=\"https:\/\/www.tb.no\/5-76-2717554\" class=\"related-teaser has-image default-story-teaser article--c-eRUmMG article--c-eRUmMG-jKCPdD-design-default\" rel=\"nofollow noopener\" target=\"_blank\"><\/p>\n<p>    <img decoding=\"async\" loading=\"lazy\"  src=\"https:\/\/www.europesays.com\/no\/wp-content\/uploads\/2025\/11\/IMG_8460.jpg\" alt=\"\" class=\"brick-c-cFOWSL\" style=\"\"\/><\/p>\n<p>\n            Les ogs\u00e5<\/p>\n<p>              Tim skulle ha v\u00e6rt d\u00f8d i over to \u00e5r: \u2013 Jeg lever i dag fordi jeg solgte huset og brukte pengene p\u00e5 behandling\n        <\/p>\n<p>  <\/a><\/p>\n<p>  <a href=\"https:\/\/www.tb.no\/5-76-2717382\" class=\"related-teaser has-image default-story-teaser article--c-eRUmMG article--c-eRUmMG-jKCPdD-design-default\" rel=\"nofollow noopener\" target=\"_blank\"><\/p>\n<p>    <img decoding=\"async\" loading=\"lazy\"  src=\"https:\/\/www.europesays.com\/no\/wp-content\/uploads\/2025\/11\/richard+kj%C3%A6r.jpg\" alt=\"\" class=\"brick-c-cFOWSL\" style=\"\"\/><\/p>\n<p>\n            Les ogs\u00e5<\/p>\n<p>              Richard hjelper gravide i n\u00f8d: \u2013 I sommer var det helt Texas\n        <\/p>\n<p>  <\/a><\/p>\n<p>  <a href=\"https:\/\/www.tb.no\/5-76-2716726\" class=\"related-teaser has-image default-story-teaser article--c-eRUmMG article--c-eRUmMG-jKCPdD-design-default\" rel=\"nofollow noopener\" target=\"_blank\"><\/p>\n<p>    <img decoding=\"async\" loading=\"lazy\"  src=\"https:\/\/www.europesays.com\/no\/wp-content\/uploads\/2025\/11\/IMG_6515.JPG\" alt=\"\" class=\"brick-c-cFOWSL\" style=\"\"\/><\/p>\n<p>\n            Les ogs\u00e5<\/p>\n<p>              Foreldre i sjokk etter uventet d\u00f8dsfall: \u2013 D\u00f8de f\u00f8r vi fikk klagd\n        <\/p>\n<p>  <\/a><\/p>\n<p>    Vil du se neste video?<\/p>\n<p>    <a href=\"https:\/\/www.tb.no\/brann-i-thaulowhullet\/v\/5-76-2721116\" class=\"recommend-poster\" data-adp-clicklabel=\"video-recommend\" data-adp-clickvalue=\"poster\" rel=\"nofollow noopener\" target=\"_blank\"><br \/>\n      <img decoding=\"async\" width=\"200\" height=\"200\" loading=\"lazy\" src=\"https:\/\/www.europesays.com\/no\/wp-content\/uploads\/2025\/11\/v-i-adbe2e74-3cfe-40f5-a64e-a0c7b3f232ad-1.jpg\" alt=\"\" class=\"brick-c-cFOWSL\" style=\"--brick-image-ratio: 200 \/ 200;\"\/><\/p>\n<p>Brann i Thaulowhullet0:26<\/p>\n<p>    <\/a><\/p>\n","protected":false},"excerpt":{"rendered":"Men p\u00e5 Sykehuset i Vestfold advarer leger n\u00e5 mot ukritisk bruk av tilskuddet, etter at flere pasienter ble&hellip;\n","protected":false},"author":2,"featured_media":88493,"comment_status":"","ping_status":"","sticky":false,"template":"","format":"standard","meta":{"footnotes":""},"categories":[5],"tags":[2954,36,20,21,11589,24,25,15,19,22,23,17,18,13,30,28,29,14,16,1510,11700,26,27,431],"class_list":{"0":"post-88492","1":"post","2":"type-post","3":"status-publish","4":"format-standard","5":"has-post-thumbnail","7":"category-overskrifter","8":"tag-advarsel","9":"tag-art","10":"tag-breaking-news","11":"tag-breakingnews","12":"tag-d-vitamin","13":"tag-featured-news","14":"tag-featurednews","15":"tag-headlines","16":"tag-hovedoppslag","17":"tag-latest-news","18":"tag-latestnews","19":"tag-main-news","20":"tag-mainnews","21":"tag-news","22":"tag-no","23":"tag-norge","24":"tag-norway","25":"tag-nyheter","26":"tag-overskrifter","27":"tag-story","28":"tag-sykehuset","29":"tag-top-stories","30":"tag-topstories","31":"tag-tonsberg"},"share_on_mastodon":{"url":"https:\/\/pubeurope.com\/@no\/115558998860327480","error":""},"_links":{"self":[{"href":"https:\/\/www.europesays.com\/no\/wp-json\/wp\/v2\/posts\/88492","targetHints":{"allow":["GET"]}}],"collection":[{"href":"https:\/\/www.europesays.com\/no\/wp-json\/wp\/v2\/posts"}],"about":[{"href":"https:\/\/www.europesays.com\/no\/wp-json\/wp\/v2\/types\/post"}],"author":[{"embeddable":true,"href":"https:\/\/www.europesays.com\/no\/wp-json\/wp\/v2\/users\/2"}],"replies":[{"embeddable":true,"href":"https:\/\/www.europesays.com\/no\/wp-json\/wp\/v2\/comments?post=88492"}],"version-history":[{"count":0,"href":"https:\/\/www.europesays.com\/no\/wp-json\/wp\/v2\/posts\/88492\/revisions"}],"wp:featuredmedia":[{"embeddable":true,"href":"https:\/\/www.europesays.com\/no\/wp-json\/wp\/v2\/media\/88493"}],"wp:attachment":[{"href":"https:\/\/www.europesays.com\/no\/wp-json\/wp\/v2\/media?parent=88492"}],"wp:term":[{"taxonomy":"category","embeddable":true,"href":"https:\/\/www.europesays.com\/no\/wp-json\/wp\/v2\/categories?post=88492"},{"taxonomy":"post_tag","embeddable":true,"href":"https:\/\/www.europesays.com\/no\/wp-json\/wp\/v2\/tags?post=88492"}],"curies":[{"name":"wp","href":"https:\/\/api.w.org\/{rel}","templated":true}]}}