{"id":88496,"date":"2025-11-16T10:59:24","date_gmt":"2025-11-16T10:59:24","guid":{"rendered":"https:\/\/www.europesays.com\/no\/88496\/"},"modified":"2025-11-16T10:59:24","modified_gmt":"2025-11-16T10:59:24","slug":"far-reaksjoner-pa-at-hun-er-38-ar-singel-og-barnlos","status":"publish","type":"post","link":"https:\/\/www.europesays.com\/no\/88496\/","title":{"rendered":"F\u00e5r reaksjoner p\u00e5 at hun er 38 \u00e5r, singel og barnl\u00f8s:"},"content":{"rendered":"<p>\u2013 Jeg mener<br \/>\nat vi b\u00f8r snakke mer om det. At det ikke b\u00f8r v\u00e6re et tabu.<\/p>\n<p>Martine<br \/>\nKrafft (38) lener seg engasjert over bordet. <\/p>\n<p>Ikke for \u00e5<br \/>\ndiskutere sin deltakelse i h\u00f8stens sesong av \u00abSpillet\u00bb, men fordi hun er lei.<\/p>\n<p>Lei av mas<br \/>\nog press fordi hun som \u00abkvinne snart 40\u00bb er singel og barnl\u00f8s.<\/p>\n<p>\u2013 Ukentlig, nesten<br \/>\ndaglig, f\u00e5r jeg h\u00f8re: \u00abF\u00e5r ikke du kj\u00e6reste snart, Martine?\u00bb. \u00abVil ikke du<br \/>\ngifte deg, Martine?\u00bb. \u00abVil du ikke ha barn, Martine?\u00bb. <\/p>\n<p>Hun sukker<br \/>\noppgitt.<\/p>\n<p>\u2013 Jeg er s\u00e5<br \/>\nlei av presset! Har du bikket 30 og ikke har to unger eller v\u00e6rt skilt enn\u00e5, s\u00e5<br \/>\ner det faktisk som om at samfunnet tenker at det er noe galt med deg som<br \/>\nkvinne. <\/p>\n<p>        <img class=\"image__img lazyload\" itemprop=\"image\" title=\"Foto: Pia Br\u00e5then \/ TV 2\" alt=\"BLIR MAST P\u00c5: Martine Krafft er lei av sp\u00f8rsm\u00e5lene. Foto: Pia Br\u00e5then \/ TV 2\" width=\"675\" height=\"574\" bad-src=\"https:\/\/www.europesays.com\/no\/wp-content\/uploads\/2025\/11\/18285823.webp\" fetchpriority=\"auto\" \/><\/p>\n<p>      BLIR MAST P\u00c5: Martine Krafft er lei av sp\u00f8rsm\u00e5lene.<br \/>\n         Foto: Pia Br\u00e5then \/ TV 2<\/p>\n<p>Krafft sier<br \/>\ntil TV 2 at hun ikke bevisst har valgt \u00e5 styre unna mann og barn.<\/p>\n<p>\u2013 Jeg f\u00f8ler<br \/>\nat jeg ikke er der jeg burde v\u00e6rt i livet. Jeg satt datinglivet mitt litt p\u00e5<br \/>\nvent, og vips s\u00e5 sitter jeg her som 38-\u00e5ring og er fadder til alle ungene som<br \/>\nvenninnene mine f\u00f8der.<\/p>\n<p>\u00abSpillet\u00bb-deltakeren<br \/>\nforklarer at det ikke har manglet p\u00e5 interesse fra det motsatte kj\u00f8nn, men at<br \/>\nhun kvier seg for \u00e5 date dem.<\/p>\n<p>        <img class=\"image__img lazyload\" itemprop=\"image\" title=\"Foto: Pia Br\u00e5then \/ TV 2\" alt=\"BLE N\u00c6RE: Martine Krafft, Lotte Hoel og Simen Bondevik ble en sammensveiset trio i Det skjulte rommet i \u00abSpillet\u00bb. Foto: Pia Br\u00e5then \/ TV 2\" width=\"978\" height=\"656\" bad-src=\"https:\/\/www.europesays.com\/no\/wp-content\/uploads\/2025\/11\/18285777.webp\" fetchpriority=\"auto\" \/><\/p>\n<p>      BLE N\u00c6RE: Martine Krafft, Lotte Hoel og Simen Bondevik ble en sammensveiset trio i Det skjulte rommet i \u00abSpillet\u00bb.<br \/>\n         Foto: Pia Br\u00e5then \/ TV 2<\/p>\n<p>\u2013 Det er bare<br \/>\nfordi jeg er s\u00e5 redd. Jeg har blitt s\u00e5 skadet av ulike menn at jeg har stengt<br \/>\nhjertet mitt \u2013 for lengst. Jeg er veldig, veldig redd for \u00e5 bli s\u00e5ret igjen. <\/p>\n<p>Hun blir s\u00e5r<br \/>\ni blikket.<\/p>\n<p>\u2013 Jeg har<br \/>\nnesten brukt halve livet p\u00e5 kj\u00e6rlighetssorg. Orker ikke! Da vil jeg heller v\u00e6re<br \/>\nalene og se p\u00e5 \u00abGame of Thrones\u00bb, liksom. <\/p>\n<p>\u2013 For fjerde<br \/>\ngang!<\/p>\n<p>38-\u00e5ringen har<br \/>\nopps\u00f8kt psykolog for \u00e5 n\u00f8ste i hvorfor hun ikke t\u00f8r \u00e5 slippe menn innp\u00e5 seg. <\/p>\n<p>        <img class=\"image__img lazyload\" itemprop=\"image\" title=\"Foto: Sara Aar\u00f8en Lien \/ TV 2\" alt=\"GR\u00dcNDER: Martine Krafft driver eget firma der hun styler boliger med det kundene allerede har i hjemmet sitt. Foto: Sara Aar\u00f8en Lien \/ TV 2\" width=\"675\" height=\"757\" bad-src=\"https:\/\/www.europesays.com\/no\/wp-content\/uploads\/2025\/11\/18093013.webp\" fetchpriority=\"auto\" \/><\/p>\n<p>      GR\u00dcNDER: Martine Krafft driver eget firma der hun styler boliger med det kundene allerede har i hjemmet sitt.<br \/>\n         Foto: Sara Aar\u00f8en Lien \/ TV 2<\/p>\n<p>Psykologen<br \/>\nforeslo at hun skulle skrive ned alle sine tidligere datinghistorier som en<br \/>\nform for terapi.<\/p>\n<p>\u2013 S\u00e5 da begynte jeg \u00e5 g\u00e5 gjennom disse gutta, da. Jeg startet i barnehagen. For jeg var<br \/>\ngutteg\u00e6ren allerede da. Lille Jonas, het han jeg l\u00f8p etter den gang.<\/p>\n<p>\u2013 Og s\u00e5 kom<br \/>\nalle disse mennene som s\u00e5ret meg, p\u00e5 rekke og rad.<\/p>\n<p>Etter hvert<br \/>\nsom Krafft skrev, kjente hun at: \u00abMen dette blir jo en hel bok! Kanskje jeg skal kontakte Kagge og bli forfatter ogs\u00e5?\u00bb.<\/p>\n<p>        <img class=\"image__img lazyload\" itemprop=\"image\" title=\"Foto: Privat\" alt=\"SINGEL: Martine Krafft lever singellivet hjemme i Oslo. Foto: Privat\" width=\"675\" height=\"851\" bad-src=\"https:\/\/www.europesays.com\/no\/wp-content\/uploads\/2025\/11\/18285862.webp\" fetchpriority=\"auto\" \/><\/p>\n<p>      SINGEL: Martine Krafft lever singellivet hjemme i Oslo.<br \/>\n         Foto: Privat<\/p>\n<p>\u2013 Jeg skriver<br \/>\nblant annet om \u00abrassh\u00f8let over alle rassh\u00f8l\u00bb. Han som dro meg med p\u00e5 \u00abkj\u00e6restetur\u00bb til utlandet, men som hadde andre intensjoner og slo opp den dagen vi kom hjem.\u00a0<\/p>\n<p>Hun rister<br \/>\noppgitt p\u00e5 hodet.<\/p>\n<p>\u2013 Eller s\u00e5 g\u00e5r vi ekstremt langt tilbake til han\u00a0som slo opp i sengen da jeg var 16 \u00e5r og trodde jeg skulle ha sex for f\u00f8rste gang.\u00a0<\/p>\n<p>\u2013 Han siste sl\u00e5r ogs\u00e5 p\u00e5 stortromma; han hadde en kj\u00e6reste i Nederland hele tiden. Skj\u00f8nner virkelig ikke hvordan han fikk tid til oss begge.\u00a0<\/p>\n<p>        <img class=\"image__img lazyload\" itemprop=\"image\" title=\"Foto: Pia Br\u00e5then \/ TV 2\" alt=\"SKRIVER BOK: Martine Krafft h\u00e5per at hun en dag f\u00e5r gitt ut boken om sitt spesielle datingliv. Foto: Pia Br\u00e5then \/ TV 2\" width=\"675\" height=\"534\" bad-src=\"https:\/\/www.europesays.com\/no\/wp-content\/uploads\/2025\/11\/18285829.webp\" fetchpriority=\"auto\" \/><\/p>\n<p>      SKRIVER BOK: Martine Krafft h\u00e5per at hun en dag f\u00e5r gitt ut boken om sitt spesielle datingliv.<br \/>\n         Foto: Pia Br\u00e5then \/ TV 2<\/p>\n<p>Selv om hun<br \/>\ndeler fra sine mislykkede datinghistorier med en god dose humor og selvironi, hviler<br \/>\ndet ogs\u00e5 en tristhet over det hele.<\/p>\n<p>\u2013 Jeg har<br \/>\nopplevd s\u00e5 mye dritt p\u00e5 mannefronten at jeg har totalt gitt opp, sier hun. <\/p>\n<p>38-\u00e5ringen<br \/>\nhar fors\u00f8kt sjekkeapper ogs\u00e5.<\/p>\n<p>\u2013 Jeg hater<br \/>\ndet! S\u00e5 jeg h\u00e5per jo at dr\u00f8mmemannen bare skal fly inn i livet mitt. Kjenner du<br \/>\nnoen?<\/p>\n<p>Krafft mener<br \/>\nat single og barnl\u00f8se menn i samme alder slipper unna det endel\u00f8se presset som<br \/>\nhun og andre kvinner kjenner p\u00e5.<\/p>\n<p>\u2013 Jeg f\u00f8ler<br \/>\nat det er rarere at en kvinne er singel enn at en mann er singel. Er det bare<br \/>\nfordi vi f\u00f8der? Det er ogs\u00e5 mange menn der ute i samme situasjon, men de<br \/>\nslipper \u00e5 f\u00e5 sp\u00f8rsm\u00e5l om det hele tiden.<\/p>\n<p>Etter \u00e5 ha<br \/>\njobbet mye med seg selv, har Krafft funnet ny kraft.<\/p>\n<p>\u2013 Jeg har<br \/>\nbegynt \u00e5 gi faen i presset. 2025 har bare v\u00e6rt et \u00e5r hvor jeg tester nye ting,<br \/>\nstarter nye ting, gir mer faen.<\/p>\n<p>        <img class=\"image__img lazyload\" itemprop=\"image\" title=\"Foto: Privat\" alt=\"VIKTIG ST\u00d8TTE: Martine Kraffts foreldre stilte opp da hun debuterte som realitydeltaker i \u00abSpillet\u00bb og f\u00f8rste episode ble vist p\u00e5 Gimle kino i Oslo. Foto: Privat\" width=\"978\" height=\"1223\" bad-src=\"https:\/\/www.europesays.com\/no\/wp-content\/uploads\/2025\/11\/18285860.webp\" fetchpriority=\"auto\" \/><\/p>\n<p>      VIKTIG ST\u00d8TTE: Martine Kraffts foreldre stilte opp da hun debuterte som realitydeltaker i \u00abSpillet\u00bb og f\u00f8rste episode ble vist p\u00e5 Gimle kino i Oslo.<br \/>\n         Foto: Privat<\/p>\n<p>Tidligere i<br \/>\n\u00e5r startet hun sitt eget firma innen b\u00e6rekraftig boligstyling, som hun i dag bruker mesteparten av sin v\u00e5kentid p\u00e5.\u00a0<\/p>\n<p>I tillegg kastet<br \/>\nhun seg, som kjent, ut i realityserien \u00abSpillet\u00bb \u2013 for \u00e5 gj\u00f8re noe helt nytt og spennende.<\/p>\n<p>\u2013 Jeg f\u00f8ler at jeg har en slags 40-\u00e5rskrise f\u00f8r jeg har kommet i 40-\u00e5rene, men<br \/>\njeg har faktisk aldri hatt det bedre.<\/p>\n<p>I dag ser<br \/>\nhun ogs\u00e5 fordelene ved \u00e5 v\u00e6re alene.<\/p>\n<p>\u2013 N\u00e5r<br \/>\nvenninner ringer meg og klager for at ungen er syk eller mannen er utro, eller<br \/>\n&#8230; Jeg vil jo ikke ha det! Og de vil jo ofte ha mitt liv. <\/p>\n<p>        <img class=\"image__img lazyload\" itemprop=\"image\" title=\"Foto: Sara Aar\u00f8en Lien \/ TV 2\" alt=\"TILFREDS: \u00abSpillet\u00bb-deltakeren har jobbet med seg selv for \u00e5 l\u00e6re seg til \u00e5 v\u00e6re mer tilfreds med sin egen livssituasjon. Foto: Sara Aar\u00f8en Lien \/ TV 2\" width=\"675\" height=\"635\" bad-src=\"https:\/\/www.europesays.com\/no\/wp-content\/uploads\/2025\/11\/18093008.webp\" fetchpriority=\"auto\" \/><\/p>\n<p>      TILFREDS: \u00abSpillet\u00bb-deltakeren har jobbet med seg selv for \u00e5 l\u00e6re seg til \u00e5 v\u00e6re mer tilfreds med sin egen livssituasjon.<br \/>\n         Foto: Sara Aar\u00f8en Lien \/ TV 2<\/p>\n<p>Gradvis har<br \/>\nhun klart \u00e5 forsone seg med at hun ikke trenger mann og barn for \u00e5 v\u00e6re<br \/>\nlykkelig.<\/p>\n<p>\u2013 Jeg begynt<br \/>\n\u00e5 glede meg mer over livet mitt. Jeg er ikke satt p\u00e5 jorden kun for \u00e5<br \/>\nreprodusere for at alle andre skal bli forn\u00f8yde. <\/p>\n<p>Hun tar en<br \/>\npause.<\/p>\n<p>\u2013 Skjer det;<br \/>\nfantastisk! Absolutt. Jeg sier ikke \u00abnei takk\u00bb til dr\u00f8mmemannen eller en unge.<br \/>\nMen skjer det ikke, s\u00e5 har jeg godtatt det.\u00a0<\/p>\n<p>\u2013 Det er en deilig f\u00f8lelse.<\/p>\n","protected":false},"excerpt":{"rendered":"\u2013 Jeg mener at vi b\u00f8r snakke mer om det. At det ikke b\u00f8r v\u00e6re et tabu. Martine&hellip;\n","protected":false},"author":2,"featured_media":88497,"comment_status":"","ping_status":"","sticky":false,"template":"","format":"standard","meta":{"footnotes":""},"categories":[10],"tags":[20,21,24,25,15,22,23,13,30,28,29,14,16,26,27],"class_list":{"0":"post-88496","1":"post","2":"type-post","3":"status-publish","4":"format-standard","5":"has-post-thumbnail","7":"category-norge","8":"tag-breaking-news","9":"tag-breakingnews","10":"tag-featured-news","11":"tag-featurednews","12":"tag-headlines","13":"tag-latest-news","14":"tag-latestnews","15":"tag-news","16":"tag-no","17":"tag-norge","18":"tag-norway","19":"tag-nyheter","20":"tag-overskrifter","21":"tag-top-stories","22":"tag-topstories"},"share_on_mastodon":{"url":"https:\/\/pubeurope.com\/@no\/115559030043406530","error":""},"_links":{"self":[{"href":"https:\/\/www.europesays.com\/no\/wp-json\/wp\/v2\/posts\/88496","targetHints":{"allow":["GET"]}}],"collection":[{"href":"https:\/\/www.europesays.com\/no\/wp-json\/wp\/v2\/posts"}],"about":[{"href":"https:\/\/www.europesays.com\/no\/wp-json\/wp\/v2\/types\/post"}],"author":[{"embeddable":true,"href":"https:\/\/www.europesays.com\/no\/wp-json\/wp\/v2\/users\/2"}],"replies":[{"embeddable":true,"href":"https:\/\/www.europesays.com\/no\/wp-json\/wp\/v2\/comments?post=88496"}],"version-history":[{"count":0,"href":"https:\/\/www.europesays.com\/no\/wp-json\/wp\/v2\/posts\/88496\/revisions"}],"wp:featuredmedia":[{"embeddable":true,"href":"https:\/\/www.europesays.com\/no\/wp-json\/wp\/v2\/media\/88497"}],"wp:attachment":[{"href":"https:\/\/www.europesays.com\/no\/wp-json\/wp\/v2\/media?parent=88496"}],"wp:term":[{"taxonomy":"category","embeddable":true,"href":"https:\/\/www.europesays.com\/no\/wp-json\/wp\/v2\/categories?post=88496"},{"taxonomy":"post_tag","embeddable":true,"href":"https:\/\/www.europesays.com\/no\/wp-json\/wp\/v2\/tags?post=88496"}],"curies":[{"name":"wp","href":"https:\/\/api.w.org\/{rel}","templated":true}]}}