{"id":88500,"date":"2025-11-16T11:08:09","date_gmt":"2025-11-16T11:08:09","guid":{"rendered":"https:\/\/www.europesays.com\/no\/88500\/"},"modified":"2025-11-16T11:08:09","modified_gmt":"2025-11-16T11:08:09","slug":"full-sjafor-sov-i-vogntog-pa-tvers-av-veien","status":"publish","type":"post","link":"https:\/\/www.europesays.com\/no\/88500\/","title":{"rendered":"Full sj\u00e5f\u00f8r sov i vogntog p\u00e5 tvers av veien"},"content":{"rendered":"\n<p class=\"_lead_o9xde_2 _lead_xtcu6_50 layout-component text-serif-m layout-normal text-serif-l layout-component layout-wide layout-padded _wide_17hqh_1 layout-padded\">Dette blir trolig trailersj\u00e5f\u00f8rens siste kj\u00f8retur p\u00e5 en stund. Mannen i 50-\u00e5rene bl\u00e5ste til over to i promille. <\/p>\n<p><img alt=\"Her endte ferden for en sj\u00e5f\u00f8r i Hallingdal s\u00f8ndag morgen.  Foto: VG-tipser\" class=\"_image_qp4xg_65 layout-component layout-wide\" data-fullscreen- data-track-element-type=\"Article image fullscreen\" data-track-name=\"ImageFullscreen\" fetchpriority=\"high\" decoding=\"sync\" loading=\"eager\" height=\"3024\" itemprop=\"image\"  src=\"https:\/\/www.europesays.com\/no\/wp-content\/uploads\/2025\/11\/41c2d0f8-e1be-4293-9773-bde344cd7a8e\"  style=\"object-position:35.05704365079365% 56.82870370370371%\" width=\"4032\"\/>Her endte ferden for en sj\u00e5f\u00f8r i Hallingdal s\u00f8ndag morgen.  Foto: VG-tipser<\/p>\n<ul aria-hidden=\"true\" class=\"_images_18f0k_111\">\n<li><a class=\"_link_18f0k_116\" href=\"https:\/\/www.vg.no\/forfatter\/synne-eggum-myrvang\" style=\"z-index:2\" title=\"Synne Eggum Myrvang\" rel=\"nofollow noopener\" target=\"_blank\"><img alt=\"Bilde av Synne Eggum Myrvang\" class=\"_image_18f0k_93\" fetchpriority=\"low\" loading=\"lazy\" decoding=\"async\" itemprop=\"image\"  src=\"https:\/\/www.europesays.com\/no\/wp-content\/uploads\/2025\/11\/1763291289_773_cb0de739-d6fc-42ac-b090-963b122bad0d\"  width=\"480\"\/><\/a><\/li>\n<li><a class=\"_link_18f0k_116\" href=\"https:\/\/www.vg.no\/forfatter\/ane-moerk\" style=\"z-index:1\" title=\"Ane M\u00f8rk Holsen\" rel=\"nofollow noopener\" target=\"_blank\"><img alt=\"Bilde av Ane M\u00f8rk Holsen\" class=\"_image_18f0k_93\" fetchpriority=\"low\" loading=\"lazy\" decoding=\"async\" itemprop=\"image\"  src=\"https:\/\/www.europesays.com\/no\/wp-content\/uploads\/2025\/11\/1763291289_812_9b990496-b96d-4e47-8bd6-de8dd6aa683f\"  width=\"480\"\/><\/a><\/li>\n<\/ul>\n<p> Oppdatert s\u00f8ndag 16. november kl. 11:54     <\/p>\n<p class=\"_paragraph_o9xde_4 _paragraph_xtcu6_10 layout-component text-serif-m layout-normal text-serif-m layout-padded\">Politiet rykket ut etter melding om vogntoget p\u00e5 tvers av Hemsedalsvegen mellom Gol og <a href=\"https:\/\/www.vg.no\/tag\/hemsedal?utm_source=vg-article&amp;utm_medium=auto-tagger&amp;utm_campaign=Rz3Wga\" class=\"_link_o9xde_39\" rel=\"nofollow noopener\" target=\"_blank\">Hemsedal<\/a> klokken 06.45. <\/p>\n<p class=\"_paragraph_o9xde_4 _paragraph_xtcu6_10 layout-component text-serif-m layout-normal text-serif-m layout-padded\">Da politiet kom til stedet l\u00e5 f\u00f8reren, en polsk mann i 50-\u00e5rene, og sov i hytta p\u00e5 traileren sin. <\/p>\n<p class=\"_paragraph_o9xde_4 _paragraph_xtcu6_10 layout-component text-serif-m layout-normal text-serif-m layout-padded\">\u2013 Vi antar at han har sklidd eller p\u00e5 annen m\u00e5te kommet p\u00e5 tvers av veien og ikke greid \u00e5 kj\u00f8re videre. Deretter har han isteden for \u00e5 ringe etter hjelp, lagt seg til \u00e5 sove, sier operasjonsleder Marius Daffinrud Fosvold i S\u00f8r-\u00d8st politidistrikt til VG. <\/p>\n<p class=\"_paragraph_o9xde_4 _paragraph_xtcu6_10 layout-component text-serif-m layout-normal text-serif-m layout-padded\">Et \u00f8yenvitne p\u00e5 stedet kom til rett etter at lastebilen hadde kj\u00f8rt ut i gr\u00f8ften. Mannen, som ogs\u00e5 er lastebilsj\u00e5f\u00f8r, forteller at han pr\u00f8vde \u00e5 f\u00e5 kontakt med f\u00f8reren. <\/p>\n<p class=\"_paragraph_o9xde_4 _paragraph_xtcu6_10 layout-component text-serif-m layout-normal text-serif-m layout-padded\">\u2013 Vi trodde han hadde f\u00e5tt et illebefinennde, men da vi banket p\u00e5 ruten trakk han bare for gardinen og ville sove, sier mannen, som \u00f8nsker \u00e5 v\u00e6re anonym til VG.<\/p>\n<p class=\"_paragraph_o9xde_4 _paragraph_xtcu6_10 layout-component text-serif-m layout-normal text-serif-m layout-padded\">Han kontaktet derfor politiet. <\/p>\n<p class=\"_paragraph_o9xde_4 _paragraph_xtcu6_10 layout-component text-serif-m layout-normal text-serif-m layout-padded\">\u2013 Jeg har kj\u00f8rt lastebil i 35 \u00e5r i Norge, og aldri sett noe lignende, forteller han.<\/p>\n<p> Bl\u00e5ste til godt over lovlig verdi<\/p>\n<p class=\"_paragraph_o9xde_4 _paragraph_xtcu6_10 layout-component text-serif-m layout-normal text-serif-m layout-padded\">Patruljen som kom til stedet m\u00e5tte ta grep. <\/p>\n<p class=\"_paragraph_o9xde_4 _paragraph_xtcu6_10 layout-component text-serif-m layout-normal text-serif-m layout-padded\">\u2013  Vi vekket opp f\u00f8reren, og da merket vi at han var \u00e5penbart beruset. En alkometertest indikerte en promille p\u00e5 over 2, sier operasjonsleder Fosvold. <\/p>\n<p class=\"_paragraph_o9xde_4 _paragraph_xtcu6_10 layout-component text-serif-m layout-normal text-serif-m layout-padded\">Promillegrensen i Norge er p\u00e5 0,2. <\/p>\n<p class=\"_paragraph_o9xde_4 _paragraph_xtcu6_10 layout-component text-serif-m layout-normal text-serif-m layout-padded\">Mannen, som n\u00e5 er anmeldt for promillekj\u00f8ring, var for beruset til \u00e5 bli avh\u00f8rt, if\u00f8lge politiet. <\/p>\n<p class=\"_paragraph_o9xde_4 _paragraph_xtcu6_10 layout-component text-serif-m layout-normal text-serif-m layout-padded\">Hva han selv vil si om det som har hendt er derfor uklart, og han vil bli kalt inn til avh\u00f8r p\u00e5 senere tidspunkt. <\/p>\n<p class=\"_paragraph_o9xde_4 _paragraph_xtcu6_10 layout-component text-serif-m layout-normal text-serif-m layout-padded\">F\u00f8rerkortet hans er beslaglagt.<\/p>\n<p class=\"_paragraph_o9xde_4 _paragraph_xtcu6_10 layout-component text-serif-m layout-normal text-serif-m layout-padded\">\u2013 Og vi jobber fortsatt p\u00e5 stedet, fordi vi m\u00e5 vente p\u00e5 at en tungberger kan berge vogntoget, sier Daffinrud Fosvold. <\/p>\n<p class=\"_paragraph_o9xde_4 _paragraph_xtcu6_10 layout-component text-serif-m layout-normal text-serif-m layout-padded\">Omkj\u00f8ring er skiltet via \u00d8vre Hemsedalsvegen. <\/p>\n","protected":false},"excerpt":{"rendered":"Dette blir trolig trailersj\u00e5f\u00f8rens siste kj\u00f8retur p\u00e5 en stund. Mannen i 50-\u00e5rene bl\u00e5ste til over to i promille.&hellip;\n","protected":false},"author":2,"featured_media":88501,"comment_status":"","ping_status":"","sticky":false,"template":"","format":"standard","meta":{"footnotes":""},"categories":[10],"tags":[20,21,24,25,15,936,22,23,13,30,28,29,14,16,11631,26,27,1100],"class_list":{"0":"post-88500","1":"post","2":"type-post","3":"status-publish","4":"format-standard","5":"has-post-thumbnail","7":"category-norge","8":"tag-breaking-news","9":"tag-breakingnews","10":"tag-featured-news","11":"tag-featurednews","12":"tag-headlines","13":"tag-hemsedal","14":"tag-latest-news","15":"tag-latestnews","16":"tag-news","17":"tag-no","18":"tag-norge","19":"tag-norway","20":"tag-nyheter","21":"tag-overskrifter","22":"tag-promillekjoring","23":"tag-top-stories","24":"tag-topstories","25":"tag-trafikkulykker"},"share_on_mastodon":{"url":"https:\/\/pubeurope.com\/@no\/115559065548549027","error":""},"_links":{"self":[{"href":"https:\/\/www.europesays.com\/no\/wp-json\/wp\/v2\/posts\/88500","targetHints":{"allow":["GET"]}}],"collection":[{"href":"https:\/\/www.europesays.com\/no\/wp-json\/wp\/v2\/posts"}],"about":[{"href":"https:\/\/www.europesays.com\/no\/wp-json\/wp\/v2\/types\/post"}],"author":[{"embeddable":true,"href":"https:\/\/www.europesays.com\/no\/wp-json\/wp\/v2\/users\/2"}],"replies":[{"embeddable":true,"href":"https:\/\/www.europesays.com\/no\/wp-json\/wp\/v2\/comments?post=88500"}],"version-history":[{"count":0,"href":"https:\/\/www.europesays.com\/no\/wp-json\/wp\/v2\/posts\/88500\/revisions"}],"wp:featuredmedia":[{"embeddable":true,"href":"https:\/\/www.europesays.com\/no\/wp-json\/wp\/v2\/media\/88501"}],"wp:attachment":[{"href":"https:\/\/www.europesays.com\/no\/wp-json\/wp\/v2\/media?parent=88500"}],"wp:term":[{"taxonomy":"category","embeddable":true,"href":"https:\/\/www.europesays.com\/no\/wp-json\/wp\/v2\/categories?post=88500"},{"taxonomy":"post_tag","embeddable":true,"href":"https:\/\/www.europesays.com\/no\/wp-json\/wp\/v2\/tags?post=88500"}],"curies":[{"name":"wp","href":"https:\/\/api.w.org\/{rel}","templated":true}]}}