{"id":88506,"date":"2025-11-16T11:17:10","date_gmt":"2025-11-16T11:17:10","guid":{"rendered":"https:\/\/www.europesays.com\/no\/88506\/"},"modified":"2025-11-16T11:17:10","modified_gmt":"2025-11-16T11:17:10","slug":"%e2%81%a0-da-klikker-det-for-meg-2","status":"publish","type":"post","link":"https:\/\/www.europesays.com\/no\/88506\/","title":{"rendered":"\u2013\u2060\u00a0Da klikker det for meg"},"content":{"rendered":"<p class=\"extendedContent hyperion-css-eyn926\" data-test-tag=\"lead-text\">Landslagssjef St\u00e5le Solbakken har bare \u00e9n frykt f\u00f8r Norge m\u00f8ter Italia s\u00f8ndag.<\/p>\n<p><img decoding=\"async\" class=\"image-asset hyperion-css-u06ts1\" data-test-tag=\"image-asset\" src=\"https:\/\/www.europesays.com\/no\/wp-content\/uploads\/2025\/11\/1763291829_27_44bd10f2-d976-4c35-8397-e491ea84033d\"  alt=\"\"  loading=\"eager\" fetchpriority=\"high\" style=\"aspect-ratio:2048 \/ 1365\"\/> Foto: VEGARD GR\u00d8TT \/ Bildbyr\u00e5n<\/p>\n<p>Publisert: 16.11.2025 11:05 |\u00a0Oppdatert: 16.11.2025 11:24<\/p>\n<p class=\"paywall hyperion-css-1j42uic\">Solbakken holdt nemlig en tordentale under lagets siste trening f\u00f8r kampen, viser en video p\u00e5 herrelandslagets <a aria-label=\"Instagram-konto\" class=\"default hyperion-css-1raymq9\" href=\"https:\/\/www.instagram.com\/herrelandslaget\" target=\"_blank\" rel=\"noopener nofollow noreferrer\" data-test-tag=\"external-link\">Instagram-konto<\/a>. <\/p>\n<p class=\"paywall hyperion-css-1j42uic\">Der ser man en konsentrert Solbakken som har samlet spillerne i ring. <\/p>\n<p class=\"paywall hyperion-css-1j42uic\">\u2013 Det kommer 6\u20137000 nordmenn, kongefamilier og en hel verden ser p\u00e5. Det er umulig \u00e5 skremme dere, starter han talen med \u00e5 si. <\/p>\n<p class=\"paywall hyperion-css-1j42uic\">\u2013 Det eneste jeg er redd for, er at det er \u00e9n eller to av dere som ikke klarer \u00e5 manne dere opp. Det er normalt n\u00e5r vi er en situasjon som det her, men hver enkelt av dere m\u00e5 ta ansvaret. Vi har hatt en helt perfekt kvalik til n\u00e5 og da skal vi ikke \u00f8delegge noe som helst med at \u00e9n eller to ikke er \u00abder\u00bb. Da klikker det for meg!<\/p>\n<p class=\"paywall hyperion-css-1j42uic\">P\u00e5 videoen ser man at Solbakken g\u00e5r rundt f\u00f8r han sparker til en ball i det han sier dette, for \u00e5 vise alvoret.<\/p>\n<p><img decoding=\"async\" class=\"image-asset hyperion-css-u06ts1\" data-test-tag=\"image-asset\" src=\"https:\/\/www.europesays.com\/no\/wp-content\/uploads\/2025\/11\/1763291830_297_06b3faf4-b5c5-462e-bea9-feb5542bfbd6\"  alt=\"\"  loading=\"eager\" fetchpriority=\"high\" style=\"aspect-ratio:2048 \/ 2622\"\/> Foto: VEGARD GR\u00d8TT \/ Bildbyr\u00e5n<\/p>\n<p class=\"paywall hyperion-css-1j42uic\">Norges oppgave p\u00e5 s\u00f8ndag er \u00e5 ikke tape med mer enn ni m\u00e5l mot Italia. Da blir det direktebilett til VM neste sommer.<\/p>\n<p class=\"paywall hyperion-css-1j42uic\">Ogs\u00e5 p\u00e5 pressekonferansen like f\u00f8r snakket Solbakken om hvor viktig det er at spillerne tar ansvar i denne kampen. <\/p>\n<p class=\"paywall hyperion-css-1j42uic\">\u2013 Vi h\u00e5per at vi kommer opp dit vi m\u00e5 v\u00e6re. Det er en kamp det vi skal gj\u00f8re alt for \u00e5 v\u00e6re klare. Det er en spesiell case. Vi har gjort alt vi kan. Andrew (Findlay, analytiker) og jeg har gjort akkurat de samme analysene og vi jobber like hardt.<\/p>\n<p class=\"paywall hyperion-css-1j42uic\">\u2013 Det er ingen av spillerne som har veldig mye erfaring med det. Men det er en situasjon vi hadde gitt alt for \u00e5 st\u00e5 i p\u00e5 forh\u00e5nd. Vi har gjort en perfekt kvalik til n\u00e5, s\u00e5 m\u00e5 vi fullf\u00f8re i morgen. <\/p>\n<p class=\"paywall hyperion-css-1j42uic\">\u2013 Er det noe gen i kroppen din som sier at dette ikke skal g\u00e5? spurte Nettavisen. <\/p>\n<p class=\"paywall hyperion-css-1j42uic\">\u2013 Nei, det er det ikke.<\/p>\n<p><script async src=\"\/\/www.instagram.com\/embed.js\"><\/script><\/p>\n","protected":false},"excerpt":{"rendered":"Landslagssjef St\u00e5le Solbakken har bare \u00e9n frykt f\u00f8r Norge m\u00f8ter Italia s\u00f8ndag. Foto: VEGARD GR\u00d8TT \/ Bildbyr\u00e5n Publisert:&hellip;\n","protected":false},"author":2,"featured_media":88507,"comment_status":"","ping_status":"","sticky":false,"template":"","format":"standard","meta":{"footnotes":""},"categories":[59],"tags":[30,28,29,83,82],"class_list":{"0":"post-88506","1":"post","2":"type-post","3":"status-publish","4":"format-standard","5":"has-post-thumbnail","7":"category-sport","8":"tag-no","9":"tag-norge","10":"tag-norway","11":"tag-sport","12":"tag-sports"},"share_on_mastodon":{"url":"https:\/\/pubeurope.com\/@no\/115559100864226096","error":""},"_links":{"self":[{"href":"https:\/\/www.europesays.com\/no\/wp-json\/wp\/v2\/posts\/88506","targetHints":{"allow":["GET"]}}],"collection":[{"href":"https:\/\/www.europesays.com\/no\/wp-json\/wp\/v2\/posts"}],"about":[{"href":"https:\/\/www.europesays.com\/no\/wp-json\/wp\/v2\/types\/post"}],"author":[{"embeddable":true,"href":"https:\/\/www.europesays.com\/no\/wp-json\/wp\/v2\/users\/2"}],"replies":[{"embeddable":true,"href":"https:\/\/www.europesays.com\/no\/wp-json\/wp\/v2\/comments?post=88506"}],"version-history":[{"count":0,"href":"https:\/\/www.europesays.com\/no\/wp-json\/wp\/v2\/posts\/88506\/revisions"}],"wp:featuredmedia":[{"embeddable":true,"href":"https:\/\/www.europesays.com\/no\/wp-json\/wp\/v2\/media\/88507"}],"wp:attachment":[{"href":"https:\/\/www.europesays.com\/no\/wp-json\/wp\/v2\/media?parent=88506"}],"wp:term":[{"taxonomy":"category","embeddable":true,"href":"https:\/\/www.europesays.com\/no\/wp-json\/wp\/v2\/categories?post=88506"},{"taxonomy":"post_tag","embeddable":true,"href":"https:\/\/www.europesays.com\/no\/wp-json\/wp\/v2\/tags?post=88506"}],"curies":[{"name":"wp","href":"https:\/\/api.w.org\/{rel}","templated":true}]}}