{"id":88510,"date":"2025-11-16T11:21:10","date_gmt":"2025-11-16T11:21:10","guid":{"rendered":"https:\/\/www.europesays.com\/no\/88510\/"},"modified":"2025-11-16T11:21:10","modified_gmt":"2025-11-16T11:21:10","slug":"nrk-polen-nrk-beklager-etter-nazi-kommentar-under-polsk-uavhengighetsdag","status":"publish","type":"post","link":"https:\/\/www.europesays.com\/no\/88510\/","title":{"rendered":"NRK, Polen | NRK beklager etter nazi-kommentar under polsk uavhengighetsdag"},"content":{"rendered":"\n<p>Onsdag sendte NRK et innslag p\u00e5 Nyhetsmorgen om en marsjering i anledning Polens uavhengighetsdag 11. november.<\/p>\n<p>Innslaget hadde overskriften \u00abNazimarsjer i Polen\u00bb. Det vakte oppsikt i Polen, og f\u00f8rte til skriverier i landet.<\/p>\n<p>Innslaget var et s\u00e5kalt gjestepunkt, der forsker ved OsloMet, J\u00f8rn Holm-Hansen, var i studio p\u00e5 Marienlyst.<\/p>\n<p>Holm-Hansen kommenterte p\u00e5 at Polens president, Karol Nawrocki, deltok i uavhengighetsmarsjen.<\/p>\n<p>\u2013 Det som tidligere var en slags normal markering av uavhengighetsdagen, da Polen ble gjenopprettet i 1918 etter \u00e5 ha v\u00e6rt delt mellom nabolandene, har utviklet seg til \u00e5 bli en oppmarsj for ytre h\u00f8yre og nasjonalkonservative grupperinger i Polen, sa han.<\/p>\n<p>Flere polske aviser har omtalt innslaget.<\/p>\n<p>\u00abSjokkerende ord p\u00e5 norsk TV\u00bb, skriver landets st\u00f8rste nettavis, <a href=\"https:\/\/www.onet.pl\/informacje\/onetwiadomosci\/norweska-telewizja-przeprasza-za-marsze-nazistowskie-w-materiale-o-marszu\/2yctgd2,79cfc278\" rel=\"Follow nofollow noopener\" target=\"_blank\">Onet<\/a>.<\/p>\n<p>   <img decoding=\"async\" width=\"1222\" height=\"663\" fetchpriority=\"low\"  loading=\"lazy\"  src=\"https:\/\/www.europesays.com\/no\/wp-content\/uploads\/2025\/11\/nazimarsjer_i_polen_nrk.jpg\" alt=\"\" class=\"brick-c-cFOWSL\" style=\"--brick-image-ratio: 1222 \/ 663;\"\/><\/p>\n<p>      NRK BEKLAGER INNSLAG: Dette innslaget fra Nyhetsmorgen onsdag 12. november f\u00f8rte til reaksjoner i Polen. Skjermdump: NRK TV<\/p>\n<p>\u00abBruken av uttrykket er sensitivt i Polen gitt at landet lidde mer under naziokkupasjonen enn kanskje noe annet land under andre verdenskrig. Rundt 6 millioner polakker, 17 prosent av befolkningen, ble drept under krigen, en h\u00f8yere andel enn noe annet land\u00bb, skriver avisen <a href=\"https:\/\/notesfrompoland.com\/2025\/11\/15\/norwegian-state-tv-apologises-for-calling-polish-independence-march-nazi\/\" rel=\"Follow nofollow noopener\" target=\"_blank\">Notes From Poland<\/a> i sin omtale av NRK-innslaget.<\/p>\n<p>Beklager<\/p>\n<p>Det polske nyhetsbyr\u00e5et PAP melder at NRK <a href=\"https:\/\/tvpworld.com\/90023887\/norway-tv-called-polands-independence-day-march-nazi\" rel=\"Follow nofollow noopener\" target=\"_blank\">har beklaget overfor folk i Polen<\/a>.<\/p>\n<p>Beklagelsen kommer fra redakt\u00f8r i Nyhetsdivisjonen i NRK, Ole Eivind Henden:<\/p>\n<p>\u2013 Uttrykket er ikke i tr\u00e5d med NRKs vurdering av hva denne marsjeringen var. Begge v\u00e5re nasjoner var okkupert av nazistene. Det er lett \u00e5 forst\u00e5 f\u00f8lelsene som vekkes av et slikt begrep. Uttrykket \u00abnazimarsj\u00bb var ikke rettferdiggjort og NRK beklager for \u00e5 ha brukt det.<\/p>\n<p>Skal rette opp og beklage i neste sending<\/p>\n<p>Henden bekrefter beklagelsen overfor Nettavisen.<\/p>\n<p>\u2013 Vi hadde en super under et gjestepunkt p\u00e5 Nyhetsmorgen som vi beklager. Det var en feil. Resten av dekningen st\u00e5r vi for, sier han til Nettavisen.<\/p>\n<p>Henden forteller at NRK skal rette opp og beklage under sendingen mandag morgen.<\/p>\n","protected":false},"excerpt":{"rendered":"Onsdag sendte NRK et innslag p\u00e5 Nyhetsmorgen om en marsjering i anledning Polens uavhengighetsdag 11. november. Innslaget hadde&hellip;\n","protected":false},"author":2,"featured_media":88511,"comment_status":"","ping_status":"","sticky":false,"template":"","format":"standard","meta":{"footnotes":""},"categories":[12],"tags":[20,21,24,25,15,22,23,13,30,28,29,14,16,26,27,42,43,44,45],"class_list":{"0":"post-88510","1":"post","2":"type-post","3":"status-publish","4":"format-standard","5":"has-post-thumbnail","7":"category-verden","8":"tag-breaking-news","9":"tag-breakingnews","10":"tag-featured-news","11":"tag-featurednews","12":"tag-headlines","13":"tag-latest-news","14":"tag-latestnews","15":"tag-news","16":"tag-no","17":"tag-norge","18":"tag-norway","19":"tag-nyheter","20":"tag-overskrifter","21":"tag-top-stories","22":"tag-topstories","23":"tag-verden","24":"tag-world","25":"tag-world-news","26":"tag-worldnews"},"share_on_mastodon":{"url":"https:\/\/pubeurope.com\/@no\/115559116617985207","error":""},"_links":{"self":[{"href":"https:\/\/www.europesays.com\/no\/wp-json\/wp\/v2\/posts\/88510","targetHints":{"allow":["GET"]}}],"collection":[{"href":"https:\/\/www.europesays.com\/no\/wp-json\/wp\/v2\/posts"}],"about":[{"href":"https:\/\/www.europesays.com\/no\/wp-json\/wp\/v2\/types\/post"}],"author":[{"embeddable":true,"href":"https:\/\/www.europesays.com\/no\/wp-json\/wp\/v2\/users\/2"}],"replies":[{"embeddable":true,"href":"https:\/\/www.europesays.com\/no\/wp-json\/wp\/v2\/comments?post=88510"}],"version-history":[{"count":0,"href":"https:\/\/www.europesays.com\/no\/wp-json\/wp\/v2\/posts\/88510\/revisions"}],"wp:featuredmedia":[{"embeddable":true,"href":"https:\/\/www.europesays.com\/no\/wp-json\/wp\/v2\/media\/88511"}],"wp:attachment":[{"href":"https:\/\/www.europesays.com\/no\/wp-json\/wp\/v2\/media?parent=88510"}],"wp:term":[{"taxonomy":"category","embeddable":true,"href":"https:\/\/www.europesays.com\/no\/wp-json\/wp\/v2\/categories?post=88510"},{"taxonomy":"post_tag","embeddable":true,"href":"https:\/\/www.europesays.com\/no\/wp-json\/wp\/v2\/tags?post=88510"}],"curies":[{"name":"wp","href":"https:\/\/api.w.org\/{rel}","templated":true}]}}