{"id":88512,"date":"2025-11-16T11:24:09","date_gmt":"2025-11-16T11:24:09","guid":{"rendered":"https:\/\/www.europesays.com\/no\/88512\/"},"modified":"2025-11-16T11:24:09","modified_gmt":"2025-11-16T11:24:09","slug":"ellevilt-vm-lofte-dagbladet","status":"publish","type":"post","link":"https:\/\/www.europesays.com\/no\/88512\/","title":{"rendered":"Ellevilt VM-l\u00f8fte &#8211; Dagbladet"},"content":{"rendered":"<ol>\n<li><a href=\"https:\/\/news.google.com\/rss\/articles\/CBMiaEFVX3lxTE9jUnVsNktWUHlIamhtWHdkdC1PdVBLMUs2TVNfUFJuQzRUVzduNzl0VjlEQ01jN2lDU1pKbUJZcnlJYk52WnhxMFRmNjdmOFEwX21GVXpHekZyRE1WTS0wZklIRllyYXlH?oc=5\" target=\"_blank\" rel=\"nofollow noopener\">Ellevilt VM-l\u00f8fte<\/a>&nbsp;&nbsp;Dagbladet<\/li>\n<li><a href=\"https:\/\/news.google.com\/rss\/articles\/CBMifEFVX3lxTE1tb2ZLcVpDREhPVmlmTVFBVGhqM0M5ZWNhMFVKNjdON1BoWlp3MFNPZEotb0hsM1VmZl9XdE5hd3JrbXlTaHdwOWVEQlJTSXMydTRKNG1lNVdOMEtTTDBHendqTVc2c1NzODk3T214OHc4aWZlQjZpcmswaGY?oc=5\" target=\"_blank\" rel=\"nofollow noopener\">Jubelkveld for Norge \u2013 p\u00e5 vei til VM<\/a>&nbsp;&nbsp;NRK<\/li>\n<li><a href=\"https:\/\/news.google.com\/rss\/articles\/CBMimAFBVV95cUxQOUFFX1NNaENyeTJscnF5TThVaGdVRmhsekY5Y0x6MTkxMVdGUGZ1Mmczd0szOWQ4NnZvUktvSVVzZnp3a2xLbU04UDlSNlFRNUlzSDlfYklQRlpacDZWeG5oSTRVNDlLZ3hwc0ZXNWVFdTRab2tYUEZ3Qm5iVTA2MkR5ay1XY0FTM1lRbUNhMmllY1RyR25sVA?oc=5\" target=\"_blank\" rel=\"nofollow noopener\">Reagerer p\u00e5 Drillos ville VM-p\u00e5stand: \u2013 Ingen grenser<\/a>&nbsp;&nbsp;TV2.no<\/li>\n<li><a href=\"https:\/\/news.google.com\/rss\/articles\/CBMi2wFBVV95cUxPaFhqTHRJdjVlN0hVbi1HaGV6bGNvaEtiVXEyN3NnQXNvV3k2MDhzZUxxMWZVYTE4MmNYWlJpWHV3NUV2Ql9nV0NRWDQwRWE4T20xaXJ4bFF2VXZvSmJfcHE1Vnl1aDEyLUlmeVA1b1VMUU16b2xJWUNhbjlhck5mZlJNNjBmUlAtTHdKMmtRbWpEMGdtQjV1a3g0NEswYnhkRVpQcDJITkpjWEtUNExVbTNSMTJabmNTaldrdTVrRUpDNFVHYnhXaEUzeDhLbVpidXU4X2lVOWlFTHc?oc=5\" target=\"_blank\" rel=\"nofollow noopener\">Endelig er heltene norske: Hvorfor lykkes det n\u00e5 for landslaget? Tre grunner peker seg ut.<\/a>&nbsp;&nbsp;aftenposten.no<\/li>\n<li><a href=\"https:\/\/news.google.com\/rss\/articles\/CBMijwFBVV95cUxOQmwtVERnbVlKSE9QRlhFdFE0Wm8tY2xYSnFLMHpWVmlmd3YwcmRPY2xZQVRTQmx0Y3hFcU5tR3ZkSDlMMHJ4d3RIYjk4NXZuZXN2Y3lPTnNJYW1uYm1Eclg2VWVYZEdHSHU0a3dEWlhKNEExZHhoVy1SMlBRVlRSMVlxcTZZRFdVM3BvZW1mUQ?oc=5\" target=\"_blank\" rel=\"nofollow noopener\">Solbakken hyller kulturen og samholdet: \u2013 Det sl\u00e5r alt<\/a>&nbsp;&nbsp;fvn.no<\/li>\n<\/ol>\n","protected":false},"excerpt":{"rendered":"Ellevilt VM-l\u00f8fte&nbsp;&nbsp;Dagbladet Jubelkveld for Norge \u2013 p\u00e5 vei til VM&nbsp;&nbsp;NRK Reagerer p\u00e5 Drillos ville VM-p\u00e5stand: \u2013 Ingen grenser&nbsp;&nbsp;TV2.no&hellip;\n","protected":false},"author":2,"featured_media":88513,"comment_status":"","ping_status":"","sticky":false,"template":"","format":"standard","meta":{"footnotes":""},"categories":[59],"tags":[92,4145,30,28,29,83,82,11702,1871],"class_list":{"0":"post-88512","1":"post","2":"type-post","3":"status-publish","4":"format-standard","5":"has-post-thumbnail","7":"category-sport","8":"tag-fotball","9":"tag-herrelandslaget","10":"tag-no","11":"tag-norge","12":"tag-norway","13":"tag-sport","14":"tag-sports","15":"tag-vassendgutane","16":"tag-vm"},"share_on_mastodon":{"url":"https:\/\/pubeurope.com\/@no\/115559128328985468","error":""},"_links":{"self":[{"href":"https:\/\/www.europesays.com\/no\/wp-json\/wp\/v2\/posts\/88512","targetHints":{"allow":["GET"]}}],"collection":[{"href":"https:\/\/www.europesays.com\/no\/wp-json\/wp\/v2\/posts"}],"about":[{"href":"https:\/\/www.europesays.com\/no\/wp-json\/wp\/v2\/types\/post"}],"author":[{"embeddable":true,"href":"https:\/\/www.europesays.com\/no\/wp-json\/wp\/v2\/users\/2"}],"replies":[{"embeddable":true,"href":"https:\/\/www.europesays.com\/no\/wp-json\/wp\/v2\/comments?post=88512"}],"version-history":[{"count":0,"href":"https:\/\/www.europesays.com\/no\/wp-json\/wp\/v2\/posts\/88512\/revisions"}],"wp:featuredmedia":[{"embeddable":true,"href":"https:\/\/www.europesays.com\/no\/wp-json\/wp\/v2\/media\/88513"}],"wp:attachment":[{"href":"https:\/\/www.europesays.com\/no\/wp-json\/wp\/v2\/media?parent=88512"}],"wp:term":[{"taxonomy":"category","embeddable":true,"href":"https:\/\/www.europesays.com\/no\/wp-json\/wp\/v2\/categories?post=88512"},{"taxonomy":"post_tag","embeddable":true,"href":"https:\/\/www.europesays.com\/no\/wp-json\/wp\/v2\/tags?post=88512"}],"curies":[{"name":"wp","href":"https:\/\/api.w.org\/{rel}","templated":true}]}}