{"id":88514,"date":"2025-11-16T11:32:07","date_gmt":"2025-11-16T11:32:07","guid":{"rendered":"https:\/\/www.europesays.com\/no\/88514\/"},"modified":"2025-11-16T11:32:07","modified_gmt":"2025-11-16T11:32:07","slug":"alesundere-ble-europamestere-smp-no","status":"publish","type":"post","link":"https:\/\/www.europesays.com\/no\/88514\/","title":{"rendered":"(+) \u00c5lesundere ble europamestere &#8211; smp.no"},"content":{"rendered":"<ol>\n<li><a href=\"https:\/\/news.google.com\/rss\/articles\/CBMicEFVX3lxTE1EdnotLUpTN1diSE03Uy0wdVBvSVdTNDVUUWUwaWduY0pheU5jcTliRG9tbVNEMTRGRDBicmN4TWNGd3Izak82N3otZlB1TnBWYWZrejY4djd5OG1pX0loQ0FsTER3V0FCcHpVQTVlaGc?oc=5\" target=\"_blank\" rel=\"nofollow noopener\">(+) \u00c5lesundere ble europamestere<\/a>&nbsp;&nbsp;smp.no<\/li>\n<li><a href=\"https:\/\/news.google.com\/rss\/articles\/CBMigAFBVV95cUxNdWstX285MER2Y3NhT1RlejRDaXJQNnBxS2xVVzJWcGxaTDZRUllTRWcwVTdoNUxtcmt4SzZoaUhHaHBlR0xlcFY0QjBvZU03WEFPMXBQdml1T25zZlJiNEpkWENYNFpEMEk5TG1XckFQclM1SkFjVVRmWWE5akFWYg?oc=5\" target=\"_blank\" rel=\"nofollow noopener\">(+) S\u00f8strene fr\u00e5 Stord henta heim nye medaljar<\/a>&nbsp;&nbsp;sunnhordland.no<\/li>\n<li><a href=\"https:\/\/news.google.com\/rss\/articles\/CBMiqwFBVV95cUxQdklaVWpRLWZJbGRWZHI0WTZrVjdSWl80MDNTUEZERGtVZUc3YzgzZ2dwMFRuVDZEa3pqQTdQaFR1SDUySjdmN1A0cGo2SU1ZTEVlM0dweVRaZUVmQ2xULWd4ZlRGc3FPQjludXhjbE15dC01OWxxNzM2Qkc2QTlzZk95cTZRWktIOGkyV0I4SFMtUE1vOVo5aTNFVmdtdGlzV04tem9iNmlYUXM?oc=5\" target=\"_blank\" rel=\"nofollow noopener\">Eigersund, Folk | Vannvittig EM-helg: Egersund-spillere sikret norsk gull og s\u00f8lv<\/a>&nbsp;&nbsp;Dalane Tidende<\/li>\n<li><a href=\"https:\/\/news.google.com\/rss\/articles\/CBMiiAFBVV95cUxPczA4Zl9xX2RoQXNwMzFkWnRLanZDcWlRVXBsSTB4RGpxSk9PaFZWNlJGMjh6elU2dzcxcU01cXJ2dDdhTnZCZTBIdEFZbGVka0NXcHpCNmpxek9jVXVVS2NJaC16WHlvdWo4cVpRUkl0TzVwNURuRnBmTmhDeEotcW1tNF84OFl1?oc=5\" target=\"_blank\" rel=\"nofollow noopener\">\u00c5lesundere tok EM-gull og s\u00f8lv i undervannsrugby<\/a>&nbsp;&nbsp;Bypatrioten<\/li>\n<li><a href=\"https:\/\/news.google.com\/rss\/articles\/CBMiigFBVV95cUxPTjRIdkRYSDR1XzhRbkJudUtNRU9WZndIa19JTklNb050ajlCTS1TUzdGcTNOdDhuNVhfM0VuR1c0aWVrOUpRVEJ0SDMyWkhCSnhZRGQxbEFfLURPQ1ZKbllsQTEySFU3cm96ZngtRXJFLUpnZGE4cjhLT1J3dmllRFdNRFBpblV2WVE?oc=5\" target=\"_blank\" rel=\"nofollow noopener\">Sport, Undervannsrugby | Eigersundere skal spille finaler i EM<\/a>&nbsp;&nbsp;Dalane Tidende<\/li>\n<\/ol>\n","protected":false},"excerpt":{"rendered":"(+) \u00c5lesundere ble europamestere&nbsp;&nbsp;smp.no (+) S\u00f8strene fr\u00e5 Stord henta heim nye medaljar&nbsp;&nbsp;sunnhordland.no Eigersund, Folk | Vannvittig EM-helg: Egersund-spillere&hellip;\n","protected":false},"author":2,"featured_media":88515,"comment_status":"","ping_status":"","sticky":false,"template":"","format":"standard","meta":{"footnotes":""},"categories":[59],"tags":[1703,11704,2211,30,28,29,83,82,11703],"class_list":{"0":"post-88514","1":"post","2":"type-post","3":"status-publish","4":"format-standard","5":"has-post-thumbnail","7":"category-sport","8":"tag-alesund","9":"tag-alesund-undervannsrugby","10":"tag-idrett","11":"tag-no","12":"tag-norge","13":"tag-norway","14":"tag-sport","15":"tag-sports","16":"tag-undervannsrugby"},"share_on_mastodon":{"url":"https:\/\/pubeurope.com\/@no\/115559159774503217","error":""},"_links":{"self":[{"href":"https:\/\/www.europesays.com\/no\/wp-json\/wp\/v2\/posts\/88514","targetHints":{"allow":["GET"]}}],"collection":[{"href":"https:\/\/www.europesays.com\/no\/wp-json\/wp\/v2\/posts"}],"about":[{"href":"https:\/\/www.europesays.com\/no\/wp-json\/wp\/v2\/types\/post"}],"author":[{"embeddable":true,"href":"https:\/\/www.europesays.com\/no\/wp-json\/wp\/v2\/users\/2"}],"replies":[{"embeddable":true,"href":"https:\/\/www.europesays.com\/no\/wp-json\/wp\/v2\/comments?post=88514"}],"version-history":[{"count":0,"href":"https:\/\/www.europesays.com\/no\/wp-json\/wp\/v2\/posts\/88514\/revisions"}],"wp:featuredmedia":[{"embeddable":true,"href":"https:\/\/www.europesays.com\/no\/wp-json\/wp\/v2\/media\/88515"}],"wp:attachment":[{"href":"https:\/\/www.europesays.com\/no\/wp-json\/wp\/v2\/media?parent=88514"}],"wp:term":[{"taxonomy":"category","embeddable":true,"href":"https:\/\/www.europesays.com\/no\/wp-json\/wp\/v2\/categories?post=88514"},{"taxonomy":"post_tag","embeddable":true,"href":"https:\/\/www.europesays.com\/no\/wp-json\/wp\/v2\/tags?post=88514"}],"curies":[{"name":"wp","href":"https:\/\/api.w.org\/{rel}","templated":true}]}}