{"id":88517,"date":"2025-11-16T11:38:40","date_gmt":"2025-11-16T11:38:40","guid":{"rendered":"https:\/\/www.europesays.com\/no\/88517\/"},"modified":"2025-11-16T11:38:40","modified_gmt":"2025-11-16T11:38:40","slug":"avslorer-ni-maneder-uten","status":"publish","type":"post","link":"https:\/\/www.europesays.com\/no\/88517\/","title":{"rendered":"Avsl\u00f8rer: Ni m\u00e5neder uten"},"content":{"rendered":"<p>  Torstein Bae (46) er p\u00e5 ny\u00e5ret \u00abarbeidsledig\u00bb. N\u00e5 \u00f8nsker han \u00e5 ta et trekk tilbake etter boksuksessen og\u00a0g\u00e5 mer i marka.\u00a0<\/p>\n<p>\n    TAR SEG FRI: Torstein Bae skal etter en rekordhektisk h\u00f8st da seg en liten pause. Foto: Fredrik Arff\n  <\/p>\n<p>Den folkekj\u00e6re sjakkeksperten har siden i vinter v\u00e6rt uten fast jobb.\u00a0<\/p>\n<p>Etter at han sa opp advokatjobben i Flyktninghjelpen, har det siste \u00e5ret blant annet blitt brukt p\u00e5\u00a0\u00abden store sjakkboka\u00bb.\u00a0<\/p>\n<p class=\"font-weight-bold m-font-weight-bold\" data-lab-font_weight=\"font-weight-bold\">Prosjektet som ble utgitt i oktober, og n\u00e5 topper flere boklister, har gitt stor glede og mersmak &#8211; men har ogs\u00e5 kostet, erkjenner Bae.\u00a0<\/p>\n<p>For f\u00f8rste gang p\u00e5 mange \u00e5r, som han beskriver det selv, skal han ta seg litt fri.\u00a0<\/p>\n<p>&#8211; Jeg har hatt et bra kj\u00f8r gjennom mange \u00e5r, s\u00e5 jeg hadde gjerne<br \/>\nsett for meg en liten periode hvor jeg kan g\u00e5 litt tur i \u00d8stmarka, lese og puste litt f\u00f8r jeg gir meg utp\u00e5 neste oppdrag i livet, forteller Bae til Dagbladet.\u00a0<\/p>\n<p>          <img loading=\"lazy\" decoding=\"async\" src=\"https:\/\/www.europesays.com\/no\/wp-content\/uploads\/2025\/11\/83851502.webp\" width=\"686\" height=\"652\" title=\"NY BOK: Torstein Bae har det siste \u00e5ret jobbet med prosjektet. Foto: Privat\" alt=\"\" class=\"\" style=\"--aspect-ratio-image: 1.05; \"\/><\/p>\n<p>\n          NY BOK: Torstein Bae har det siste \u00e5ret jobbet med prosjektet. Foto: Privat\n      <\/p>\n<p>Freelancertilv\u00e6relsen betyr ikke at jobblivet har blitt noe roligere. Bok, flere TV-prosjekter og film er noe av det profilen har holdt fingrene i dette kalender\u00e5ret. I romjula blir han selvf\u00f8lgelig \u00e5 se p\u00e5 skjermen i forbindelse med NRKs dekning av lyn- og hurtigsjakk-VM.\u00a0<\/p>\n<p>Men i januar vil han ta en ordentlig pause &#8211; for f\u00f8rste gang p\u00e5 20 \u00e5r, if\u00f8lge ham selv.\u00a0<\/p>\n<p>&#8211; S\u00e5 du er helt arbeidsledig da?\u00a0<\/p>\n<p>&#8211; Det er riktig at jeg st\u00e5r uten noen st\u00f8rre prosjekter i<br \/>\njanuar. Jeg har v\u00e6rt gr\u00fcnder og forskjellig f\u00f8r, s\u00e5 jeg vet at jeg klarer \u00e5 finne<br \/>\nnoe hvis jeg st\u00e5r uten noe. Det er den tryggheten jeg har. Jeg er ikke bekymret<br \/>\nfor det. Akkurat hva det blir er et \u00e5pent sp\u00f8rsm\u00e5l, forteller Bae.\u00a0<\/p>\n<p>Sjakkguruen fra Oslo var i en liknende situasjon tidligere i \u00e5r etter at han sluttet i Flyktninghjelpen. Da s\u00e5 han ogs\u00e5 for seg litt fri, men planene ble br\u00e5tt snudd om da bokprosjektet inntraff.\u00a0<\/p>\n<p class=\"italic m-italic\" data-lab-italic=\"italic\">&#8211; Er denne friperioden n\u00e5 noe du f\u00f8ler du trenger?\u00a0<\/p>\n<p class=\"font-weight-bold m-font-weight-bold\" data-lab-font_weight=\"font-weight-bold\">&#8211; Ja, jeg f\u00f8ler jo det. Det har v\u00e6rt 20 \u00e5r med kj\u00f8r. Men s\u00e5nn er<br \/>\ndet for mange med jobb og familie og alt mulig. Jeg hadde gjerne sett det (ha litt fri). Samtidig liker jeg \u00e5 jobbe og ha noe \u00e5 holde fingrene i. N\u00e5r det f\u00f8rst dukker opp en<br \/>\nspennende mulighet, s\u00e5 er jeg veldig kjapp til \u00e5 kaste meg over det,\u00a0sier 46-\u00e5ringen og legger til at det nesten er 20 \u00e5r siden sist han hadde en slik friperiode.\u00a0<\/p>\n<p>        KONSENTRERT: Torstein Bae har en travel h\u00f8st foran seg, og n\u00e5 debuterer han i en helt ny rolle!<\/p>\n<p class=\"italic m-italic\" data-lab-italic=\"italic\">&#8211; 20 \u00e5r?\u00a0<\/p>\n<p>&#8211; Ja, du kan nesten si det. Det er nesten 20 \u00e5r siden jeg ble president i sjakkforbundet og s\u00e5 har det g\u00e5tt slag i slag med gr\u00fcnder- og advokatvirksomhet. Jeg tar gjerne en rolig januar.\u00a0<\/p>\n<p class=\"italic m-italic\" data-lab-italic=\"italic\">&#8211; Hvordan blir det?\u00a0<\/p>\n<p class=\"font-weight-bold m-font-weight-bold\" data-lab-font_weight=\"font-weight-bold\">&#8211; Det<br \/>\nblir veldig deilig. S\u00e5 gleder jeg meg til sjakken i romjula, p\u00e5peker han.\u00a0<\/p>\n<p class=\"italic m-italic\" data-lab-italic=\"italic\">&#8211; Hva er planen n\u00e5?<\/p>\n<p>&#8211; Jeg har ikke stresset med det. Boken har blitt \u00e5rets prosjekt. Denne h\u00f8sten blir det \u00e5 reise litt rundt med boken. Da har jeg ikke stresset med hva som blir i 2026, s\u00e5 kunne jeg tenkt meg \u00e5 puste ut litt n\u00e5r det nye \u00e5ret kommer etter et bra kj\u00f8r med bok og runde av med sjakk i romjula. Det er noe av samme status fortsatt.\u00a0<\/p>\n<p>          <img loading=\"lazy\" decoding=\"async\" src=\"https:\/\/www.europesays.com\/no\/wp-content\/uploads\/2025\/11\/83851516.webp\" width=\"980\" height=\"559\" title=\"PROFILER: Ole Rolfsrud, Torstein Bae og Heidi R\u00f8neid har i en \u00e5rrekke ledet NRKs sjakksendinger. Foto: Erik Johansen \/ NTB\" alt=\"\" class=\"\" style=\"--aspect-ratio-image: 1.75; \"\/><\/p>\n<p>\n          PROFILER: Ole Rolfsrud, Torstein Bae og Heidi R\u00f8neid har i en \u00e5rrekke ledet NRKs sjakksendinger. Foto: Erik Johansen \/ NTB\n      <\/p>\n<p>&#8211; Vi f\u00e5 se hva neste \u00e5r bringer. Det er flere muligheter. Jeg kan vende tilbake til advokatbransjen eller andre prosjekter. Det har v\u00e6rt spennende \u00e5 skrive bok, men skal du skrive flere b\u00f8ker m\u00e5 du komme p\u00e5 nye ideer. S\u00e5nn er det. Men alle muligheter er \u00e5pne fortsatt, legger han til.\u00a0<\/p>\n<p class=\"font-weight-bold m-font-weight-bold\" data-lab-font_weight=\"font-weight-bold\">Dagbladet har tidligere <a href=\"https:\/\/www.dagbladet.no\/sport\/ny-rolle-for-sjakkprofilen\/83648475\" rel=\"nofollow noopener\" target=\"_blank\">omtalt den rekordhektiske h\u00f8sten for Bae<\/a>. I h\u00f8st var han aktuell som stemmeskuespiller i animasjonsfilmen\u00a0\u00abRuffen\u00bb.\u00a0I tillegg til skuespillerdebut og bokslipp, er Bae ogs\u00e5 snart aktuell med TV 2-julekalenderen\u00a0\u00abRampenissen\u00bb.\u00a0<\/p>\n<p class=\"italic m-italic\" data-lab-italic=\"italic\">&#8211; Hvordan blir det \u00e5 f\u00e5 litt fri?\u00a0<\/p>\n<p>&#8211; Det blir veldig deilig, svarer Oslo-mannen avslutningsvis.\u00a0<\/p>\n","protected":false},"excerpt":{"rendered":"Torstein Bae (46) er p\u00e5 ny\u00e5ret \u00abarbeidsledig\u00bb. N\u00e5 \u00f8nsker han \u00e5 ta et trekk tilbake etter boksuksessen og\u00a0g\u00e5&hellip;\n","protected":false},"author":2,"featured_media":88518,"comment_status":"","ping_status":"","sticky":false,"template":"","format":"standard","meta":{"footnotes":""},"categories":[5],"tags":[1095,20,21,24,25,15,19,11705,2539,479,22,23,17,18,13,30,28,29,14,16,26,27],"class_list":{"0":"post-88517","1":"post","2":"type-post","3":"status-publish","4":"format-standard","5":"has-post-thumbnail","7":"category-overskrifter","8":"tag-alkohol","9":"tag-breaking-news","10":"tag-breakingnews","11":"tag-featured-news","12":"tag-featurednews","13":"tag-headlines","14":"tag-hovedoppslag","15":"tag-hvit-maned","16":"tag-innenriks","17":"tag-kjendis","18":"tag-latest-news","19":"tag-latestnews","20":"tag-main-news","21":"tag-mainnews","22":"tag-news","23":"tag-no","24":"tag-norge","25":"tag-norway","26":"tag-nyheter","27":"tag-overskrifter","28":"tag-top-stories","29":"tag-topstories"},"share_on_mastodon":{"url":"https:\/\/pubeurope.com\/@no\/115559183761303944","error":""},"_links":{"self":[{"href":"https:\/\/www.europesays.com\/no\/wp-json\/wp\/v2\/posts\/88517","targetHints":{"allow":["GET"]}}],"collection":[{"href":"https:\/\/www.europesays.com\/no\/wp-json\/wp\/v2\/posts"}],"about":[{"href":"https:\/\/www.europesays.com\/no\/wp-json\/wp\/v2\/types\/post"}],"author":[{"embeddable":true,"href":"https:\/\/www.europesays.com\/no\/wp-json\/wp\/v2\/users\/2"}],"replies":[{"embeddable":true,"href":"https:\/\/www.europesays.com\/no\/wp-json\/wp\/v2\/comments?post=88517"}],"version-history":[{"count":0,"href":"https:\/\/www.europesays.com\/no\/wp-json\/wp\/v2\/posts\/88517\/revisions"}],"wp:featuredmedia":[{"embeddable":true,"href":"https:\/\/www.europesays.com\/no\/wp-json\/wp\/v2\/media\/88518"}],"wp:attachment":[{"href":"https:\/\/www.europesays.com\/no\/wp-json\/wp\/v2\/media?parent=88517"}],"wp:term":[{"taxonomy":"category","embeddable":true,"href":"https:\/\/www.europesays.com\/no\/wp-json\/wp\/v2\/categories?post=88517"},{"taxonomy":"post_tag","embeddable":true,"href":"https:\/\/www.europesays.com\/no\/wp-json\/wp\/v2\/tags?post=88517"}],"curies":[{"name":"wp","href":"https:\/\/api.w.org\/{rel}","templated":true}]}}