{"id":88528,"date":"2025-11-16T12:15:14","date_gmt":"2025-11-16T12:15:14","guid":{"rendered":"https:\/\/www.europesays.com\/no\/88528\/"},"modified":"2025-11-16T12:15:14","modified_gmt":"2025-11-16T12:15:14","slug":"gult-farevarsel-i-vest-knallvaer-i-ost","status":"publish","type":"post","link":"https:\/\/www.europesays.com\/no\/88528\/","title":{"rendered":"Gult farevarsel i vest \u2013 knallv\u00e6r i \u00f8st"},"content":{"rendered":"\n<p class=\"_lead_o9xde_2 _lead_xtcu6_50 layout-component text-serif-m layout-normal text-serif-l layout-component layout-wide layout-padded _wide_17hqh_1 layout-padded\">Det er sendt ut farevarsel for sn\u00f8 p\u00e5 Nordvestlandet og deler av Tr\u00f8ndelag. Men \u00f8stlendingene kan finne frem solbrillene. <\/p>\n<p><img alt=\"Slik blir v\u00e6ret i S\u00f8r-Norge fra kl. 06\u201312 mandag. Foto: Yr \/ VG\" class=\"_image_qp4xg_65 layout-component layout-wide\" data-fullscreen- data-track-element-type=\"Article image fullscreen\" data-track-name=\"ImageFullscreen\" fetchpriority=\"high\" decoding=\"sync\" loading=\"eager\" height=\"1189\" itemprop=\"image\"  src=\"https:\/\/www.europesays.com\/no\/wp-content\/uploads\/2025\/11\/12d10604-2a03-4ff0-9081-8acea4a8d9d1\"  style=\"object-position:0% 0%\" width=\"1571\"\/>Slik blir v\u00e6ret i S\u00f8r-Norge fra kl. 06\u201312 mandag. Foto: Yr \/ VG<\/p>\n<ul aria-hidden=\"true\" class=\"_images_18f0k_111\">\n<li><a class=\"_link_18f0k_116\" href=\"https:\/\/www.vg.no\/forfatter\/anne-sofie-roennfeldt\" style=\"z-index:2\" title=\"Anne Sofie R\u00f8nnfeldt\" rel=\"nofollow noopener\" target=\"_blank\"><img alt=\"Bilde av Anne Sofie R\u00f8nnfeldt\" class=\"_image_18f0k_93\" fetchpriority=\"low\" loading=\"lazy\" decoding=\"async\" itemprop=\"image\"  src=\"https:\/\/www.europesays.com\/no\/wp-content\/uploads\/2025\/11\/1763295311_586_4634311d-064a-4086-be75-18a6e8a88835\"  width=\"480\"\/><\/a><\/li>\n<li><a class=\"_link_18f0k_116\" href=\"https:\/\/www.vg.no\/forfatter\/espen-rasmussen-4\" style=\"z-index:1\" title=\"Espen Rasmussen\" rel=\"nofollow noopener\" target=\"_blank\"><img alt=\"Bilde av Espen Rasmussen\" class=\"_image_18f0k_93\" fetchpriority=\"low\" loading=\"lazy\" decoding=\"async\" itemprop=\"image\"  src=\"https:\/\/www.europesays.com\/no\/wp-content\/uploads\/2025\/11\/22a0224d-2570-439d-8e6a-b69970891d9f\"  width=\"480\"\/><\/a><\/li>\n<\/ul>\n<p> Oppdatert s\u00f8ndag 16. november kl. 12:43    <\/p>\n<ul class=\"_list_o9xde_3 _list_64s2r_85 _unordered_o9xde_106 text-sans-m\">\n<li class=\"_item_o9xde_30\">Det er sendt ut farevarsel for sn\u00f8 p\u00e5 Nordvestlandet og Tr\u00f8ndelag, med opp til 25 cm sn\u00f8.<\/li>\n<li class=\"_item_o9xde_30\">Glatte veier har f\u00f8rt til frontkollisjon i Lillestr\u00f8m og flere utforkj\u00f8ringer i Buskerud og M\u00f8re og Romsdal.<\/li>\n<li class=\"_item_o9xde_30\">S\u00f8r- og \u00d8stlandet venter str\u00e5lende sol flere dager fremover, inkludert Oslo.<\/li>\n<li class=\"_item_o9xde_30\">Bergen kan f\u00e5 sitt f\u00f8rste sn\u00f8fall denne vinteren i kveld.<\/li>\n<\/ul>\n<p>Vis mer <\/p>\n<p class=\"_paragraph_o9xde_4 _paragraph_xtcu6_10 layout-component text-serif-m layout-normal text-serif-m layout-padded\">Det er ventet str\u00e5lende sol p\u00e5 S\u00f8r- og \u00d8stlandet de neste dagene. <\/p>\n<p class=\"_paragraph_o9xde_4 _paragraph_xtcu6_10 layout-component text-serif-m layout-normal text-serif-m layout-padded\">Fra Otta i nord til Kristiansand i s\u00f8r er v\u00e6rkartet teppelagt med trillrunde gule symboler flere dager den kommende uken: Ogs\u00e5 kalt sol.<\/p>\n<p class=\"_paragraph_o9xde_4 _paragraph_xtcu6_10 layout-component text-serif-m layout-normal text-serif-m layout-padded\">\u2013 S\u00f8rlandet og \u00d8stlandet ligger i le for den nordvestlige luftstr\u00f8mmen. S\u00e5 der blir det fint v\u00e6r, sier statsmeteorolog Rebecca Roggentin. <\/p>\n<p class=\"_paragraph_o9xde_4 _paragraph_xtcu6_10 layout-component text-serif-m layout-normal text-serif-m layout-padded\">Oslo er intet unntak, hvor det ogs\u00e5 er ventet at temperaturen vil synke til like under null grader.<\/p>\n<p><img alt=\"Foto: Gorm Kallestad \/ NTB\" class=\"_image_qp4xg_65 layout-component layout-normal\" data-fullscreen- data-track-element-type=\"Article image fullscreen\" data-track-name=\"ImageFullscreen\" decoding=\"async\" loading=\"lazy\" height=\"2624\" itemprop=\"image\"  src=\"https:\/\/www.europesays.com\/no\/wp-content\/uploads\/2025\/11\/5943db04-b911-4458-8ce9-28eac5599721\"  style=\"object-position:0% 0%\" width=\"3936\"\/>Foto: Gorm Kallestad \/ NTB<\/p>\n<p class=\"_paragraph_o9xde_4 _paragraph_xtcu6_10 layout-component text-serif-m layout-normal text-serif-m layout-padded\">For resten av landet har statsmeteorologen mindre gode nyheter. <\/p>\n<p class=\"_paragraph_o9xde_4 _paragraph_xtcu6_10 layout-component text-serif-m layout-normal text-serif-m layout-padded\">\u2013 P\u00e5 Nordvestlandet har vi sendt ut gult farevarsel p\u00e5 sn\u00f8 fra i ettermiddag.<\/p>\n<p class=\"_paragraph_o9xde_4 _paragraph_xtcu6_10 layout-component text-serif-m layout-normal text-serif-m layout-padded\">Det er ventet mellom 5 og 25 centimeter sn\u00f8. <\/p>\n<p class=\"_paragraph_o9xde_4 _paragraph_xtcu6_10 layout-component text-serif-m layout-normal text-serif-m layout-padded\">\u2013 P\u00e5 fjellet i Nordvestlandet er det sn\u00f8fokk som gjelder. I fjellovergangene m\u00e5 man v\u00e6re ekstra n\u00f8ye med \u00e5 ha vinterdekk, sier Roggentin og legger til at det ogs\u00e5 er meldt om sn\u00f8fokk i Finnmark.<\/p>\n<p class=\"_paragraph_o9xde_4 _paragraph_xtcu6_10 layout-component text-serif-m layout-normal text-serif-m layout-padded\">\u2013 Nedb\u00f8rsformen vil variere. Det kan ogs\u00e5 v\u00e6re hagl og regnbyger i dette. <\/p>\n<p> Glatte veier<\/p>\n<p class=\"_paragraph_o9xde_4 _paragraph_xtcu6_10 layout-component text-serif-m layout-normal text-serif-m layout-padded\">Det er meldt om glatte veier flere steder i landet. <\/p>\n<p class=\"_paragraph_o9xde_4 _paragraph_xtcu6_10 layout-component text-serif-m layout-normal text-serif-m layout-padded\">S\u00f8ndag formiddag rykket politiet ut til en front-mot-front-kollisjon mellom to biler i Lillestr\u00f8m. <\/p>\n<p class=\"_paragraph_o9xde_4 _paragraph_xtcu6_10 layout-component text-serif-m layout-normal text-serif-m layout-padded\">Like etter kl. 12, melder politiet at flere personbiler har kj\u00f8rt av veien i \u00d8vre Eiker i Buskerud. <\/p>\n<p class=\"_paragraph_o9xde_4 _paragraph_xtcu6_10 layout-component text-serif-m layout-normal text-serif-m layout-padded\">Ogs\u00e5 i Rauma i M\u00f8re og Romsdal har politiet rykket ut til en bil som har kj\u00f8rt av veien. I Troms\u00f8 har helgen ogs\u00e5 v\u00e6rt preget av sv\u00e6rt glatte veier.<\/p>\n<p> Vinter i Berrrrgen<\/p>\n<p class=\"_paragraph_o9xde_4 _paragraph_xtcu6_10 layout-component text-serif-m layout-normal text-serif-m layout-padded\">Mens det er ventet fint v\u00e6r p\u00e5 S\u00f8r- og \u00d8stlandet, sier statsmeteorologen at Norges nest st\u00f8rste by kan forvente sitt f\u00f8rste sn\u00f8fall for \u00e5ret i kveld.<\/p>\n<p class=\"_paragraph_o9xde_4 _paragraph_xtcu6_10 layout-component text-serif-m layout-normal text-serif-m layout-padded\">\u2013 Det blir nok litt hvitt i Bergen i kveld og i natt. Her ventes det sludd og eventuelt sn\u00f8byger, sir hun.<\/p>\n<p>    &#13;<br \/>\n        &#13;<br \/>\n        <img decoding=\"async\" class=\"pent-widget mobileImg\" src=\"https:\/\/www.europesays.com\/no\/wp-content\/uploads\/2025\/11\/pentWidgetMobil.png\" alt=\"\"\/>       &#13;<\/p>\n<p>        Sjekk v\u00e6ret der du er<\/p>\n<p><b>Pent.no<\/b> sammenligner <br \/>v\u00e6rmeldingene fra <b>Yr<\/b> og <b>Storm<\/b><\/p>\n<p class=\"_paragraph_o9xde_4 _paragraph_xtcu6_10 layout-component text-serif-m layout-normal text-serif-m layout-padded\">\u2013 Kan man si at vinteren offisielt har kommet?<\/p>\n<p class=\"_paragraph_o9xde_4 _paragraph_xtcu6_10 layout-component text-serif-m layout-normal text-serif-m layout-padded\">\u2013 D\u00f8gnmiddeltemperaturenD\u00f8gnmiddeltemperaturenD\u00f8gnmiddeltemperatur er den gjennomsnittlige temperaturen i l\u00f8pet av et 24-timers d\u00f8gn, ofte regnet fra klokken 18.00 til 18.00 skal v\u00e6re under null for \u00e5 si at det er vinter. Noen steder er det det, spesielt i indre str\u00f8k. <\/p>\n<p class=\"_paragraph_o9xde_4 _paragraph_xtcu6_10 layout-component text-serif-m layout-normal text-serif-m layout-padded\">\u2013 Hva er dine anbefalinger n\u00e5r sn\u00f8en st\u00e5r p\u00e5 trappene?<\/p>\n<p class=\"_paragraph_o9xde_4 _paragraph_xtcu6_10 layout-component text-serif-m layout-normal text-serif-m layout-padded\">\u2013 Det beste er at man har vinterdekk n\u00e5r man skal kj\u00f8re, og sjekker v\u00e6r- og veimeldinger f\u00f8r man kj\u00f8rer. Kj\u00f8retiden kan ta lengre tid, fordi det kan komme sn\u00f8 p\u00e5 veiene, avslutter Roggentin.<\/p>\n<p>    &#13;<br \/>\n        &#13;<br \/>\n        <img decoding=\"async\" class=\"pent-widget mobileImg\" src=\"https:\/\/www.europesays.com\/no\/wp-content\/uploads\/2025\/11\/pentWidgetMobil.png\" alt=\"\"\/>       &#13;<\/p>\n<p>        Sjekk v\u00e6ret der du er<\/p>\n<p><b>Pent.no<\/b> sammenligner <br \/>v\u00e6rmeldingene fra <b>Yr<\/b> og <b>Storm<\/b><\/p>\n","protected":false},"excerpt":{"rendered":"Det er sendt ut farevarsel for sn\u00f8 p\u00e5 Nordvestlandet og deler av Tr\u00f8ndelag. Men \u00f8stlendingene kan finne frem&hellip;\n","protected":false},"author":2,"featured_media":88529,"comment_status":"","ping_status":"","sticky":false,"template":"","format":"standard","meta":{"footnotes":""},"categories":[10],"tags":[20,21,102,24,25,15,22,23,13,30,28,29,14,16,26,27,387],"class_list":{"0":"post-88528","1":"post","2":"type-post","3":"status-publish","4":"format-standard","5":"has-post-thumbnail","7":"category-norge","8":"tag-breaking-news","9":"tag-breakingnews","10":"tag-farevarsel","11":"tag-featured-news","12":"tag-featurednews","13":"tag-headlines","14":"tag-latest-news","15":"tag-latestnews","16":"tag-news","17":"tag-no","18":"tag-norge","19":"tag-norway","20":"tag-nyheter","21":"tag-overskrifter","22":"tag-top-stories","23":"tag-topstories","24":"tag-vaeret"},"share_on_mastodon":{"url":"https:\/\/pubeurope.com\/@no\/115559329070856822","error":""},"_links":{"self":[{"href":"https:\/\/www.europesays.com\/no\/wp-json\/wp\/v2\/posts\/88528","targetHints":{"allow":["GET"]}}],"collection":[{"href":"https:\/\/www.europesays.com\/no\/wp-json\/wp\/v2\/posts"}],"about":[{"href":"https:\/\/www.europesays.com\/no\/wp-json\/wp\/v2\/types\/post"}],"author":[{"embeddable":true,"href":"https:\/\/www.europesays.com\/no\/wp-json\/wp\/v2\/users\/2"}],"replies":[{"embeddable":true,"href":"https:\/\/www.europesays.com\/no\/wp-json\/wp\/v2\/comments?post=88528"}],"version-history":[{"count":0,"href":"https:\/\/www.europesays.com\/no\/wp-json\/wp\/v2\/posts\/88528\/revisions"}],"wp:featuredmedia":[{"embeddable":true,"href":"https:\/\/www.europesays.com\/no\/wp-json\/wp\/v2\/media\/88529"}],"wp:attachment":[{"href":"https:\/\/www.europesays.com\/no\/wp-json\/wp\/v2\/media?parent=88528"}],"wp:term":[{"taxonomy":"category","embeddable":true,"href":"https:\/\/www.europesays.com\/no\/wp-json\/wp\/v2\/categories?post=88528"},{"taxonomy":"post_tag","embeddable":true,"href":"https:\/\/www.europesays.com\/no\/wp-json\/wp\/v2\/tags?post=88528"}],"curies":[{"name":"wp","href":"https:\/\/api.w.org\/{rel}","templated":true}]}}