{"id":88540,"date":"2025-11-16T12:33:23","date_gmt":"2025-11-16T12:33:23","guid":{"rendered":"https:\/\/www.europesays.com\/no\/88540\/"},"modified":"2025-11-16T12:33:23","modified_gmt":"2025-11-16T12:33:23","slug":"kjokkensalget-oker-har-eksplodert","status":"publish","type":"post","link":"https:\/\/www.europesays.com\/no\/88540\/","title":{"rendered":"Kj\u00f8kkensalget \u00f8ker: &#8211; Har eksplodert"},"content":{"rendered":"<p class=\"kicker bg-pink color_mobile_bg-pink hasTextPadding mobile-hasTextPadding\" style=\"\">Eksplosiv vekst:\u00a0<\/p>\n<p>  Flere av m\u00f8bel- og elektronikk-kjedene ser samme utvikling. Elkj\u00f8p mener trenden viser at nordmenns privat\u00f8konomi og framtidstro er p\u00e5 vei tilbake.<\/p>\n<p>\n    EKSPLODERT: Elektronikkjeden melder om en betydelig vekst i salget av kj\u00f8kken. Foto: NTB\n  <\/p>\n<p>    Kort fortalt<\/p>\n<p lang=\"nb-NO\">Nordmenn har opplevd \u00f8konomisk usikkerhet, men n\u00e5 ser vi en oppsving i kj\u00f8kkensalg.<\/p>\n<p lang=\"nb-NO\">Elkj\u00f8p rapporterer en betydelig vekst i salget av Epoq-kj\u00f8kken denne h\u00f8sten.<\/p>\n<p lang=\"nb-NO\">B\u00e5de rimelige og eksklusive kj\u00f8kkenl\u00f8sninger er popul\u00e6re, noe som tyder p\u00e5 \u00f8kt \u00f8konomisk optimisme.<\/p>\n<p lang=\"nb-NO\">Forbruker\u00f8konom Lene Drange mener dette viser tillit til egen \u00f8konomi og reall\u00f8nnsvekst.<\/p>\n<p class=\"italic ai-disclaimer\" data-lab-italic=\"italic\">Sammendraget er laget av ChatGPT og godkjent av DinSide.<\/p>\n<p>      Vis mer<br \/>\n      Vis mindre<\/p>\n<p>Det er ingen tvil om at nordmenn de siste \u00e5rene har v\u00e6rt gjennom en lang tid med \u00f8konomisk usikkerhet og uvisshet.\u00a0<\/p>\n<p>Mange har de siste \u00e5ra strammet inn p\u00e5 lommeboka, men n\u00e5 melder flere butikker i\u00a0m\u00f8bel- og elektronikkbransjen om et skifte p\u00e5 s\u00e6rlig \u00e9n ting denne h\u00f8sten.<\/p>\n<p>&#8211; Kj\u00f8kkensalget har eksplodert denne h\u00f8sten, forteller kommunikasjonssjef hos Elkj\u00f8p til DinSide, Kristian Willanger.\u00a0<\/p>\n<p>        Tips oss<\/p>\n<p class=\"subtitle\">Har du innspill til saker om hus og hjem? Send oss et tips! \ud83c\udfe0<\/p>\n<p>Ikke sett maken\t<\/p>\n<p>Elektronikkjeden melder om en tydelig oppgang siden sommeren p\u00e5 kj\u00f8kkenmerket\u00a0\u00abEpoq\u00bb, med en vekst som de ikke har sett maken til p\u00e5 flere \u00e5r.\u00a0<\/p>\n<p>&#8211; Vi ser en tosifret vekst b\u00e5de i kj\u00f8kkensalget og i antall bookede tegnetimer sammenlignet med fjor\u00e5ret, utdyper salgssjef Ermina Ajdinovic.\u00a0<\/p>\n<p>        <img loading=\"lazy\" decoding=\"async\" itemprop=\"image\" src=\"https:\/\/www.europesays.com\/no\/wp-content\/uploads\/2025\/11\/83852057.webp\" width=\"180\" height=\"180\" alt=\"Ermina Ajdinovic\"\/><\/p>\n<p>            Ermina Ajdinovic<br \/>\n            Ermina<br \/>\n            Ajdinovic        <\/p>\n<p>Salgssjef for Epoq-kj\u00f8kken i Elkj\u00f8p Norge<\/p>\n<p>Hun forklarer at de ogs\u00e5 opplevde en sterk vekst under pandemien, da mange hadde bedre tid og \u00f8konomi til \u00e5 pusse opp, men at det med \u00f8kte\u00a0renteutgifter, h\u00f8yere str\u00f8mpriser og generell prisvekst etter hvert endret seg.\u00a0<\/p>\n<p>    <a itemprop=\"url\" href=\"https:\/\/dinside.dagbladet.no\/okonomi\/gruser-gigantene-pa-pris\/83813014\" rel=\"nofollow noopener\" target=\"_blank\"><\/p>\n<p>      <img loading=\"lazy\" decoding=\"async\" src=\"https:\/\/www.europesays.com\/no\/wp-content\/uploads\/2025\/11\/83829609.webp\" width=\"147\" height=\"98\" title=\"Gruser gigantene\" alt=\"\" class=\"lazyload\" style=\"--aspect-ratio-image: 1.50; \"\/><\/p>\n<p>        Gruser gigantene<\/p>\n<p>    <\/a><\/p>\n<p>N\u00e5 viser interessen seg for nytt kj\u00f8kken igjen \u00e5 v\u00e6re st\u00f8rre enn p\u00e5 lenge. Elkj\u00f8p er overbevist over at utviklingen henger sammen med\u00a0\u00f8kt optimisme og tykkere lommeb\u00f8ker. <\/p>\n<p>&#8211; Det viser at mange planlegger nytt kj\u00f8kken til jul, og gir et klart signal om at folk ser litt lysere p\u00e5 egen \u00f8konomi, og for alvor setter i gang oppussingsprosjekter igjen.<\/p>\n<p>          <img loading=\"lazy\" decoding=\"async\" src=\"https:\/\/www.europesays.com\/no\/wp-content\/uploads\/2025\/11\/83852595.webp\" width=\"686\" height=\"625\" title=\"TRENDER: Elkj\u00f8p ser \u00f8kt interesse for jordtoner, beige og treverk i h\u00f8sten kj\u00f8kkensalg. Foto: Elkj\u00f8p\" alt=\"\" class=\"\" style=\"--aspect-ratio-image: 1.10; \"\/><\/p>\n<p>\n          TRENDER: Elkj\u00f8p ser \u00f8kt interesse for jordtoner, beige og treverk i h\u00f8sten kj\u00f8kkensalg. Foto: Elkj\u00f8p\n      <\/p>\n<p>Hos elektronikkonkurrenten Power har de ogs\u00e5 opplevd en \u00f8kning i salg av kj\u00f8kken, men veksten har imidlertid ikke v\u00e6rt markant.\u00a0<\/p>\n<p>&#8211; Det har v\u00e6rt renteendringer som har gitt folk bedre r\u00e5d, og flere har de siste m\u00e5nedene investert i et nytt kj\u00f8kken enn vi har sett det siste \u00e5ret med dyrtid, forklarer PR- og kommunikasjonssjef, Silje Ensrud.\u00a0<\/p>\n<p>        <img loading=\"lazy\" decoding=\"async\" itemprop=\"image\" src=\"https:\/\/www.europesays.com\/no\/wp-content\/uploads\/2025\/11\/83852203.webp\" width=\"180\" height=\"180\" alt=\"Silje Ensrud\"\/><\/p>\n<p>            Silje Ensrud<br \/>\n            Silje<br \/>\n            Ensrud        <\/p>\n<p>Nordisk PR- og kommunikasjonssjef i Power<\/p>\n<p>B\u00e5de rimeligere og eksklusive l\u00f8sninger\t<\/p>\n<p>Ogs\u00e5 hos m\u00f8belgiganten IKEA har de merket at mange har valgt \u00e5 utsette st\u00f8rre investeringer de siste \u00e5rene.\u00a0<\/p>\n<p>&#8211; Likevel ser vi n\u00e5 en positiv utvikling denne h\u00f8sten, med \u00f8kt interesse for kj\u00f8kken &#8211; b\u00e5de i form av salg og flere som booker tegnetimer, forteller Stine Odland i IKEA til DinSide.\u00a0<\/p>\n<p>        <img loading=\"lazy\" decoding=\"async\" itemprop=\"image\" src=\"https:\/\/www.europesays.com\/no\/wp-content\/uploads\/2025\/11\/83852250.webp\" width=\"180\" height=\"180\" alt=\"Stine Odland\"\/><\/p>\n<p>            Stine Odland<br \/>\n            Stine<br \/>\n            Odland        <\/p>\n<p>Pressevakt i IKEA Norge<\/p>\n<p>Tidligere i h\u00f8st lanserte IKEA en ordning med prisl\u00f8fte p\u00e5 deres kj\u00f8kken, som vil si at de matcher andre tilbud kundene har f\u00e5tt.\u00a0<\/p>\n<p>&#8211; \u00d8kningen gjelder b\u00e5de rimeligere og mer eksklusive kj\u00f8kkenl\u00f8sninger, sier Odland.\u00a0<\/p>\n<p>    Dette vil folk ha:<\/p>\n<p>Samtlige av m\u00f8bel- og elektronikk-kjedene ser en tydelig trend i norske hjem, der nordmenn har blitt enda mer design- og materialbevisste n\u00e5r det gjelder kj\u00f8kken.\u00a0<\/p>\n<ul>\n<li class=\"lab-bodytext-line\">Folk vil ha naturlige og varme uttrykk, med et mer harmonisk preg p\u00e5 materialene.\u00a0<\/li>\n<li class=\"lab-bodytext-line\">Det er \u00f8kt interesse for steinplater og keramikk.\u00a0<\/li>\n<li class=\"lab-bodytext-line\">Folk velger kj\u00f8kken som spiller p\u00e5 lag med tekstiler, gulv og belysning.\u00a0<\/li>\n<li class=\"lab-bodytext-line\">Det har skjedd et skifte fra blankt, glass og hvitt til rolig, matt og naturlig.\u00a0<\/li>\n<li class=\"lab-bodytext-line\">Treverk har gjort et comeback, s\u00e6rlig med m\u00f8rk eik og finer.\u00a0<\/li>\n<\/ul>\n<p class=\"italic m-italic\" data-lab-italic=\"italic\">Kilder: Elkj\u00f8p, IKEA og Power\u00a0<\/p>\n<p>      Vis mer<br \/>\n      Vis mindre<\/p>\n<p>&#8211; Har tillit til egen \u00f8konomi\t<\/p>\n<p> Forbruker\u00f8konom Lene Drange\u00a0mener \u00f8kningen av kj\u00f8kkensalg kan tolkes som et tegn p\u00e5 \u00f8kt \u00f8konomisk optimisme blant folk flest.\u00a0<\/p>\n<p>&#8211; N\u00e5r folk er villige til \u00e5 investere i hjemmet, s\u00e6rlig i en tid med \u00f8konomisk usikkerhet, tyder det p\u00e5 at de har tillit til egen \u00f8konomi, og at mange har f\u00e5tt reall\u00f8nnsvekst &#8211; alts\u00e5 at l\u00f8nnen har \u00f8kt mer enn prisveksten, sier hun til DinSide.\u00a0\u00a0<\/p>\n<p>&#8211; Dette gjelder ikke alle, men det er fornuftig \u00e5 tro at det er denne gruppen som g\u00e5r i gang med oppussing, legger hun til.\u00a0\u00a0<\/p>\n<p>        <img loading=\"lazy\" decoding=\"async\" itemprop=\"image\" src=\"https:\/\/www.europesays.com\/no\/wp-content\/uploads\/2025\/11\/83851740.webp\" width=\"180\" height=\"180\" alt=\"Lene Drange\"\/><\/p>\n<p>            Lene Drange<br \/>\n            Lene<br \/>\n            Drange        <\/p>\n<p>Forbruker\u00f8konom og programleder i Luksusfellen<\/p>\n<p> Drange er utdannet \u00f8konom ved Handelsh\u00f8yskolen BI, og har v\u00e6rt programleder for TV 3-programmet\u00a0\u00abLuksusfellen\u00bb siden sesong 17. <\/p>\n<p>Hun forklarer at god l\u00f8nnsvekst og lavere rente generelt sett kan f\u00f8re til \u00f8kt forbruk.\u00a0<\/p>\n<p>    <a itemprop=\"url\" href=\"https:\/\/dinside.dagbladet.no\/okonomi\/ypper-til-priskrig\/83848204\" rel=\"nofollow noopener\" target=\"_blank\"><\/p>\n<p>      <img loading=\"lazy\" decoding=\"async\" src=\"https:\/\/www.europesays.com\/no\/wp-content\/uploads\/2025\/11\/1763296403_167_83849036.webp\" width=\"147\" height=\"98\" title=\"Hansken er kastet\" alt=\"\" class=\"lazyload\" style=\"--aspect-ratio-image: 1.50; \"\/><\/p>\n<p>        Hansken er kastet<\/p>\n<p>    <\/a><\/p>\n<p>&#8211; N\u00e5r folk har mer penger og l\u00e5ner billigere, er det st\u00f8rre sannsynlighet for at de bruker mer p\u00e5 oppgraderinger spesielt i hjemmet. Det er likevel viktig \u00e5 f\u00f8lge med p\u00e5 hvordan dette utvikler seg over tid, fordi det vi ser n\u00e5 er at inflasjonen ikke g\u00e5r ned, fordi folk fremdeles bruker mye penger. <\/p>\n","protected":false},"excerpt":{"rendered":"Eksplosiv vekst:\u00a0 Flere av m\u00f8bel- og elektronikk-kjedene ser samme utvikling. Elkj\u00f8p mener trenden viser at nordmenns privat\u00f8konomi og&hellip;\n","protected":false},"author":2,"featured_media":88541,"comment_status":"","ping_status":"","sticky":false,"template":"","format":"standard","meta":{"footnotes":""},"categories":[5],"tags":[20,21,24,25,15,9248,19,11707,4486,22,23,17,18,13,30,28,29,14,16,572,26,27],"class_list":{"0":"post-88540","1":"post","2":"type-post","3":"status-publish","4":"format-standard","5":"has-post-thumbnail","7":"category-overskrifter","8":"tag-breaking-news","9":"tag-breakingnews","10":"tag-featured-news","11":"tag-featurednews","12":"tag-headlines","13":"tag-hjem","14":"tag-hovedoppslag","15":"tag-hus","16":"tag-kjokken","17":"tag-latest-news","18":"tag-latestnews","19":"tag-main-news","20":"tag-mainnews","21":"tag-news","22":"tag-no","23":"tag-norge","24":"tag-norway","25":"tag-nyheter","26":"tag-overskrifter","27":"tag-okonomi","28":"tag-top-stories","29":"tag-topstories"},"share_on_mastodon":{"url":"https:\/\/pubeurope.com\/@no\/115559399840353576","error":""},"_links":{"self":[{"href":"https:\/\/www.europesays.com\/no\/wp-json\/wp\/v2\/posts\/88540","targetHints":{"allow":["GET"]}}],"collection":[{"href":"https:\/\/www.europesays.com\/no\/wp-json\/wp\/v2\/posts"}],"about":[{"href":"https:\/\/www.europesays.com\/no\/wp-json\/wp\/v2\/types\/post"}],"author":[{"embeddable":true,"href":"https:\/\/www.europesays.com\/no\/wp-json\/wp\/v2\/users\/2"}],"replies":[{"embeddable":true,"href":"https:\/\/www.europesays.com\/no\/wp-json\/wp\/v2\/comments?post=88540"}],"version-history":[{"count":0,"href":"https:\/\/www.europesays.com\/no\/wp-json\/wp\/v2\/posts\/88540\/revisions"}],"wp:featuredmedia":[{"embeddable":true,"href":"https:\/\/www.europesays.com\/no\/wp-json\/wp\/v2\/media\/88541"}],"wp:attachment":[{"href":"https:\/\/www.europesays.com\/no\/wp-json\/wp\/v2\/media?parent=88540"}],"wp:term":[{"taxonomy":"category","embeddable":true,"href":"https:\/\/www.europesays.com\/no\/wp-json\/wp\/v2\/categories?post=88540"},{"taxonomy":"post_tag","embeddable":true,"href":"https:\/\/www.europesays.com\/no\/wp-json\/wp\/v2\/tags?post=88540"}],"curies":[{"name":"wp","href":"https:\/\/api.w.org\/{rel}","templated":true}]}}