{"id":88556,"date":"2025-11-16T13:13:15","date_gmt":"2025-11-16T13:13:15","guid":{"rendered":"https:\/\/www.europesays.com\/no\/88556\/"},"modified":"2025-11-16T13:13:15","modified_gmt":"2025-11-16T13:13:15","slug":"lucas-pinheiro-braathen-tok-brasils-forste-verdenscupseier-i-alpint","status":"publish","type":"post","link":"https:\/\/www.europesays.com\/no\/88556\/","title":{"rendered":"Lucas Pinheiro Braathen tok Brasils f\u00f8rste verdenscupseier i alpint"},"content":{"rendered":"\n<p class=\"_lead_o9xde_2 _lead_xtcu6_50 layout-component text-serif-m layout-normal text-serif-l layout-component layout-wide layout-padded _wide_17hqh_1 layout-padded\">Norsk-brasilianeren slo tilbake \u2013 og skrev historie. <\/p>\n<p> <img class=\"_image_qp4xg_65 layout-component layout-wide\" data-fullscreen- data-track-element-type=\"Article image fullscreen\" data-track-name=\"ImageFullscreen\" fetchpriority=\"high\" decoding=\"sync\" loading=\"eager\" height=\"102\" itemprop=\"image\"  src=\"https:\/\/www.europesays.com\/no\/wp-content\/uploads\/2025\/11\/9c79dd297b587c949b4bcc4437a409d1.jpg\"  style=\"object-position:50% 50%;aspect-ratio:1.75;height:auto;object-fit:cover;width:100%\" width=\"102\"\/>  <\/p>\n<ul aria-hidden=\"true\" class=\"_images_18f0k_111\">\n<li><a class=\"_link_18f0k_116\" href=\"https:\/\/www.vg.no\/forfatter\/yasmin-sunde-hoel\" style=\"z-index:2\" title=\"Yasmin Sunde Hoel\" rel=\"nofollow noopener\" target=\"_blank\"><img alt=\"Bilde av Yasmin Sunde Hoel\" class=\"_image_18f0k_93\" fetchpriority=\"low\" loading=\"lazy\" decoding=\"async\" itemprop=\"image\"  src=\"https:\/\/www.europesays.com\/no\/wp-content\/uploads\/2025\/11\/1763298793_890_9b0968a4-bfc7-4456-a6f4-b0a569ad0436\"  width=\"480\"\/><\/a><\/li>\n<li><a class=\"_link_18f0k_116\" href=\"https:\/\/www.vg.no\/forfatter\/ntb\" style=\"z-index:1\" title=\"NTB\" rel=\"nofollow noopener\" target=\"_blank\"><img alt=\"Bilde av NTB\" class=\"_image_18f0k_93\" fetchpriority=\"low\" loading=\"lazy\" decoding=\"async\" itemprop=\"image\"  src=\"https:\/\/www.europesays.com\/no\/wp-content\/uploads\/2025\/11\/1763298794_398_c33980b0-5d07-4027-84a1-813f90a7c8d6\"  width=\"480\"\/><\/a><\/li>\n<\/ul>\n<p> Oppdatert s\u00f8ndag 16. november kl. 14:12     <\/p>\n<p class=\"_paragraph_o9xde_4 _paragraph_xtcu6_10 layout-component text-serif-m layout-normal text-serif-m layout-padded\">\u2013 Jeg er litt sl\u00e5tt ut her jeg st\u00e5r n\u00e5. Det har v\u00e6rt en veldig lang vei med noen t\u00f8ffe retninger som jeg har valgt \u00e5 ta, vel vitende og hva slags konsekvenser det bringer, sier <a href=\"https:\/\/www.vg.no\/tag\/lucas-braathen?utm_source=vg-article&amp;utm_medium=auto-tagger&amp;utm_campaign=lw8GAo\" class=\"_link_o9xde_39\" rel=\"nofollow noopener\" target=\"_blank\">Lucas Braathen<\/a> til Viaplay. <\/p>\n<p class=\"_paragraph_o9xde_4 _paragraph_xtcu6_10 layout-component text-serif-m layout-normal text-serif-m layout-padded\">Han sier seieren er sv\u00e6rt spesiell. Det er hans f\u00f8rste etter overgangen fra Norge til Brasil for litt over ett \u00e5r siden. <\/p>\n<p class=\"_paragraph_o9xde_4 _paragraph_xtcu6_10 layout-component text-serif-m layout-normal text-serif-m layout-padded\">\u2013 Jeg er glad jeg har g\u00e5tt gjennom alle de murveggene jeg har g\u00e5tt gjennom. Det har v\u00e6rt en t\u00f8ff vei, en lang vei, men den veien endte p\u00e5 topp her i dag, sier han, og legger til: <\/p>\n<p class=\"_paragraph_o9xde_4 _paragraph_xtcu6_10 layout-component text-serif-m layout-normal text-serif-m layout-padded\">\u2013 Jeg har litt refleksjoner \u00e5 sitte p\u00e5 p\u00e5 flyet n\u00e5 etterp\u00e5. <\/p>\n<p class=\"_paragraph_o9xde_4 _paragraph_xtcu6_10 layout-component text-serif-m layout-normal text-serif-m layout-padded\">Braathen, som kj\u00f8rte ut i sesongstarten i S\u00f6lden, sikret seieren etter en mer eller mindre feilfri f\u00f8rste runde i finske Levi. Han ledet med hele 41 hundredeler p\u00e5 franske Clement Noel foran omgang nummer to.<\/p>\n<p>Foto: Marco Trovati \/ AP \/ NTB<\/p>\n<p class=\"_paragraph_o9xde_4 _paragraph_xtcu6_10 layout-component text-serif-m layout-normal text-serif-m layout-padded\">\u2013 Enorm kj\u00f8ring av Lucas, konstaterte Viaplay-ekspert Kjetil Andr\u00e9 Aamodt etter \u00e5 ha sett norskbrasilianeren rase ned traseen.<\/p>\n<p class=\"_paragraph_o9xde_4 _paragraph_xtcu6_10 layout-component text-serif-m layout-normal text-serif-m layout-padded\">I den andre omgangen leverte Braathen under press og sikret seieren, som alts\u00e5 er den f\u00f8rste i Brasils skihistorie. Franske Noel ble nummer to og den finske 22-\u00e5ringen Eduard Hallberg tok en sterk tredjeplass.<\/p>\n<p class=\"_paragraph_o9xde_4 _paragraph_xtcu6_10 layout-component text-serif-m layout-normal text-serif-m layout-padded\">\u2013 Vamos Brasil, ropte Braathen inn i TV-kameraene etter m\u00e5lgang.<\/p>\n<p class=\"_paragraph_o9xde_4 _paragraph_xtcu6_10 layout-component text-serif-m layout-normal text-serif-m layout-padded\">Lucas Pinheiro Braathen er f\u00f8dt og oppvokst i Norge og konkurrerte for det norske landslaget frem til det oppsto en konflikt med Norges Skiforbund. Han la opp og gjorde deretter comeback f\u00f8r fjor\u00e5rssesongen, men valgte da \u00e5 kj\u00f8re for morens hjemland Brasil.<\/p>\n<p class=\"_paragraph_o9xde_4 _paragraph_xtcu6_10 layout-component text-serif-m layout-normal text-serif-m layout-padded\">Han har startet sitt eget privatlag som ledes av faren Bj\u00f8rn Braathen. I lagets f\u00f8rste sesong sammen i fjor ble det ingen seire, men n\u00e5 er alts\u00e5 Braathen tilbake p\u00e5 vinnersporet. <\/p>\n<p class=\"_paragraph_o9xde_4 _paragraph_xtcu6_10 layout-component text-serif-m layout-normal text-serif-m layout-padded\">Han tok fem verdenscupseire for Norge og n\u00e5 har han sin f\u00f8rste for Brasil.<\/p>\n<p class=\"_paragraph_o9xde_4 _paragraph_xtcu6_10 layout-component text-serif-m layout-normal text-serif-m layout-padded\">\u2013 Det betyr veldig mye for meg som menneske og egentlig ikke s\u00e5 mye for den idrettsut\u00f8veren jeg er. Det bringer s\u00e5 mye selvtillit i alle valg man st\u00e5r i hver dag, sier Braathen til Viaplay. <\/p>\n<p class=\"_paragraph_o9xde_4 _paragraph_xtcu6_10 layout-component text-serif-m layout-normal text-serif-m layout-padded\">\u2013 H\u00e5per jeg kan inspirere andre til \u00e5 v\u00e6re seg selv og ta egne valg. Det er slik man blir lykkelig.<\/p>\n<p class=\"_paragraph_o9xde_4 _paragraph_xtcu6_10 layout-component text-serif-m layout-normal text-serif-m layout-padded\">Timon Haugan, Henrik Kristoffersen og Atle Lie McGrath l\u00e5 p\u00e5 skuddhold etter den f\u00f8rste omgangen, men sistnevnte kj\u00f8rte ut i den andre omgangen, mens Haugan og Kristoffersen ikke fikk det til \u00e5 stemme helt i den andre omgangen.<\/p>\n<p class=\"_paragraph_o9xde_4 _paragraph_xtcu6_10 layout-component text-serif-m layout-normal text-serif-m layout-padded\">Haugan ble beste nordmann med femteplass.<\/p>\n","protected":false},"excerpt":{"rendered":"Norsk-brasilianeren slo tilbake \u2013 og skrev historie. Oppdatert s\u00f8ndag 16. november kl. 14:12 \u2013 Jeg er litt sl\u00e5tt&hellip;\n","protected":false},"author":2,"featured_media":88557,"comment_status":"","ping_status":"","sticky":false,"template":"","format":"standard","meta":{"footnotes":""},"categories":[59],"tags":[249,7183,30,28,29,83,82],"class_list":{"0":"post-88556","1":"post","2":"type-post","3":"status-publish","4":"format-standard","5":"has-post-thumbnail","7":"category-sport","8":"tag-alpint","9":"tag-lucas-braathen","10":"tag-no","11":"tag-norge","12":"tag-norway","13":"tag-sport","14":"tag-sports"},"share_on_mastodon":{"url":"https:\/\/pubeurope.com\/@no\/115559557664833254","error":""},"_links":{"self":[{"href":"https:\/\/www.europesays.com\/no\/wp-json\/wp\/v2\/posts\/88556","targetHints":{"allow":["GET"]}}],"collection":[{"href":"https:\/\/www.europesays.com\/no\/wp-json\/wp\/v2\/posts"}],"about":[{"href":"https:\/\/www.europesays.com\/no\/wp-json\/wp\/v2\/types\/post"}],"author":[{"embeddable":true,"href":"https:\/\/www.europesays.com\/no\/wp-json\/wp\/v2\/users\/2"}],"replies":[{"embeddable":true,"href":"https:\/\/www.europesays.com\/no\/wp-json\/wp\/v2\/comments?post=88556"}],"version-history":[{"count":0,"href":"https:\/\/www.europesays.com\/no\/wp-json\/wp\/v2\/posts\/88556\/revisions"}],"wp:featuredmedia":[{"embeddable":true,"href":"https:\/\/www.europesays.com\/no\/wp-json\/wp\/v2\/media\/88557"}],"wp:attachment":[{"href":"https:\/\/www.europesays.com\/no\/wp-json\/wp\/v2\/media?parent=88556"}],"wp:term":[{"taxonomy":"category","embeddable":true,"href":"https:\/\/www.europesays.com\/no\/wp-json\/wp\/v2\/categories?post=88556"},{"taxonomy":"post_tag","embeddable":true,"href":"https:\/\/www.europesays.com\/no\/wp-json\/wp\/v2\/tags?post=88556"}],"curies":[{"name":"wp","href":"https:\/\/api.w.org\/{rel}","templated":true}]}}