{"id":88567,"date":"2025-11-16T13:34:16","date_gmt":"2025-11-16T13:34:16","guid":{"rendered":"https:\/\/www.europesays.com\/no\/88567\/"},"modified":"2025-11-16T13:34:16","modified_gmt":"2025-11-16T13:34:16","slug":"flere-ulykker-kjor-forsiktig","status":"publish","type":"post","link":"https:\/\/www.europesays.com\/no\/88567\/","title":{"rendered":"Flere ulykker: &#8211; Kj\u00f8r forsiktig"},"content":{"rendered":"<p>  Politiet melder om glatte veier flere steder i landet. I M\u00f8re og Romsdal havnet en bil i vannet.<\/p>\n<p>\n    SKLEI UT: I M\u00f8re og Romsdal rykket n\u00f8detatene ut til Romsdalen etter at en bil kj\u00f8rte av veien og havnet i et lite vann. Foto: Arnt Morten Olsen\n  <\/p>\n<p>Flere politidistrikt melder om ulykker og glatte veier s\u00f8ndag.<\/p>\n<p class=\"font-weight-bold m-font-weight-bold\" data-lab-font_weight=\"font-weight-bold\">I M\u00f8re og Romsdal rykket n\u00f8detatene ut til Romsdalen etter at en bil kj\u00f8rte ut av veien og havnet i et lite vann. Bilf\u00f8reren var alene og fikk hjelp av forbipasserende til \u00e5 komme seg ut.<\/p>\n<p>&#8211; Det er glatt og til dels vanskelige kj\u00f8reforhold i omr\u00e5det, skriver politiet, som fikk melding om ulykken i 11:30-tida.\u00a0<\/p>\n<p>Bilf\u00f8reren framst\u00e5r uskadd, men var v\u00e5t og kald. Han er fraktet til sykehus for videre unders\u00f8kelser.<\/p>\n<p>Det er ogs\u00e5 trafikale utfordringer p\u00e5 stedet, p\u00e5 grunn av biler som st\u00e5r i veien. Trafikken dirigeres forbi i ett kj\u00f8refelt.\u00a0<\/p>\n<p>Operasjonsleder i M\u00f8re og Romsdal, Leif Arne Mork, sier til Dagbladet at de har f\u00e5tt flest meldinger om glatte veier og vanskelige kj\u00f8reforhold nettopp i Romsdalen s\u00f8ndag.\u00a0<\/p>\n<p>&#8211; Tidligere i dag var det ogs\u00e5 noe vanskelige kj\u00f8reforhold nord i fylket mot Surnadal. Utover det virker det egentlig som at det har bedret seg litt utover dagen, og blitt mildere her, sier operasjonsleder i M\u00f8re og Romsdal, Leif Arne Mork, til Dagbladet.<\/p>\n<p>        VOLDSOM KRASJ: Linda Heggen var p\u00e5 vei til jobb mellom V\u00e5ler og Moss i \u00d8stfold torsdag 13. november da hun fikk et sv\u00e6r ublidt m\u00f8te med elg. Reporter: Jostein Sletten \/ Dagbladet<\/p>\n<p>&#8211; Kj\u00f8r forsiktig\t<\/p>\n<p>I Fetsund i Lillestr\u00f8m har det v\u00e6rt en frontkollisjon, hvor en av bilene har kommet over i motg\u00e5ende kj\u00f8refelt i en sving.<\/p>\n<p>&#8211; V\u00e5r patrulje melder at det er veldig glatt p\u00e5 stedet, skriver \u00d8st politidistrikt.\u00a0<\/p>\n<p>Det er ikke meldt om alvorlige personskader. De involverte er kj\u00f8rt til legevakt.<\/p>\n<p>Det har ogs\u00e5 tikket inn melding om en bil som har kj\u00f8rt ut av veien i Aurskog-H\u00f8land, hvor det meldes \u00e5 v\u00e6re veldig glatt p\u00e5 stedet.<\/p>\n<p>Operasjonsleder Fredrik Solbakken forteller til Dagbladet at det har kommet inn flere meldinger om glatte veier og avkj\u00f8ringer.<\/p>\n<p>Han sier at det er store lokale variasjoner og at det l\u00f8nner seg \u00e5 v\u00e6re forsiktig.<\/p>\n<p class=\"font-weight-bold m-font-weight-bold\" data-lab-font_weight=\"font-weight-bold\">&#8211; Selv om det er t\u00f8rt i noen omr\u00e5der og man har tatt en bremsesjekk, s\u00e5 kan man fort m\u00f8te p\u00e5 et glatt parti. Jeg oppfordrer folk til \u00e5 kj\u00f8re forsiktig og etter forholdene, sier Solbakken.<\/p>\n<p>    <a itemprop=\"url\" href=\"https:\/\/www.dagbladet.no\/nyheter\/na-er-tida-inne\/83858853\" rel=\"nofollow noopener\" target=\"_blank\"><\/p>\n<p>      <img loading=\"lazy\" decoding=\"async\" src=\"https:\/\/www.europesays.com\/no\/wp-content\/uploads\/2025\/11\/83858891.webp\" width=\"980\" height=\"441\" title=\"- N\u00e5 er tida inne\" alt=\"\" class=\"lazyload\" style=\"--aspect-ratio-image: 2.22; \"\/><\/p>\n<p>        &#8211; N\u00e5 er tida inne<\/p>\n<p>    <\/a><\/p>\n<p>Kj\u00f8rte p\u00e5 sommerdekk\t<\/p>\n<p>Glatt er det ogs\u00e5 i \u00d8vre Eiker, if\u00f8lge S\u00f8r-\u00d8st politidistrikt. Det kom f\u00f8rst inn melding at en bil hadde kj\u00f8rt av veien, og E134 ble stengt fra Darbu i \u00f8stg\u00e5ende retning.<\/p>\n<p>&#8211; Det er glatt p\u00e5 stedet og flere biler har kj\u00f8rt av veien, skrev politiet kort tid senere.\u00a0<\/p>\n<p>I en oppdatering opplyser politiet at den f\u00f8rste bilen kolliderte i et tre. Det var tre personer i bilen som alle har blitt fulgt opp av helsepersonell.\u00a0<\/p>\n<p>Operasjonsleder Marius Fossvold forteller at denne ulykken trolig har for\u00e5rsaket flere \u00f8vrige utkj\u00f8ringer.<\/p>\n<p class=\"font-weight-bold m-font-weight-bold\" data-lab-font_weight=\"font-weight-bold\">&#8211; Vi tror n\u00e5 at bilene kj\u00f8rte ut etter at de hadde pr\u00f8vd \u00e5 svinge unna den f\u00f8rste bilen, sier han.<\/p>\n<p>Fossvold forteller at vedkommende hadde kj\u00f8rt p\u00e5 sommerdekk. Politiet har beslaglagt f\u00f8rerkortet.\u00a0<\/p>\n<p>&#8211; Vi har f\u00e5tt mange meldinger om glatte forhold og utkj\u00f8ringer. I dette \u00f8yeblikk er vi p\u00e5 vei til fire ulykker, sier Fossvold til Dagbladet i 13:45-tida.\u00a0<\/p>\n<p>    <a itemprop=\"url\" href=\"https:\/\/www.elbil24.no\/nyheter\/hevder-tesla-gjor-helomvending\/83851714\" rel=\"nofollow noopener\" target=\"_blank\"><\/p>\n<p>      <img loading=\"lazy\" decoding=\"async\" src=\"https:\/\/www.europesays.com\/no\/wp-content\/uploads\/2025\/11\/83852529.webp\" width=\"980\" height=\"441\" title=\"Hevder Tesla kan gj\u00f8re det utenkelige\" alt=\"\" class=\"lazyload\" style=\"--aspect-ratio-image: 2.22; \"\/><\/p>\n<p>        Hevder Tesla kan gj\u00f8re det utenkelige<\/p>\n<p>    <\/a><\/p>\n<p class=\"font-weight-bold m-font-weight-bold\" data-lab-font_weight=\"font-weight-bold\">Havnet p\u00e5 taket<\/p>\n<p>S\u00f8r-\u00d8st politidistrikt melder ogs\u00e5 om en m\u00f8teulykke mellom en varebil og en personbil i Sigdal.\u00a0<\/p>\n<p>&#8211; Alle er ute av kj\u00f8ret\u00f8yene. Det er glatt p\u00e5 stedet og redusert fremkommelighet, da det ene kj\u00f8ret\u00f8yet st\u00e5r i veibanen.<\/p>\n<p>I Lyngdal i Agder har en bil sklidd av veien og havnet p\u00e5 taket.\u00a0<\/p>\n<p>&#8211; Det er isete og sv\u00e6rt glatt p\u00e5 stedet. Bilen har sklidd av veien i lav hastighet.\u00a0<\/p>\n<p>Det var to personer i bilen. De er sjekket av ambulansepersonell.\u00a0<\/p>\n","protected":false},"excerpt":{"rendered":"Politiet melder om glatte veier flere steder i landet. I M\u00f8re og Romsdal havnet en bil i vannet.&hellip;\n","protected":false},"author":2,"featured_media":88568,"comment_status":"","ping_status":"","sticky":false,"template":"","format":"standard","meta":{"footnotes":""},"categories":[5],"tags":[20,21,24,25,9149,15,19,2539,22,23,17,18,13,30,28,29,14,16,26,27,11708],"class_list":{"0":"post-88567","1":"post","2":"type-post","3":"status-publish","4":"format-standard","5":"has-post-thumbnail","7":"category-overskrifter","8":"tag-breaking-news","9":"tag-breakingnews","10":"tag-featured-news","11":"tag-featurednews","12":"tag-glatt","13":"tag-headlines","14":"tag-hovedoppslag","15":"tag-innenriks","16":"tag-latest-news","17":"tag-latestnews","18":"tag-main-news","19":"tag-mainnews","20":"tag-news","21":"tag-no","22":"tag-norge","23":"tag-norway","24":"tag-nyheter","25":"tag-overskrifter","26":"tag-top-stories","27":"tag-topstories","28":"tag-veier"},"share_on_mastodon":{"url":"https:\/\/pubeurope.com\/@no\/115559639965073537","error":""},"_links":{"self":[{"href":"https:\/\/www.europesays.com\/no\/wp-json\/wp\/v2\/posts\/88567","targetHints":{"allow":["GET"]}}],"collection":[{"href":"https:\/\/www.europesays.com\/no\/wp-json\/wp\/v2\/posts"}],"about":[{"href":"https:\/\/www.europesays.com\/no\/wp-json\/wp\/v2\/types\/post"}],"author":[{"embeddable":true,"href":"https:\/\/www.europesays.com\/no\/wp-json\/wp\/v2\/users\/2"}],"replies":[{"embeddable":true,"href":"https:\/\/www.europesays.com\/no\/wp-json\/wp\/v2\/comments?post=88567"}],"version-history":[{"count":0,"href":"https:\/\/www.europesays.com\/no\/wp-json\/wp\/v2\/posts\/88567\/revisions"}],"wp:featuredmedia":[{"embeddable":true,"href":"https:\/\/www.europesays.com\/no\/wp-json\/wp\/v2\/media\/88568"}],"wp:attachment":[{"href":"https:\/\/www.europesays.com\/no\/wp-json\/wp\/v2\/media?parent=88567"}],"wp:term":[{"taxonomy":"category","embeddable":true,"href":"https:\/\/www.europesays.com\/no\/wp-json\/wp\/v2\/categories?post=88567"},{"taxonomy":"post_tag","embeddable":true,"href":"https:\/\/www.europesays.com\/no\/wp-json\/wp\/v2\/tags?post=88567"}],"curies":[{"name":"wp","href":"https:\/\/api.w.org\/{rel}","templated":true}]}}