{"id":88569,"date":"2025-11-16T13:39:25","date_gmt":"2025-11-16T13:39:25","guid":{"rendered":"https:\/\/www.europesays.com\/no\/88569\/"},"modified":"2025-11-16T13:39:25","modified_gmt":"2025-11-16T13:39:25","slug":"na-kan-tesla-fa-apple-carplay-i-sine-modeller","status":"publish","type":"post","link":"https:\/\/www.europesays.com\/no\/88569\/","title":{"rendered":"N\u00e5 kan Tesla f\u00e5 Apple CarPlay i sine modeller"},"content":{"rendered":"<p class=\"kicker text-red color_mobile_text-red\" style=\"\">Apple CarPlay:<\/p>\n<p>  Tesla har lenge holdt seg unna tredjepartssystemer i sine modeller, men det kan det bli en endring p\u00e5 n\u00e5, if\u00f8lge Bloomberg.<\/p>\n<p>\n    Foto: Steinar Andr\u00e9 Danielsen.\n  <\/p>\n<p>(Elbil24): Mange elbiler kommer med muligheter for Apple CarPlay og Android Auto, l\u00f8sninger som enkelt forklart speiler mobiltelefonen p\u00e5 bilens egen infotainmentskjerm.<\/p>\n<p>P\u00e5 den m\u00e5ten kan man bruke telefonens funksjoner direkte p\u00e5 skjermen, for eksempel apper som Telefon, Spotify og Google Maps. Flere bilister foretrekker navigasjonen i sistnevnte app, da den gjerne er bedre enn den integrerte navigasjonen i mange biler.<\/p>\n<p>Tesla er blant bilprodusentene som har sagt nei til Apple CarPlay og Android Auto. Selskapet har lenge hatt en holdning om \u00e5 velge bort tredjepartssystemer til fordel for egen programvareplattform.<\/p>\n<p>N\u00e5 kan det imidlertid se ut til at Tesla snur. Bloomberg melder at Tesla n\u00e5 vurderer \u00e5 innf\u00f8re st\u00f8tte for Apple CarPlay i bilene sine.<\/p>\n<p>    <a itemprop=\"url\" href=\"https:\/\/www.elbil24.no\/pro\/17-smarte-tips-til-model-y-eiere\/78271161\" rel=\"nofollow noopener\" target=\"_blank\"><\/p>\n<p>      <img loading=\"lazy\" decoding=\"async\" src=\"https:\/\/www.europesays.com\/no\/wp-content\/uploads\/2025\/11\/81809090.webp\" width=\"980\" height=\"441\" title=\"17 smarte tips til alle med Model Y\" alt=\"\" class=\"lazyload\" style=\"--aspect-ratio-image: 2.22; \"\/><\/p>\n<p>        17 smarte tips til alle med Model Y<\/p>\n<p>    <\/a><\/p>\n<p>Testes internt\t<\/p>\n<p>Bloomberg har f\u00e5tt tilgang p\u00e5 opplysninger om at Tesla n\u00e5 har begynt \u00e5 teste Apple CarPlay internt, og viser til en anonym kilde i selskapet.<\/p>\n<p>Arbeidet med integreringen av Apple CarPlay skal v\u00e6re under utvikling, og en lansering allerede i l\u00f8pet av f\u00e5 m\u00e5neder er angivelig oppe til diskusjon.<\/p>\n<p>          <img loading=\"lazy\" decoding=\"async\" src=\"https:\/\/www.europesays.com\/no\/wp-content\/uploads\/2025\/11\/83852508.webp\" width=\"980\" height=\"559\" title=\"Her ser du hvordan Apple CarPlay vises p\u00e5 skjermen i Nissan Ariya. Foto: P\u00e5l Joakim Pollen.\" alt=\"\" class=\"\" style=\"--aspect-ratio-image: 1.75; \"\/><\/p>\n<p>\n          Her ser du hvordan Apple CarPlay vises p\u00e5 skjermen i Nissan Ariya. Foto: P\u00e5l Joakim Pollen.\n      <\/p>\n<p>Bloomberg skriver at planene enn\u00e5 ikke er fastsatt, men at det er mulig at Apple CarPlay kan lanseres i Teslas modeller i anledning den \u00e5rlige programvareoppdateringen rundt juletider. Her har Tesla for vane \u00e5 lansere mange nye funksjoner.<\/p>\n<p>    <a itemprop=\"url\" href=\"https:\/\/www.elbil24.no\/pro\/lar-telefonen-ta-over-skjermen-i-bilen\/77620214\" rel=\"nofollow noopener\" target=\"_blank\"><\/p>\n<p>      <img loading=\"lazy\" decoding=\"async\" src=\"https:\/\/www.europesays.com\/no\/wp-content\/uploads\/2025\/11\/77644998.webp\" width=\"980\" height=\"441\" title=\"Guide: Slik bruker du CarPlay\" alt=\"\" class=\"lazyload\" style=\"--aspect-ratio-image: 2.22; \"\/><\/p>\n<p>        Guide: Slik bruker du CarPlay<\/p>\n<p>    <\/a><\/p>\n<p>Eget vindu\t<\/p>\n<p>I de fleste biler som allerede benytter seg av Apple CarPlay er det vanlig at CarPlay-visningen overtar hele ber\u00f8ringsskjermen, og at man kan svitsje mellom CarPlay og bilens eget infotainmentsystem ved \u00e5 trykke p\u00e5 en knapp.<\/p>\n<p>If\u00f8lge Bloomberg ser Tesla for seg en annen vri. If\u00f8lge Bloombergs kilde jobber Tesla med en l\u00f8sning som baserer seg p\u00e5 et CarPlay-vindu som skal vises i Teslas eksisterende grensesnitt, i stedet for en fullskjermvisning av Apples l\u00f8sning.<\/p>\n<p>    <a itemprop=\"url\" href=\"https:\/\/www.elbil24.no\/nyheter\/derfor-bruker-jeg-ikke-carplay\/82945678\" rel=\"nofollow noopener\" target=\"_blank\"><\/p>\n<p>      <img loading=\"lazy\" decoding=\"async\" src=\"https:\/\/www.europesays.com\/no\/wp-content\/uploads\/2025\/11\/77644998.webp\" width=\"980\" height=\"441\" title=\"\u2013 Derfor bruker jeg ikke CarPlay\" alt=\"\" class=\"lazyload\" style=\"--aspect-ratio-image: 2.22; \"\/><\/p>\n<p>        \u2013 Derfor bruker jeg ikke CarPlay<\/p>\n<p>    <\/a><\/p>\n<p>Teslas eget infotainmentsystem m\u00e5 sies \u00e5 v\u00e6re blant de absolutt beste i bilbransjen, med rask og intuitiv man\u00f8vrering og solide l\u00f8sninger for navigasjon, talekommando, spill og den slags. S\u00e5nn sett er det forst\u00e5elig om Tesla ser for seg en delt skjerm-l\u00f8sning fremfor \u00e5 la CarPlay overta infotainmentskjermen.<\/p>\n<p>Den siste utgaven av CarPlay, <a href=\"https:\/\/www.elbil24.no\/nyheter\/vender-ryggen-til-apple\/83269614\" rel=\"nofollow noopener\" target=\"_blank\">CarPlay Ultra, er laget for \u00e5 ta over samtlige skjermer i bilen<\/a>. Denne debuterer i biler fra Aston Martin, og ogs\u00e5 Porsche, Kia og Hyundai har signalisert at de vil st\u00f8tte Ultra-utgaven.<\/p>\n","protected":false},"excerpt":{"rendered":"Apple CarPlay: Tesla har lenge holdt seg unna tredjepartssystemer i sine modeller, men det kan det bli en&hellip;\n","protected":false},"author":2,"featured_media":88570,"comment_status":"","ping_status":"","sticky":false,"template":"","format":"standard","meta":{"footnotes":""},"categories":[56],"tags":[11710,60,11709,61,267,62,30,28,29,14,272],"class_list":{"0":"post-88569","1":"post","2":"type-post","3":"status-publish","4":"format-standard","5":"has-post-thumbnail","7":"category-naeringsliv","8":"tag-apple-carplay","9":"tag-business","10":"tag-carplay","11":"tag-economy","12":"tag-elbil","13":"tag-naeringsliv","14":"tag-no","15":"tag-norge","16":"tag-norway","17":"tag-nyheter","18":"tag-tesla"},"share_on_mastodon":{"url":"https:\/\/pubeurope.com\/@no\/115559659327689204","error":""},"_links":{"self":[{"href":"https:\/\/www.europesays.com\/no\/wp-json\/wp\/v2\/posts\/88569","targetHints":{"allow":["GET"]}}],"collection":[{"href":"https:\/\/www.europesays.com\/no\/wp-json\/wp\/v2\/posts"}],"about":[{"href":"https:\/\/www.europesays.com\/no\/wp-json\/wp\/v2\/types\/post"}],"author":[{"embeddable":true,"href":"https:\/\/www.europesays.com\/no\/wp-json\/wp\/v2\/users\/2"}],"replies":[{"embeddable":true,"href":"https:\/\/www.europesays.com\/no\/wp-json\/wp\/v2\/comments?post=88569"}],"version-history":[{"count":0,"href":"https:\/\/www.europesays.com\/no\/wp-json\/wp\/v2\/posts\/88569\/revisions"}],"wp:featuredmedia":[{"embeddable":true,"href":"https:\/\/www.europesays.com\/no\/wp-json\/wp\/v2\/media\/88570"}],"wp:attachment":[{"href":"https:\/\/www.europesays.com\/no\/wp-json\/wp\/v2\/media?parent=88569"}],"wp:term":[{"taxonomy":"category","embeddable":true,"href":"https:\/\/www.europesays.com\/no\/wp-json\/wp\/v2\/categories?post=88569"},{"taxonomy":"post_tag","embeddable":true,"href":"https:\/\/www.europesays.com\/no\/wp-json\/wp\/v2\/tags?post=88569"}],"curies":[{"name":"wp","href":"https:\/\/api.w.org\/{rel}","templated":true}]}}