{"id":88579,"date":"2025-11-16T13:54:09","date_gmt":"2025-11-16T13:54:09","guid":{"rendered":"https:\/\/www.europesays.com\/no\/88579\/"},"modified":"2025-11-16T13:54:09","modified_gmt":"2025-11-16T13:54:09","slug":"ida-gran-jansen-kjopte-hytte-i-all-hemmelighet","status":"publish","type":"post","link":"https:\/\/www.europesays.com\/no\/88579\/","title":{"rendered":"Ida Gran-Jansen kj\u00f8pte hytte i all hemmelighet:"},"content":{"rendered":"<p class=\"kicker \" style=\"\">Ida Gran-Jansen og Eirik Lyssand:\u00a0<\/p>\n<p>  Matinfluenseren la inn et siste bud i all hemmelighet. Samboeren fikk sjokk da han fant ut hva som hadde skjedd.\u00a0<\/p>\n<p>\n    DELER GLADNYHET: Eirik Lyssand og Ida Gran-Jansen deler gladmelding med f\u00f8lgerne sine. Foto: Christian Roth Christensen \/ Dagbladet\n  <\/p>\n<p>Kokebokforfatter og matinfluenser Ida Gran-Jansen (37) r\u00f8per at hun har g\u00e5tt til innkj\u00f8p av en hytte, til stor overraskelse for samboeren Eirik Lyssand (38). Han trodde nemlig at de hadde trukket seg fra budrunden.\u00a0<\/p>\n<p>    <a itemprop=\"url\" href=\"https:\/\/www.seher.no\/kjendis\/skjermer-kjaeresten\/83850816\" rel=\"nofollow noopener\" target=\"_blank\"><\/p>\n<p>      <img loading=\"lazy\" decoding=\"async\" src=\"https:\/\/www.europesays.com\/no\/wp-content\/uploads\/2025\/11\/1763301249_563_83660227.webp\" width=\"147\" height=\"98\" title=\"Derfor skjermer han kj\u00e6resten\" alt=\"\" class=\"lazyload\" style=\"--aspect-ratio-image: 1.50; \"\/><\/p>\n<p>        Derfor skjermer han kj\u00e6resten<\/p>\n<p>    <\/a><\/p>\n<p>P\u00e5 Instagram har hun delt en video med sine 350 000 f\u00f8lgere, hvor hun ler godt mens hun innr\u00f8mmer overfor samboeren at spontaniteten fra hennes side tok overh\u00e5nd. <\/p>\n<p>&#8211; Haha, se til slutten. Det kan v\u00e6re at spontaniteten i meg og noe ukontrollert la inn et siste bud uten at @eirik.lyssand visste det.. S\u00e5 han trodde vi ikke hadde kj\u00f8pt hytte, helt til jeg avsl\u00f8rte hva jeg hadde gjort, skriver hun p\u00e5 Instagram.\u00a0<\/p>\n<p>Videre i videoen forklarer hun n\u00e6rmere om hvorfor Lyssand ikke var klar over hyttekj\u00f8pet.\u00a0<\/p>\n<p data-lab-italic=\"\" class=\"no_italic m-no_italic font-weight-bold m-font-weight-bold\" data-lab-font_weight=\"font-weight-bold\">&#8211; Hva skjedde egentlig? Og hvorfor visste ikke Eirik at vi hadde kj\u00f8pt hytte? Vi fant denne perlen av et sommerhus og bestemte oss for \u00e5 legge inn bud, og de hamret inn og p\u00e5 et punkt bestemte vi oss for \u00e5 slutte.<\/p>\n<p>        NY START: Etter \u00abJakten p\u00e5 kj\u00e6rligheten\u00bb har bonden Cornelia en ny mann i kikkerten. Reporter: Sanne Holt. Video: TV 2\/ R\u00f8d L\u00f8per <\/p>\n<p>Hun fortsetter:\u00a0<\/p>\n<p class=\"font-weight-normal m-font-weight-normal\" data-lab-font_weight=\"font-weight-normal\"> &#8211; Men der skjedde det noe, for jeg la nemlig inn et siste bud uten at Eirik visste det. S\u00e5 det er egentlig historien med hvorfor han ikke visste noe. <\/p>\n<p>    <a itemprop=\"url\" href=\"https:\/\/www.seher.no\/kjendis\/ikke-skilt-ma-sporre-louise\/83845844\" rel=\"nofollow noopener\" target=\"_blank\"><\/p>\n<p>      <img loading=\"lazy\" decoding=\"async\" src=\"https:\/\/www.europesays.com\/no\/wp-content\/uploads\/2025\/11\/1763301249_933_83846622.webp\" width=\"147\" height=\"98\" title=\"Ikke skilt: - M\u00e5 sp\u00f8rre Louise\" alt=\"\" class=\"lazyload\" style=\"--aspect-ratio-image: 1.50; \"\/><\/p>\n<p>        Ikke skilt: &#8211; M\u00e5 sp\u00f8rre Louise<\/p>\n<p>    <\/a><\/p>\n<p> Duoen legger ikke skjul p\u00e5 at de gleder seg til \u00e5 overta sommerstedet, og tar over n\u00f8klene 1. desember. If\u00f8lge Gran-Jansen har hun allerede satt i gang med planleggingen.\u00a0<\/p>\n<p>          <img loading=\"lazy\" decoding=\"async\" src=\"https:\/\/www.europesays.com\/no\/wp-content\/uploads\/2025\/11\/83854652.webp\" width=\"686\" height=\"460\" title=\"SAMMEN: Ida Gran-Jansen og samboeren Eirik Lyssand da f\u00f8rstnevnte vant kjendistravet p\u00e5 Bjerke Travbane i juli. Foto: Andreas Fadum \/ Se og H\u00f8r\" alt=\"\" class=\"\" style=\"--aspect-ratio-image: 1.49; \"\/><\/p>\n<p>\n          SAMMEN: Ida Gran-Jansen og samboeren Eirik Lyssand da f\u00f8rstnevnte vant kjendistravet p\u00e5 Bjerke Travbane i juli. Foto: Andreas Fadum \/ Se og H\u00f8r\n      <\/p>\n<p>Gran-Jansen kunne bekrefte i 2017 at hun hadde funnet lykken med Lyssand. Siden har det g\u00e5tt slag i slag, og paret fikk tre barn p\u00e5 tre \u00e5r; Max (6), Louis (5) og Alex (3).\u00a0<\/p>\n","protected":false},"excerpt":{"rendered":"Ida Gran-Jansen og Eirik Lyssand:\u00a0 Matinfluenseren la inn et siste bud i all hemmelighet. Samboeren fikk sjokk da&hellip;\n","protected":false},"author":2,"featured_media":88580,"comment_status":"","ping_status":"","sticky":false,"template":"","format":"standard","meta":{"footnotes":""},"categories":[58],"tags":[6219,11712,71,5429,5258,11713,479,2543,30,28,29,72],"class_list":{"0":"post-88579","1":"post","2":"type-post","3":"status-publish","4":"format-standard","5":"has-post-thumbnail","7":"category-underholdning","8":"tag-boligkjop","9":"tag-eirik-lyssand","10":"tag-entertainment","11":"tag-gladnyhet","12":"tag-hytte","13":"tag-ida-gran-jansen","14":"tag-kjendis","15":"tag-kjendisdesken","16":"tag-no","17":"tag-norge","18":"tag-norway","19":"tag-underholdning"},"share_on_mastodon":{"url":"https:\/\/pubeurope.com\/@no\/115559718322283650","error":""},"_links":{"self":[{"href":"https:\/\/www.europesays.com\/no\/wp-json\/wp\/v2\/posts\/88579","targetHints":{"allow":["GET"]}}],"collection":[{"href":"https:\/\/www.europesays.com\/no\/wp-json\/wp\/v2\/posts"}],"about":[{"href":"https:\/\/www.europesays.com\/no\/wp-json\/wp\/v2\/types\/post"}],"author":[{"embeddable":true,"href":"https:\/\/www.europesays.com\/no\/wp-json\/wp\/v2\/users\/2"}],"replies":[{"embeddable":true,"href":"https:\/\/www.europesays.com\/no\/wp-json\/wp\/v2\/comments?post=88579"}],"version-history":[{"count":0,"href":"https:\/\/www.europesays.com\/no\/wp-json\/wp\/v2\/posts\/88579\/revisions"}],"wp:featuredmedia":[{"embeddable":true,"href":"https:\/\/www.europesays.com\/no\/wp-json\/wp\/v2\/media\/88580"}],"wp:attachment":[{"href":"https:\/\/www.europesays.com\/no\/wp-json\/wp\/v2\/media?parent=88579"}],"wp:term":[{"taxonomy":"category","embeddable":true,"href":"https:\/\/www.europesays.com\/no\/wp-json\/wp\/v2\/categories?post=88579"},{"taxonomy":"post_tag","embeddable":true,"href":"https:\/\/www.europesays.com\/no\/wp-json\/wp\/v2\/tags?post=88579"}],"curies":[{"name":"wp","href":"https:\/\/api.w.org\/{rel}","templated":true}]}}