{"id":88585,"date":"2025-11-16T14:08:08","date_gmt":"2025-11-16T14:08:08","guid":{"rendered":"https:\/\/www.europesays.com\/no\/88585\/"},"modified":"2025-11-16T14:08:08","modified_gmt":"2025-11-16T14:08:08","slug":"gullfjellet-redningsaksjon-redningsaksjon-for-a-hjelpe-turfolge-pa-gullfjellet","status":"publish","type":"post","link":"https:\/\/www.europesays.com\/no\/88585\/","title":{"rendered":"Gullfjellet, Redningsaksjon | Redningsaksjon for \u00e5 hjelpe turf\u00f8lge p\u00e5 Gullfjellet"},"content":{"rendered":"\n<p>Like etter klokken 1200 s\u00f8ndag fikk politiet melding om at et turf\u00f8lge p\u00e5 to personer er v\u00e6rfaste ikke langt fra Gullfjellstoppen.<\/p>\n<p>Det er snakk om en kvinne i 50-\u00e5rene og en ten\u00e5ringsgutt.<\/p>\n<p>\u2013 Vi har iverksatt redning i samr\u00e5d med Hovedredningssentralen.Opp mot 20 frivillige fra R\u00f8de Kors, Norske redningshunder og Norsk folkehjelp er p\u00e5 vei for \u00e5 hjelpe de to ned, opplyser oppdragsleder Thomas Kirkeb\u00f8 Eriksen i Vest politidistrikt.<\/p>\n<p>De to er if\u00f8lge politiet p\u00e5 kjent posisjon og har godt med kl\u00e6r, mat og drikke.<\/p>\n<p>\u2013 Omkring klokken 1330 gikk frivillige mannskaper mot stedet b\u00e5de til fots og med ATV. Jeg vet ikke hvor lang tid de beregner for \u00e5 komme seg frem til de to, det kommer an p\u00e5 v\u00e6rforholdene, sier Eriksen til BA.<\/p>\n<p>De har fors\u00f8kt \u00e5 sende opp drone for \u00e5 f\u00e5 et visuelt bilde av turf\u00f8lgets posisjon, men det gikk ikke p\u00e5 grunn av vind og t\u00e5ke i omr\u00e5det.<\/p>\n<p>\u2013 De har f\u00e5tt beskjed om \u00e5 holde seg der de er n\u00e5, men vi sender inn mannskaper fra flere sider for \u00e5 v\u00e6re sikre p\u00e5 at vi finner dem, sier Eriksen.<\/p>\n<p>Han sier de to ble overrasket over t\u00e5ke og vind.<\/p>\n<p>\u2013 Dessuten er stien gjensn\u00f8dd, og det gj\u00f8r at de ikke finner veien ned igjen. Men de er godt kledd, de har mat og er ved godt mot, sier Eriksen.<\/p>\n<p>Han vet ikke hvor lang tid det vil ta f\u00f8r turf\u00f8lget har kommet seg ned fra fjellet.<\/p>\n<p>\u2013 Det kommer helt an p\u00e5 forholdene, men det vil nok ta noe tid, sier Eriksen.<\/p>\n<p>Saken oppdateres. <\/p>\n","protected":false},"excerpt":{"rendered":"Like etter klokken 1200 s\u00f8ndag fikk politiet melding om at et turf\u00f8lge p\u00e5 to personer er v\u00e6rfaste ikke&hellip;\n","protected":false},"author":2,"featured_media":1615,"comment_status":"","ping_status":"","sticky":false,"template":"","format":"standard","meta":{"footnotes":""},"categories":[10],"tags":[36,20,21,24,25,11716,15,22,23,13,30,28,29,14,16,468,111,1510,26,27],"class_list":{"0":"post-88585","1":"post","2":"type-post","3":"status-publish","4":"format-standard","5":"has-post-thumbnail","7":"category-norge","8":"tag-art","9":"tag-breaking-news","10":"tag-breakingnews","11":"tag-featured-news","12":"tag-featurednews","13":"tag-gullfjellet","14":"tag-headlines","15":"tag-latest-news","16":"tag-latestnews","17":"tag-news","18":"tag-no","19":"tag-norge","20":"tag-norway","21":"tag-nyheter","22":"tag-overskrifter","23":"tag-politiet","24":"tag-redningsaksjon","25":"tag-story","26":"tag-top-stories","27":"tag-topstories"},"share_on_mastodon":{"url":"https:\/\/pubeurope.com\/@no\/115559773320306288","error":""},"_links":{"self":[{"href":"https:\/\/www.europesays.com\/no\/wp-json\/wp\/v2\/posts\/88585","targetHints":{"allow":["GET"]}}],"collection":[{"href":"https:\/\/www.europesays.com\/no\/wp-json\/wp\/v2\/posts"}],"about":[{"href":"https:\/\/www.europesays.com\/no\/wp-json\/wp\/v2\/types\/post"}],"author":[{"embeddable":true,"href":"https:\/\/www.europesays.com\/no\/wp-json\/wp\/v2\/users\/2"}],"replies":[{"embeddable":true,"href":"https:\/\/www.europesays.com\/no\/wp-json\/wp\/v2\/comments?post=88585"}],"version-history":[{"count":0,"href":"https:\/\/www.europesays.com\/no\/wp-json\/wp\/v2\/posts\/88585\/revisions"}],"wp:featuredmedia":[{"embeddable":true,"href":"https:\/\/www.europesays.com\/no\/wp-json\/wp\/v2\/media\/1615"}],"wp:attachment":[{"href":"https:\/\/www.europesays.com\/no\/wp-json\/wp\/v2\/media?parent=88585"}],"wp:term":[{"taxonomy":"category","embeddable":true,"href":"https:\/\/www.europesays.com\/no\/wp-json\/wp\/v2\/categories?post=88585"},{"taxonomy":"post_tag","embeddable":true,"href":"https:\/\/www.europesays.com\/no\/wp-json\/wp\/v2\/tags?post=88585"}],"curies":[{"name":"wp","href":"https:\/\/api.w.org\/{rel}","templated":true}]}}