{"id":88613,"date":"2025-11-16T14:54:16","date_gmt":"2025-11-16T14:54:16","guid":{"rendered":"https:\/\/www.europesays.com\/no\/88613\/"},"modified":"2025-11-16T14:54:16","modified_gmt":"2025-11-16T14:54:16","slug":"usas-president-donald-trump-gjor-det-darlig-pa-ny-meningsmaling-eirik-lokke-og-hilmar-mjelde-forklarer-hva-nedgangen-kan-skyldes","status":"publish","type":"post","link":"https:\/\/www.europesays.com\/no\/88613\/","title":{"rendered":"USAs president Donald Trump gj\u00f8r det d\u00e5rlig p\u00e5 ny meningsm\u00e5ling, Eirik L\u00f8kke og Hilmar Mjelde forklarer hva nedgangen kan skyldes."},"content":{"rendered":"<p>Ingen president i nyere tid har\u00a0falt s\u00e5 lavt i popularitet s\u00e5 raskt som Donald<br \/>\nTrump har gjort, if\u00f8lge den britiske avisen <a href=\"https:\/\/www.economist.com\/interactive\/trump-approval-tracker?utm_source=sdrn%3Avg%3Aarticle%3AvgEdQX\" style=\"letter-spacing: 0.01em;\" rel=\"nofollow noopener\" target=\"_blank\">The Economist<\/a>.\u00a0<\/p>\n<p>300 dager inn i Trumps andre periode har avisen publisert en meningsm\u00e5ling som viser at presidentens popularitet har falt kraftig siden han kom tilbake til Det hvite hus i januar.\u00a0<\/p>\n<p>39 prosent av velgerne mener n\u00e5 at Trump gj\u00f8r en god jobb, if\u00f8lge avisen.<\/p>\n<p>Hele 57 prosent mener at han ikke gj\u00f8r det, mens fire prosent er usikre.\u00a0<\/p>\n<p>Til sammenlikning viste en liknende m\u00e5ling omtalt av <a href=\"https:\/\/www.nytimes.com\/interactive\/polls\/donald-trump-approval-rating-polls.html\" rel=\"nofollow noopener\" target=\"_blank\">New York Times<\/a> at presidenten hadde <a href=\"https:\/\/www.nytimes.com\/2025\/04\/23\/us\/politics\/trump-approval-rating.html\" rel=\"nofollow noopener\" target=\"_blank\">52 prosent oppslutning<\/a> \u00e9n uke etter at han inntok Det hvite hus.\u00a0<\/p>\n<p>\u2013 Nedadg\u00e5ende<\/p>\n<p>The Economist baserer analysen sin p\u00e5 tall fra den internasjonale analyse- og konsulentvirksomheten YouGov.<\/p>\n<p>Anslaget viser at alle stater unntatt \u00e9n<br \/>\nvendte seg mot Trump.\u00a0Kun Idaho hadde et flertall av mest Trump-positive.\u00a0<\/p>\n<p>USA-ekspert Eirik L\u00f8kke er ikke overrasket.\u00a0<\/p>\n<p>\u2013\u00a0M\u00e5lingen viser det de fleste andre m\u00e5linger viser, at trenden for Trump er nedadg\u00e5ende, sier L\u00f8kke til TV 2.\u00a0<\/p>\n<p>        <img class=\"image__img lazyload\" itemprop=\"image\" title=\"Foto: Jan Helge Rambj\u00f8r \/ TV 2\" alt=\"EKSPERT: R\u00e5dgiver i Civita Eirik L\u00f8kke mener jerngrepet Trump har hatt rundt eget parti er i ferd med \u00e5 slippe litt opp. Foto: Jan Helge Rambj\u00f8r \/ TV 2\" width=\"978\" height=\"656\" bad-src=\"https:\/\/www.europesays.com\/no\/wp-content\/uploads\/2025\/11\/17958288.webp\" fetchpriority=\"auto\" \/><\/p>\n<p>      EKSPERT: R\u00e5dgiver i Civita Eirik L\u00f8kke mener jerngrepet Trump har hatt rundt eget parti er i ferd med \u00e5 slippe litt opp.<br \/>\n         Foto: Jan Helge Rambj\u00f8r \/ TV 2<\/p>\n<p>\u2013 Velgerne er n\u00e5del\u00f8se<\/p>\n<p>Presidentens nettooppslutning, det vil si de som mener han gj\u00f8r en god jobb minus de som ikke gj\u00f8r det, ligger p\u00e5 minus 18, if\u00f8lge avisen.\u00a0<\/p>\n<p>Heller ikke p\u00e5 Trumps kjernesp\u00f8rsm\u00e5l, er velgerne s\u00e6rlig begeistret over innsatsen. I sp\u00f8rsm\u00e5l om hvordan Trump har h\u00e5ndtert innvandringen, er nettoppslutningen minus 7 prosent. I sp\u00f8rsm\u00e5l om priser og inflasjon er tallet blytunge\u00a0minus 33.<\/p>\n<p>Trumps fallende oppslutning dreier seg hovedsakelig om \u00f8konomi, if\u00f8lge L\u00f8kke.<\/p>\n<p>\u2013 Folk opplever utfordrende \u00f8konomiske tider, og Trump greier ikke \u00e5 levere. Velgerne var villige til \u00e5 gi Trump en sjanse p\u00e5 \u00e5 skape bedre \u00f8konomiske tider, men det har han s\u00e5 langt ikke lykkes med, sier han.\u00a0<\/p>\n<p>        <img class=\"image__img lazyload\" itemprop=\"image\" title=\"Foto: Richard Drew \/ AP \/ NTB\" alt=\"D\u00c5RLIGE TIDER: Mange amerikanere er skuffet over at den \u00f8konomiske situasjonen ikke har blitt bedre med Trump som president, if\u00f8lge USA-eksperter. Bildet er fra New York i november. Foto: Richard Drew \/ AP \/ NTB\" width=\"978\" height=\"656\" bad-src=\"https:\/\/www.europesays.com\/no\/wp-content\/uploads\/2025\/11\/18294012.webp\" fetchpriority=\"auto\" \/><\/p>\n<p>      D\u00c5RLIGE TIDER: Mange amerikanere er skuffet over at den \u00f8konomiske situasjonen ikke har blitt bedre med Trump som president, if\u00f8lge USA-eksperter. Bildet er fra New York i november.<br \/>\n         Foto: Richard Drew \/ AP \/ NTB<\/p>\n<p>USA-ekspert Hilmar Mjelde er enig.\u00a0<\/p>\n<p>\u2013\u00a0Amerikanske velgere er n\u00e5del\u00f8se. \u00d8konomien er alltid toppsak i amerikansk politikk. Er den i ulage, f\u00e5r presidenten alltid skylden, sier Mjelde.\u00a0<\/p>\n<p>Fortsetter den \u00f8konomiske situasjonen \u00e5 v\u00e6re utfordrende for velgerne kan oppslutningen synke enda mer, mener L\u00f8kke.<\/p>\n<p>        N\u00f8kkeltall fra The Economist-analysen<\/p>\n<ul>\n<li class=\"lab-bodytext-line\">Donald Trumps totale nettooppslutning ligger p\u00e5 minus 18. Det er tre prosent lavere enn den var p\u00e5 noe tidspunkt i l\u00f8pet av hans f\u00f8rste periode.<\/li>\n<li class=\"lab-bodytext-line\">Nettooppslutningen for presidentens h\u00e5ndtering av innvandring er minus syv. <\/li>\n<li class=\"lab-bodytext-line\"> Nettooppslutningen for presidentens h\u00e5ndtering av inflasjon og priser er minus 33. <\/li>\n<li class=\"lab-bodytext-line\">Amerikanere under 30 er gruppen som i st\u00f8rst grad har vendt seg bort fra Trump. I starten av Trumps andre periode var denne nettooppslutningen p\u00e5 positive 3. N\u00e5 er den minus 41.<\/li>\n<p class=\"lab-bodytext-line\">Nettooppslutningen er regnet ut ved \u00e5 ta andelen som er positive minus de som er negative, if\u00f8lge avisa. <\/p>\n<\/ul>\n<p class=\"italic m-italic\" data-lab-italic=\"italic\"><a href=\"https:\/\/www.economist.com\/interactive\/trump-approval-tracker?utm_source=sdrn%3Avg%3Aarticle%3AvgEdQX\" rel=\"nofollow noopener\" target=\"_blank\">Kilde: The Economist.<\/a><\/p>\n<p>Peker p\u00e5 Epstein-saken<\/p>\n<p>L\u00f8kke trekker ogs\u00e5 frem at Trump s\u00e6rlig sliter med oppslutningen blant grupper han lyktes godt med under valget &#8211; unge og latinamerikanere.\u00a0<\/p>\n<p>If\u00f8lge The Economist er amerikanere under 30 \u00e5r de som i st\u00f8rst grad har vendt seg bort fra Trump.<\/p>\n<p>I tillegg trekker L\u00f8kke frem at presidenten har v\u00e6rt i hardt v\u00e6r de siste ukene.\u00a0<\/p>\n<p>        <img class=\"image__img lazyload\" itemprop=\"image\" title=\"Foto: Drew Angerer \/ AFP \/ NTB\" alt=\"PROTEST: En mann hadde p\u00e5 seg en Trump-maske med Pinocchio-nese under en protest utenfor Det hvite hus denne uken. Trump kan, if\u00f8lge flere medieoppslag, ha hatt kjennskap til eller v\u00e6rt involvert i Epsteins menneskehandel. Presidenten avviser anklagene. Foto: Drew Angerer \/ AFP \/ NTB\" width=\"978\" height=\"656\" bad-src=\"https:\/\/www.europesays.com\/no\/wp-content\/uploads\/2025\/11\/18294059.webp\" fetchpriority=\"auto\" \/><\/p>\n<p>      PROTEST: En mann hadde p\u00e5 seg en Trump-maske med Pinocchio-nese under en protest utenfor Det hvite hus denne uken. Trump kan, if\u00f8lge flere medieoppslag, ha hatt kjennskap til eller v\u00e6rt involvert i Epsteins menneskehandel. Presidenten avviser anklagene.<br \/>\n         Foto: Drew Angerer \/ AFP \/ NTB<\/p>\n<p> \u2013 Valgresultatet for republikanerne i begynnelsen av november var d\u00e5rlig. S\u00e5 var det <a href=\"https:\/\/www.tv2.no\/nyheter\/utenriks\/nedstengingen-i-usa-er-over\/18284491\/\" rel=\"nofollow noopener\" target=\"_blank\">nedstengningen<\/a>\u00a0som Trump og republikanerne har f\u00e5tt skylden for, og n\u00e5 Epstein-saken som rir Trump som en mare, sier L\u00f8kke. <\/p>\n<p>If\u00f8lge Mjelde, sitter mange velgere igjen med et inntrykk av at Trump ikke bryr seg om folket.\u00a0<\/p>\n<p>\u2013\u00a0Han jakter Nobels fredspris til seg selv og bygger ballsal. Rivingen av \u00f8stfl\u00f8yen var det perfekte bilde p\u00e5 en president som fokuserer p\u00e5 sine egne ting heller enn hverdagen til folk flest, sier han.\u00a0<\/p>\n<p>        <img class=\"image__img lazyload\" itemprop=\"image\" title=\"Foto: P\u00e5l S. Schaathun \/ TV 2\" alt=\"EKSPERT:&#10;Hilmar Mjelde er professor ved Institutt for pedagogikk, religion og samfunnsfag ved H\u00f8gskulen p\u00e5 Vestlandet. Foto: P\u00e5l S. Schaathun \/ TV 2\" width=\"978\" height=\"656\" bad-src=\"https:\/\/www.europesays.com\/no\/wp-content\/uploads\/2025\/11\/17448245.webp\" fetchpriority=\"auto\" \/><\/p>\n<p>      EKSPERT:<br \/>\nHilmar Mjelde er professor ved Institutt for pedagogikk, religion og samfunnsfag ved H\u00f8gskulen p\u00e5 Vestlandet.<br \/>\n         Foto: P\u00e5l S. Schaathun \/ TV 2<\/p>\n<p>Presidenten valgte i oktober \u00e5 <a href=\"https:\/\/www.tv2.no\/nyheter\/utenriks\/her-rives-det-hvite-hus-historiske-floy\/18212095\/\" rel=\"nofollow noopener\" target=\"_blank\">rive deler av \u00f8stfl\u00f8yen<\/a> i Det hvite hus for \u00e5 bygge en ballsal, uten klarsignal fra myndighetene.<\/p>\n<p>\u2013 Trump har nok sett sine beste dager som president, sier Mjelde.\u00a0<\/p>\n<p>Kan ha mer motgang i vente<\/p>\n<p>Ingen av USA-ekspertene tror riktignok p\u00e5 at Trump kommer til \u00e5 bry seg nevneverdig om The Economist-analysen.\u00a0<\/p>\n<p>\u2013\u00a0Han liker d\u00e5rlig slike m\u00e5linger, selv om han p\u00e5st\u00e5r at de er \u00abfalske\u00bb. Hvor mye han tror p\u00e5 dem er jeg usikker p\u00e5. Han demonstrerer ofte at han har et problematisk forhold til virkeligheten, s\u00e5 antagelig greier han \u00e5 overbevise seg selv om at de ikke er ekte, sier L\u00f8kke.\u00a0<\/p>\n<p>Likevel mener L\u00f8kke det blir interessant \u00e5 se hvordan m\u00e5lingene vil p\u00e5virke Trumps st\u00f8tte i eget parti.\u00a0<\/p>\n<p>        <img class=\"image__img lazyload\" itemprop=\"image\" title=\"Foto: Evelyn Hockstein \/ Reuters \/ NTB\" alt=\"TVERR: USA-ekspert Hilmar Mjelde mener Donald Trump trolig vil m\u00f8te flere krevende i tiden fremover. Foto: Evelyn Hockstein \/ Reuters \/ NTB\" width=\"978\" height=\"626\" bad-src=\"https:\/\/www.europesays.com\/no\/wp-content\/uploads\/2025\/11\/18293983.webp\" fetchpriority=\"auto\" \/><\/p>\n<p>      TVERR: USA-ekspert Hilmar Mjelde mener Donald Trump trolig vil m\u00f8te flere krevende i tiden fremover.<br \/>\n         Foto: Evelyn Hockstein \/ Reuters \/ NTB<\/p>\n<p>Mjelde peker p\u00e5 at 2028-valgkampen begynner for fullt neste h\u00f8st, og at en avtroppende president fort mister relevans.<\/p>\n<p>\u2013 Jeg tror han bare vil bli enda mer tverr og vanskelig fremover, spesielt fordi presidenter ofte f\u00e5r uforutsette kriser i fanget i sin andre periode. Det vil multiplisere hans n\u00e5v\u00e6rende politiske problemer, og Trump h\u00e5ndterer ikke motgang godt, sier Mjelde.\u00a0<\/p>\n","protected":false},"excerpt":{"rendered":"Ingen president i nyere tid har\u00a0falt s\u00e5 lavt i popularitet s\u00e5 raskt som Donald Trump har gjort, if\u00f8lge&hellip;\n","protected":false},"author":2,"featured_media":88614,"comment_status":"","ping_status":"","sticky":false,"template":"","format":"standard","meta":{"footnotes":""},"categories":[12],"tags":[20,21,24,25,15,22,23,13,30,28,29,14,16,26,27,42,43,44,45],"class_list":{"0":"post-88613","1":"post","2":"type-post","3":"status-publish","4":"format-standard","5":"has-post-thumbnail","7":"category-verden","8":"tag-breaking-news","9":"tag-breakingnews","10":"tag-featured-news","11":"tag-featurednews","12":"tag-headlines","13":"tag-latest-news","14":"tag-latestnews","15":"tag-news","16":"tag-no","17":"tag-norge","18":"tag-norway","19":"tag-nyheter","20":"tag-overskrifter","21":"tag-top-stories","22":"tag-topstories","23":"tag-verden","24":"tag-world","25":"tag-world-news","26":"tag-worldnews"},"share_on_mastodon":{"url":"https:\/\/pubeurope.com\/@no\/115559954058748504","error":""},"_links":{"self":[{"href":"https:\/\/www.europesays.com\/no\/wp-json\/wp\/v2\/posts\/88613","targetHints":{"allow":["GET"]}}],"collection":[{"href":"https:\/\/www.europesays.com\/no\/wp-json\/wp\/v2\/posts"}],"about":[{"href":"https:\/\/www.europesays.com\/no\/wp-json\/wp\/v2\/types\/post"}],"author":[{"embeddable":true,"href":"https:\/\/www.europesays.com\/no\/wp-json\/wp\/v2\/users\/2"}],"replies":[{"embeddable":true,"href":"https:\/\/www.europesays.com\/no\/wp-json\/wp\/v2\/comments?post=88613"}],"version-history":[{"count":0,"href":"https:\/\/www.europesays.com\/no\/wp-json\/wp\/v2\/posts\/88613\/revisions"}],"wp:featuredmedia":[{"embeddable":true,"href":"https:\/\/www.europesays.com\/no\/wp-json\/wp\/v2\/media\/88614"}],"wp:attachment":[{"href":"https:\/\/www.europesays.com\/no\/wp-json\/wp\/v2\/media?parent=88613"}],"wp:term":[{"taxonomy":"category","embeddable":true,"href":"https:\/\/www.europesays.com\/no\/wp-json\/wp\/v2\/categories?post=88613"},{"taxonomy":"post_tag","embeddable":true,"href":"https:\/\/www.europesays.com\/no\/wp-json\/wp\/v2\/tags?post=88613"}],"curies":[{"name":"wp","href":"https:\/\/api.w.org\/{rel}","templated":true}]}}