{"id":88626,"date":"2025-11-16T15:34:10","date_gmt":"2025-11-16T15:34:10","guid":{"rendered":"https:\/\/www.europesays.com\/no\/88626\/"},"modified":"2025-11-16T15:34:10","modified_gmt":"2025-11-16T15:34:10","slug":"budene-renner-inn-selges-uten-minstepris","status":"publish","type":"post","link":"https:\/\/www.europesays.com\/no\/88626\/","title":{"rendered":"Budene renner inn \u2013 selges uten minstepris"},"content":{"rendered":"<p class=\"kicker t14 tm14 font-NotoSans\" style=\"\">Livsstil<\/p>\n<p>    \u2013 Dette er sv\u00e6rt sjelden.<\/p>\n<p>\n        INGEN MISTEPRIS: Akkurat n\u00e5 skal denne ikoniske Ferrari-modellen auksjoneres bort \u2013 uten minstepris.<br \/>\n        Foto: Auksjonen\/Broom\n    <\/p>\n<p class=\"italic m-italic\" data-lab-italic=\"italic\">(<a href=\"https:\/\/www.tv2.no\/broom\/budene-renner-inn-selges-uten-minstepris\/18286518\/\" rel=\"nofollow noopener\" target=\"_blank\">Artikkelen <\/a>er f\u00f8rst publisert av <a href=\"https:\/\/www.tv2.no\/broom\" rel=\"nofollow noopener\" target=\"_blank\">Broom<\/a>):<\/p>\n<p class=\"no_italic m-no_italic\" data-lab-italic=\"\">Det h\u00f8rer med til sjeldenhetene \u00e5 finne en norskeid Ferrari p\u00e5 auksjon \u2013 uten minstepris. Men det er faktisk tilfellet akkurat n\u00e5.<\/p>\n<p class=\"no_italic m-no_italic\" data-lab-italic=\"\">Vi snakker om ikoniske Ferrari Mondial 3.2 \u2013 som er til salgs p\u00e5 Auksjonen.no.<\/p>\n<p>\u2013 Det er sv\u00e6rt sjelden at en Ferrari som dette legges ut uten minstepris. Mondial 3.2 er en av de f\u00e5 Ferrari-modellene som kombinerer V8-motor, midtplassert motor og fire seter \u2013 og bare rundt tusen eksemplarer ble produsert i coup\u00e9-versjon. Denne bilen er fra 1988, det siste \u00e5ret f\u00f8r overgangen til Mondial t, og representerer derfor slutten p\u00e5 en \u00e6ra, sier Thomas Karlsen, selger i Auksjonen.<\/p>\n<p>                <img decoding=\"async\" src=\"https:\/\/www.europesays.com\/no\/wp-content\/uploads\/2025\/11\/1290481.webp\" width=\"480\" height=\"274\" title=\"IKON: Pininfarina st\u00e5r bak designet. Dette var utvilsomt noe av det grommeste du kunne kj\u00f8re p\u00e5 80-tallet.\" alt=\"\" loading=\"lazy\" style=\"\"\/><\/p>\n<p>\n            IKON: Pininfarina st\u00e5r bak designet. Dette var utvilsomt noe av det grommeste du kunne kj\u00f8re p\u00e5 80-tallet.<br \/>\n            IKON: Pininfarina st\u00e5r bak designet. Dette var utvilsomt noe av det grommeste du kunne kj\u00f8re p\u00e5 80-tallet. Foto: Auksjonen\/Broom\n        <\/p>\n<p>Brannskade<\/p>\n<p>1988-modellen har klassisk Ferrari-spec med Rosso Corsa-lakk og beige skinninteri\u00f8r.<\/p>\n<p>Som modellnavnet hinter til er motoren en 3,2-liters V8-er p\u00e5 270 hestekrefter. Vi snakker manuell girkasse og bakhjulsdrift. Med andre ord en skikkelig kj\u00f8remaskin.<\/p>\n<p>Toppfarten er 250 km\/t og 0-100 km\/t skal v\u00e6re i m\u00e5l p\u00e5 7,4 sekunder.<\/p>\n<p>Det er imidlertid \u00e9n hake.<\/p>\n<p>Bilen selges p\u00e5 vegne av et forsikringsselskap etter brannskade i motorrommet, men er ikke kondemnert. Derfor selges den som prosjektbil, slik den st\u00e5r.<\/p>\n<p>\u2013 For den bilkyndige med lidenskap, kunnskap og t\u00e5lmodighet er dette en sjelden anledning til \u00e5 eie, og potensielt gjenreise, et stykke italiensk bilhistorie, legger Thomas til.<\/p>\n<p>                <img decoding=\"async\" src=\"https:\/\/www.europesays.com\/no\/wp-content\/uploads\/2025\/11\/1290483.webp\" width=\"480\" height=\"274\" title=\"UPS: Dette er \u00e5rsaken til at prisen akkurat n\u00e5 ligger p\u00e5 dr\u00f8yt 120.000 kroner.\" alt=\"\" loading=\"lazy\" style=\"\"\/><\/p>\n<p>\n            UPS: Dette er \u00e5rsaken til at prisen akkurat n\u00e5 ligger p\u00e5 dr\u00f8yt 120.000 kroner.<br \/>\n            Foto: Auksjonen\/Broom\n        <\/p>\n<p>Mange bud<\/p>\n<p>Den aktuelle bilen ble registret p\u00e5 norske skilter f\u00f8rste gang i 1999. Og det kan se ut til at det brannskadede ikonet skal f\u00e5 nytt liv.<\/p>\n<p>Budene renner nemlig inn.<\/p>\n<p>If\u00f8lge Auksjonen har interessen har v\u00e6rt stor allerede. Bilen har f\u00e5tt 160 bud fra 38 budgivere, og engasjementet \u00f8ker dag for dag.<\/p>\n<p>I skrivende stund er h\u00f8yeste bud p\u00e5 180.500 kroner.<\/p>\n<p><a href=\"https:\/\/www.tv2.no\/broom\/forste-test-dette-er-terningkast-6\/16107261\/\" target=\"_blank\" rel=\"nofollow noopener\">F\u00f8rste test: \u2013 Dette er terningkast 6<\/a><\/p>\n","protected":false},"excerpt":{"rendered":"Livsstil \u2013 Dette er sv\u00e6rt sjelden. INGEN MISTEPRIS: Akkurat n\u00e5 skal denne ikoniske Ferrari-modellen auksjoneres bort \u2013 uten&hellip;\n","protected":false},"author":2,"featured_media":88627,"comment_status":"","ping_status":"","sticky":false,"template":"","format":"standard","meta":{"footnotes":""},"categories":[56],"tags":[60,61,62,30,28,29],"class_list":{"0":"post-88626","1":"post","2":"type-post","3":"status-publish","4":"format-standard","5":"has-post-thumbnail","7":"category-naeringsliv","8":"tag-business","9":"tag-economy","10":"tag-naeringsliv","11":"tag-no","12":"tag-norge","13":"tag-norway"},"share_on_mastodon":{"url":"https:\/\/pubeurope.com\/@no\/115560111552621734","error":""},"_links":{"self":[{"href":"https:\/\/www.europesays.com\/no\/wp-json\/wp\/v2\/posts\/88626","targetHints":{"allow":["GET"]}}],"collection":[{"href":"https:\/\/www.europesays.com\/no\/wp-json\/wp\/v2\/posts"}],"about":[{"href":"https:\/\/www.europesays.com\/no\/wp-json\/wp\/v2\/types\/post"}],"author":[{"embeddable":true,"href":"https:\/\/www.europesays.com\/no\/wp-json\/wp\/v2\/users\/2"}],"replies":[{"embeddable":true,"href":"https:\/\/www.europesays.com\/no\/wp-json\/wp\/v2\/comments?post=88626"}],"version-history":[{"count":0,"href":"https:\/\/www.europesays.com\/no\/wp-json\/wp\/v2\/posts\/88626\/revisions"}],"wp:featuredmedia":[{"embeddable":true,"href":"https:\/\/www.europesays.com\/no\/wp-json\/wp\/v2\/media\/88627"}],"wp:attachment":[{"href":"https:\/\/www.europesays.com\/no\/wp-json\/wp\/v2\/media?parent=88626"}],"wp:term":[{"taxonomy":"category","embeddable":true,"href":"https:\/\/www.europesays.com\/no\/wp-json\/wp\/v2\/categories?post=88626"},{"taxonomy":"post_tag","embeddable":true,"href":"https:\/\/www.europesays.com\/no\/wp-json\/wp\/v2\/tags?post=88626"}],"curies":[{"name":"wp","href":"https:\/\/api.w.org\/{rel}","templated":true}]}}