{"id":88634,"date":"2025-11-16T15:45:54","date_gmt":"2025-11-16T15:45:54","guid":{"rendered":"https:\/\/www.europesays.com\/no\/88634\/"},"modified":"2025-11-16T15:45:54","modified_gmt":"2025-11-16T15:45:54","slug":"brann-tangerte-malrekord-i-gullfesten-kolbotn-rykket-ned-fra-toppserien","status":"publish","type":"post","link":"https:\/\/www.europesays.com\/no\/88634\/","title":{"rendered":"Brann tangerte m\u00e5lrekord i gullfesten \u2013 Kolbotn rykket ned fra Toppserien"},"content":{"rendered":"\n<p class=\"_lead_o9xde_2 _lead_xtcu6_50 layout-component text-serif-m layout-normal text-serif-l layout-component layout-wide layout-padded _wide_17hqh_1 layout-padded\">Brann kj\u00f8rte over Bod\u00f8\/Glimt med 8-0 p\u00e5 hjemmebane og tangerte m\u00e5lrekorden i Toppserien i gullfeiringen. Glimt beholder plassen etter at R\u00f8a og Kolbotn tapte.<\/p>\n<ul class=\"_gallery_1qa3s_23\" tabindex=\"0\">\n<li class=\"_item_1qa3s_37\" data-index=\"0\"><img fetchpriority=\"high\" decoding=\"async\" class=\"_image_foru8_23 _introGallery_foru8_43\" data-fullscreen- width=\"5172\" height=\"3448\" itemprop=\"image\" loading=\"eager\"  src=\"https:\/\/www.europesays.com\/no\/wp-content\/uploads\/2025\/11\/ec8837b1-3361-4450-9c47-faa4181031cd\"  style=\"object-position:50% 50%;aspect-ratio:var(--gallery-aspect-ratio, 16 \/ 9)\"\/>Brann feiret gullfest med 8-0-seier p\u00e5 Brann Stadion og tangering av scoringsrekorden i Toppserien.  Foto: Silje Katrine Robinson \/ NTB<\/li>\n<li class=\"_item_1qa3s_37\" data-index=\"1\"><img decoding=\"async\" class=\"_image_foru8_23 _introGallery_foru8_43\" data-fullscreen- width=\"4035\" height=\"2690\" itemprop=\"image\" loading=\"lazy\"  src=\"https:\/\/www.europesays.com\/no\/wp-content\/uploads\/2025\/11\/048e8854-5a53-4088-b80d-773d181572e0\"  style=\"object-position:50% 50%;aspect-ratio:var(--gallery-aspect-ratio, 16 \/ 9)\"\/>Signe Gaupset (t.h) var suspendert til siste serierunde, men tok del i gullfeiringen etter kampen.  Foto: Silje Katrine Robinson \/ NTB<\/li>\n<li class=\"_item_1qa3s_37\" data-index=\"2\"><img decoding=\"async\" class=\"_image_foru8_23 _introGallery_foru8_43\" data-fullscreen- width=\"3908\" height=\"2605\" itemprop=\"image\" loading=\"lazy\"  src=\"https:\/\/www.europesays.com\/no\/wp-content\/uploads\/2025\/11\/ab691156-d70b-4727-8e7b-1fceea886b42\"  style=\"object-position:50% 50%;aspect-ratio:var(--gallery-aspect-ratio, 16 \/ 9)\"\/>M\u00e5lene rant inn da Brann smadret Bod\u00f8\/Glimt.  Foto: Silje Katrine Robinson \/ NTB<\/li>\n<\/ul>\n<p>Brann feiret gullfest med 8-0-seier p\u00e5 Brann Stadion og tangering av scoringsrekorden i Toppserien.  Foto: Silje Katrine Robinson \/ NTB<\/p>\n<ul aria-hidden=\"true\" class=\"_images_18f0k_111\">\n<li><a class=\"_link_18f0k_116\" href=\"https:\/\/www.vg.no\/forfatter\/ntb\" style=\"z-index:1\" title=\"NTB\" rel=\"nofollow noopener\" target=\"_blank\"><img alt=\"Bilde av NTB\" class=\"_image_18f0k_93\" fetchpriority=\"low\" loading=\"lazy\" decoding=\"async\" itemprop=\"image\"  src=\"https:\/\/www.europesays.com\/no\/wp-content\/uploads\/2025\/11\/1763307954_268_c33980b0-5d07-4027-84a1-813f90a7c8d6\"  width=\"480\"\/><\/a><\/li>\n<\/ul>\n<p> Oppdatert l\u00f8rdag 15. november kl. 23:51     <\/p>\n<p class=\"_paragraph_o9xde_4 _paragraph_xtcu6_10 layout-component text-serif-m layout-normal text-serif-m layout-padded\">Kolbotn m\u00e5 dermed ta den tunge turen ned til 1. divisjon, mens R\u00f8a m\u00e5 ut i kvalifisering for \u00e5 beholde plassen i den siste sesongen til Geir Nordby. Han gir seg etter 20 \u00e5r som hovedtrener for Oslo-klubben.<\/p>\n<p class=\"_paragraph_o9xde_4 _paragraph_xtcu6_10 layout-component text-serif-m layout-normal text-serif-m layout-padded\">Det meste dreide seg om nedrykkssituasjonen i siste runde av <a href=\"https:\/\/www.vg.no\/tag\/toppserien?utm_source=vg-article&amp;utm_medium=auto-tagger&amp;utm_campaign=wgyqwn\" class=\"_link_o9xde_39\" rel=\"nofollow noopener\" target=\"_blank\">Toppserien<\/a>, med gull, s\u00f8lv og bronse kvittert ut allerede til henholdsvis Brann, V\u00e5lerenga og Rosenborg. Alle tre topplagene avsluttet med seier, i kamp mot de tre nedrykkstruede lagene.<\/p>\n<p class=\"_paragraph_o9xde_4 _paragraph_xtcu6_10 layout-component text-serif-m layout-normal text-serif-m layout-padded\">Brann hadde lagt opp til gullfest p\u00e5 Brann Stadion og kunne juble for storseier.<\/p>\n<p class=\"_paragraph_o9xde_4 _paragraph_xtcu6_10 layout-component text-serif-m layout-normal text-serif-m layout-padded\">Amie Sannes ble utvist for Glimt etter en \u00e5penbar hands p\u00e5 strek etter bare \u00e5tte minutter.<\/p>\n<p class=\"_paragraph_o9xde_4 _paragraph_xtcu6_10 layout-component text-serif-m layout-normal text-serif-m layout-padded\">\u2013 Det er den villeste handsen jeg noen gang har sett, utbr\u00f8t TV 2s kommentator Helge Kalleklev.<\/p>\n<p class=\"_paragraph_o9xde_4 _paragraph_xtcu6_10 layout-component text-serif-m layout-normal text-serif-m layout-padded\">Med elleve mot ti resten av kampen vant Brann enkelt 8-0. Det gj\u00f8r at laget ender med 90 scorede m\u00e5l denne sesongen og tangerer rekorden til Trondheims-\u00d8rn (2001) og R\u00f8a (2008).<\/p>\n<p class=\"_paragraph_o9xde_4 _paragraph_xtcu6_10 layout-component text-serif-m layout-normal text-serif-m layout-padded\">R\u00f8a tapte 0-1 mot V\u00e5lerenga og ender nest sist med 19 poeng. Det betyr kvalifiseringskamper mot \u00c5sane 19.- og 22. november. Der blir det avgjort hvem som f\u00e5r den siste plassen i Toppserien neste \u00e5r, n\u00e5r ligaen utvides til 12 lag.<\/p>\n<p class=\"_paragraph_o9xde_4 _paragraph_xtcu6_10 layout-component text-serif-m layout-normal text-serif-m layout-padded\">Kolbotn hadde lite \u00e5 stille med i 2-4-tapet mot Rosenborg og rykker ned med 17 poeng p\u00e5 27 kamper.<\/p>\n","protected":false},"excerpt":{"rendered":"Brann kj\u00f8rte over Bod\u00f8\/Glimt med 8-0 p\u00e5 hjemmebane og tangerte m\u00e5lrekorden i Toppserien i gullfeiringen. Glimt beholder plassen&hellip;\n","protected":false},"author":2,"featured_media":88635,"comment_status":"","ping_status":"","sticky":false,"template":"","format":"standard","meta":{"footnotes":""},"categories":[59],"tags":[517,11720,30,28,29,896,83,82,895],"class_list":{"0":"post-88634","1":"post","2":"type-post","3":"status-publish","4":"format-standard","5":"has-post-thumbnail","7":"category-sport","8":"tag-bodo-glimt","9":"tag-kolbotn-il","10":"tag-no","11":"tag-norge","12":"tag-norway","13":"tag-sk-brann-kvinner","14":"tag-sport","15":"tag-sports","16":"tag-toppserien"},"share_on_mastodon":{"url":"https:\/\/pubeurope.com\/@no\/115560158693085560","error":""},"_links":{"self":[{"href":"https:\/\/www.europesays.com\/no\/wp-json\/wp\/v2\/posts\/88634","targetHints":{"allow":["GET"]}}],"collection":[{"href":"https:\/\/www.europesays.com\/no\/wp-json\/wp\/v2\/posts"}],"about":[{"href":"https:\/\/www.europesays.com\/no\/wp-json\/wp\/v2\/types\/post"}],"author":[{"embeddable":true,"href":"https:\/\/www.europesays.com\/no\/wp-json\/wp\/v2\/users\/2"}],"replies":[{"embeddable":true,"href":"https:\/\/www.europesays.com\/no\/wp-json\/wp\/v2\/comments?post=88634"}],"version-history":[{"count":0,"href":"https:\/\/www.europesays.com\/no\/wp-json\/wp\/v2\/posts\/88634\/revisions"}],"wp:featuredmedia":[{"embeddable":true,"href":"https:\/\/www.europesays.com\/no\/wp-json\/wp\/v2\/media\/88635"}],"wp:attachment":[{"href":"https:\/\/www.europesays.com\/no\/wp-json\/wp\/v2\/media?parent=88634"}],"wp:term":[{"taxonomy":"category","embeddable":true,"href":"https:\/\/www.europesays.com\/no\/wp-json\/wp\/v2\/categories?post=88634"},{"taxonomy":"post_tag","embeddable":true,"href":"https:\/\/www.europesays.com\/no\/wp-json\/wp\/v2\/tags?post=88634"}],"curies":[{"name":"wp","href":"https:\/\/api.w.org\/{rel}","templated":true}]}}