{"id":88638,"date":"2025-11-16T16:06:50","date_gmt":"2025-11-16T16:06:50","guid":{"rendered":"https:\/\/www.europesays.com\/no\/88638\/"},"modified":"2025-11-16T16:06:50","modified_gmt":"2025-11-16T16:06:50","slug":"den-tidlose-klassikeren-som-er-tilbake-i-motebildet","status":"publish","type":"post","link":"https:\/\/www.europesays.com\/no\/88638\/","title":{"rendered":"Den tidl\u00f8se klassikeren som er tilbake i motebildet"},"content":{"rendered":"<p class=\"kicker \" style=\"\">Mote:<\/p>\n<p>  \u2013 Det perfekte overgangsplagget.<\/p>\n<p>\n    KLASSIKER: Capen har v\u00e6rt med oss lenge. Foto: NTB.\n  <\/p>\n<p>Bli ny er historie i KK, men frykt ikke: Vi har en helt ny spalte p\u00e5 lur.\u00a0Den er signert undertegnede og har f\u00e5tt det passende navnet \u00abKvinner &amp; kl\u00e6r\u00bb.\u00a0I all hovedsak er det en lettbeint, uformell spalte, som i tillegg til \u00e5 v\u00e6re underholdende skal v\u00e6re informativ.\u00a0<\/p>\n<p>Denne gangen er det en god, gammel klassiker det sp\u00f8rres om, nemlig capen.<\/p>\n<p>    <a itemprop=\"url\" href=\"https:\/\/www.kk.no\/mote\/dette-visste-du-ikke-om-moteklassikeren\/83670700\" rel=\"nofollow noopener\" target=\"_blank\"><\/p>\n<p>      <img loading=\"lazy\" decoding=\"async\" src=\"https:\/\/www.europesays.com\/no\/wp-content\/uploads\/2025\/11\/83670727.webp\" width=\"980\" height=\"441\" title=\"Dette visste du ikke om moteklassikeren\" alt=\"\" class=\"lazyload\" style=\"--aspect-ratio-image: 2.22; \"\/><\/p>\n<p>        Dette visste du ikke om moteklassikeren<\/p>\n<p>    <\/a><\/p>\n<p>Kj\u00e6re Kvinner &amp; kl\u00e6r. Jeg trenger en overgangsjakke. Noe midt mellom trenchcoaten, skinnjakken og den tunge vinterjakken. En som holder meg god og varm uten \u00e5 v\u00e6re for mye \u2013 eller for stor. Men hvor begynner jeg? Hjelp!<\/p>\n<p>        TIPS: KKs sjefredakt\u00f8r Ingeborg Heldal gir sine beste tips innen kultur, beauty og mote. Video: Oskar Brus\u00e9n<\/p>\n<p>          <img loading=\"lazy\" decoding=\"async\" src=\"https:\/\/www.europesays.com\/no\/wp-content\/uploads\/2025\/11\/83775944.webp\" width=\"686\" height=\"810\" title=\"DYRIKSK: Marilyn Monroe&#10;med cape i filmen&#10;\u00abHerrer liker blonde&#10;piker\u00bb fra 1953. FOTO: NTB.\" alt=\"\" class=\"\" style=\"--aspect-ratio-image: 0.85; \"\/><\/p>\n<p>\n          DYRIKSK: Marilyn Monroe<br \/>\nmed cape i filmen<br \/>\n\u00abHerrer liker blonde<br \/>\npiker\u00bb fra 1953. FOTO: NTB.\n      <\/p>\n<p>Vi er allerede der, i overgangen mellom h\u00f8st og vinter, og dermed f\u00e5r vi den samme utfordringen som mellom vinter og v\u00e5r: Det er kaldt om morgenen og blir mildere utover dagen. Jeg kjenner problemet. P\u00e5 vei til jobb vil jeg ikke fryse, men heller ikke bli for varm hjem.<\/p>\n<p>    <a itemprop=\"url\" href=\"https:\/\/www.kk.no\/mote\/mange-vil-heve-pa-oyenbrynet\/83584234\" rel=\"nofollow noopener\" target=\"_blank\"><\/p>\n<p>      <img loading=\"lazy\" decoding=\"async\" src=\"https:\/\/www.europesays.com\/no\/wp-content\/uploads\/2025\/11\/83584337.webp\" width=\"980\" height=\"441\" title=\"\u2013 Mange vil heve p\u00e5 \u00f8yenbrynet\" alt=\"\" class=\"lazyload\" style=\"--aspect-ratio-image: 2.22; \"\/><\/p>\n<p>        \u2013 Mange vil heve p\u00e5 \u00f8yenbrynet<\/p>\n<p>    <\/a><\/p>\n<p>          <img loading=\"lazy\" decoding=\"async\" src=\"https:\/\/www.europesays.com\/no\/wp-content\/uploads\/2025\/11\/83775936.webp\" width=\"686\" height=\"1029\" title=\"SE, S\u00c5 FIN: Elegant og chic \u2013 og et uttrykk for&#10;samtiden. Cape fra norske ESP. Foto: Ignat Wiig.\" alt=\"\" class=\"\" style=\"--aspect-ratio-image: 0.67; \"\/><\/p>\n<p>\n          SE, S\u00c5 FIN: Elegant og chic \u2013 og et uttrykk for<br \/>\nsamtiden. Cape fra norske ESP. Foto: Ignat Wiig.\n      <\/p>\n<p>          <img loading=\"lazy\" decoding=\"async\" src=\"https:\/\/www.europesays.com\/no\/wp-content\/uploads\/2025\/11\/83775937.webp\" width=\"686\" height=\"858\" title=\"BACKSTAGE: Klassikeren backstage hos Herskind&#10;under den danske moteuken.\" alt=\"\" class=\"\" style=\"--aspect-ratio-image: 0.80; \"\/><\/p>\n<p>\n          BACKSTAGE: Klassikeren backstage hos Herskind<br \/>\nunder den danske moteuken.\n      <\/p>\n<p class=\"font-weight-bold m-font-weight-bold\" data-lab-font_weight=\"font-weight-bold\">Og derfor har jeg investert i en cape.<\/p>\n<p>    <a itemprop=\"url\" href=\"https:\/\/www.kk.no\/mote\/utvilsom-kontroversiell\/83461001\" rel=\"nofollow noopener\" target=\"_blank\"><\/p>\n<p>      <img loading=\"lazy\" decoding=\"async\" src=\"https:\/\/www.europesays.com\/no\/wp-content\/uploads\/2025\/11\/83461010.webp\" width=\"980\" height=\"441\" title=\"\u2013 Utvilsomt kontroversiell\" alt=\"\" class=\"lazyload\" style=\"--aspect-ratio-image: 2.22; \"\/><\/p>\n<p>        \u2013 Utvilsomt kontroversiell<\/p>\n<p>    <\/a><\/p>\n<p class=\"font-weight-normal m-font-weight-normal\" data-lab-font_weight=\"font-weight-normal\">Capen er det perfekte overgangsplagget, og n\u00e5 er den ogs\u00e5 tilbake i motebildet.\u00a0<\/p>\n<p>          <img loading=\"lazy\" decoding=\"async\" src=\"https:\/\/www.europesays.com\/no\/wp-content\/uploads\/2025\/11\/83818959.webp\" width=\"980\" height=\"716\" title=\"HELT DRONNING: Dronning Camilla i cape. En favoritt hos den britiske dronningen. Foto: NTB.\" alt=\"\" class=\"\" style=\"--aspect-ratio-image: 1.37; \"\/><\/p>\n<p>\n          HELT DRONNING: Dronning Camilla i cape. En favoritt hos den britiske dronningen. Foto: NTB.\n      <\/p>\n<p class=\"font-weight-bold m-font-weight-bold\" data-lab-font_weight=\"font-weight-bold\">Ny er den riktignok ikke. Historien strekker seg helt tilbake til antikkens Roma og Hellas, der den markerte milit\u00e6r rang, og videre gjennom middelalderen som b\u00e5de praktisk v\u00e6rbeskyttelse og statussymbol.\u00a0<\/p>\n<p>        TIPS: KKs sjefredakt\u00f8r Ingeborg Heldal gir sine beste tips innen kultur, beauty og mote. Video: Oskar Brus\u00e9n<\/p>\n<p>    <a itemprop=\"url\" href=\"https:\/\/www.kk.no\/mote\/na-er-den-utskjelte-trenden-tilbake\/83304070\" rel=\"nofollow noopener\" target=\"_blank\"><\/p>\n<p>      <img loading=\"lazy\" decoding=\"async\" src=\"https:\/\/www.europesays.com\/no\/wp-content\/uploads\/2025\/11\/83304077.webp\" width=\"980\" height=\"441\" title=\"\u2013 Et sp\u00f8rsm\u00e5l om tid\" alt=\"\" class=\"lazyload\" style=\"--aspect-ratio-image: 2.22; \"\/><\/p>\n<p>        \u2013 Et sp\u00f8rsm\u00e5l om tid<\/p>\n<p>    <\/a><\/p>\n<p>          <img loading=\"lazy\" decoding=\"async\" src=\"https:\/\/www.europesays.com\/no\/wp-content\/uploads\/2025\/11\/83775941.webp\" width=\"686\" height=\"1029\" title=\"NORSK P\u00c5 NORSK: Den kortere capen&#10;st\u00e5r sterkt i trendbildet n\u00e5. Her&#10;hos Envelope1976. Foto: Ole-Martin Halvorsen.\" alt=\"\" class=\"\" style=\"--aspect-ratio-image: 0.67; \"\/><\/p>\n<p>\n          NORSK P\u00c5 NORSK: Den kortere capen<br \/>\nst\u00e5r sterkt i trendbildet n\u00e5. Her<br \/>\nhos Envelope1976. Foto: Ole-Martin Halvorsen.\n      <\/p>\n<p>    <a itemprop=\"url\" href=\"https:\/\/www.kk.no\/mote\/hun-har-hentet-tilbake-den-utskjelte-trenden\/82411137\" rel=\"nofollow noopener\" target=\"_blank\"><\/p>\n<p>      <img loading=\"lazy\" decoding=\"async\" src=\"https:\/\/www.europesays.com\/no\/wp-content\/uploads\/2025\/11\/82411151.webp\" width=\"980\" height=\"441\" title=\"Hun har hentet tilbake den utskjelte trenden\" alt=\"\" class=\"lazyload\" style=\"--aspect-ratio-image: 2.22; \"\/><\/p>\n<p>        Hun har hentet tilbake den utskjelte trenden<\/p>\n<p>    <\/a><\/p>\n<p>          <img loading=\"lazy\" decoding=\"async\" src=\"https:\/\/www.europesays.com\/no\/wp-content\/uploads\/2025\/11\/83088200.webp\" width=\"980\" height=\"1470\" title=\"Ida Elise Eide Einarsd\u00f3ttir er moteansvarlig i KK. Foto: Polina Vinogradova.\" alt=\"\" class=\"\" style=\"--aspect-ratio-image: 0.67; \"\/><\/p>\n<p>\n          Ida Elise Eide Einarsd\u00f3ttir er moteansvarlig i KK. Foto: Polina Vinogradova.\n      <\/p>\n<p>P\u00e5 1900-tallet ble den gang p\u00e5 gang gjenoppdaget av designere som Lanvin, Balenciaga og Dior. Men det var Hollywood som for alvor romantiserte den. Bare tenk p\u00e5 Vivien Leigh i filmen \u00abWaterloo Bridge\u00bb fra 1940, Anita Ekberg i \u00abDet s\u00f8te liv\u00bb (1960) eller Marilyn Monroe i filmen med oversettelsen \u00abHerrer liker blonde piker\u00bb fra 1953. <\/p>\n<p>          <img loading=\"lazy\" decoding=\"async\" src=\"https:\/\/www.europesays.com\/no\/wp-content\/uploads\/2025\/11\/83818962.webp\" width=\"980\" height=\"1421\" title=\"DEN GANG DA: Capen i 1966. Foto: NTB.\" alt=\"\" class=\"\" style=\"--aspect-ratio-image: 0.69; \"\/><\/p>\n<p>\n          DEN GANG DA: Capen i 1966. Foto: NTB.\n      <\/p>\n<p class=\"font-weight-bold m-font-weight-bold\" data-lab-font_weight=\"font-weight-bold\">Siden har capen kommet og g\u00e5tt i trendbildet, men n\u00e5 er den tilbake.\u00a0<\/p>\n<p>Flere designere og motehus viste sine varianter p\u00e5 catwalken b\u00e5de denne og forrige sesong. Chemena Kamali for Chlo\u00e9, for eksempel, hun som skal ha den noe tvilsomme \u00e6ren for \u00e5 ha hentet \u00abboho chic\u00bb tilbake i trendbildet.\u00a0<\/p>\n<p>    <a itemprop=\"url\" href=\"https:\/\/www.kk.no\/mote\/noksa-spesielt-at-dette-trender-na\/82200428\" rel=\"nofollow noopener\" target=\"_blank\"><\/p>\n<p>      <img loading=\"lazy\" decoding=\"async\" src=\"https:\/\/www.europesays.com\/no\/wp-content\/uploads\/2025\/11\/82200450.webp\" width=\"980\" height=\"441\" title=\"- Noks\u00e5 spesielt at dette trender n\u00e5\" alt=\"\" class=\"lazyload\" style=\"--aspect-ratio-image: 2.22; \"\/><\/p>\n<p>        &#8211; Noks\u00e5 spesielt at dette trender n\u00e5<\/p>\n<p>    <\/a><\/p>\n<p>Men ogs\u00e5 b\u00e5de The Row, Calvin Klein, Burberry, Toteme og Bottega Veneta (under ledelse av Matthieu Blazy) har sl\u00e5tt et slag for capen denne sesongen.\u00a0<\/p>\n<p>          <img loading=\"lazy\" decoding=\"async\" src=\"https:\/\/www.europesays.com\/no\/wp-content\/uploads\/2025\/11\/83818961.webp\" width=\"980\" height=\"1519\" title=\"P\u00c5 CATWALKEN: Klassikeren hos Marc Jacobs i 2002. Foto:NTB.\" alt=\"\" class=\"\" style=\"--aspect-ratio-image: 0.65; \"\/><\/p>\n<p>\n          P\u00c5 CATWALKEN: Klassikeren hos Marc Jacobs i 2002. Foto:NTB.\n      <\/p>\n<p class=\"font-weight-bold m-font-weight-bold\" data-lab-font_weight=\"font-weight-bold\">Og med det dukker den ogs\u00e5 opp b\u00e5de i high street- og i kjedebutikkene. Hos Cos, for eksempel. Ogs\u00e5 hos norske klesmerker finner du capen n\u00e5 i h\u00f8st, blant annet hos Envelope1976.<\/p>\n<p>    <a itemprop=\"url\" href=\"https:\/\/www.kk.no\/mote\/derfor-gar-det-aldri-av-moten\/82134063\" rel=\"nofollow noopener\" target=\"_blank\"><\/p>\n<p>      <img loading=\"lazy\" decoding=\"async\" src=\"https:\/\/www.europesays.com\/no\/wp-content\/uploads\/2025\/11\/82146380.webp\" width=\"980\" height=\"441\" title=\"Derfor g\u00e5r det aldri av moten\" alt=\"\" class=\"lazyload\" style=\"--aspect-ratio-image: 2.22; \"\/><\/p>\n<p>        Derfor g\u00e5r det aldri av moten<\/p>\n<p>    <\/a><\/p>\n<p class=\"font-weight-bold m-font-weight-bold\" data-lab-font_weight=\"font-weight-bold\">Selv om capen trender, er den en klassiker. En noks\u00e5 sikker investering, sp\u00f8r du meg. Og grunnen? Den er b\u00e5de versatil og enkel. Capen kan med fordel brukes p\u00e5 flere m\u00e5ter, og det er jo s\u00e5 lett \u00e5 bare slenge den over skuldrene.\u00a0<\/p>\n<p>          <img loading=\"lazy\" decoding=\"async\" src=\"https:\/\/www.europesays.com\/no\/wp-content\/uploads\/2025\/11\/83775939.webp\" width=\"686\" height=\"858\" title=\"NORSKTOPPEN: Capen hos&#10;Envelope1976. Foto: Ole-Martin Halvorsen.\" alt=\"\" class=\"\" style=\"--aspect-ratio-image: 0.80; \"\/><\/p>\n<p>\n          NORSKTOPPEN: Capen hos<br \/>\nEnvelope1976. Foto: Ole-Martin Halvorsen.\n      <\/p>\n<p>Tanken er styling lag p\u00e5 lag. Kanskje det eldste trikset i boken n\u00e5r det kommer til \u00e5 kle seg \u2013 spesielt mellom sesongene. For da kan man bruke capen over en skinnjakke, for eksempel. Og med det lar den deg ogs\u00e5 bruke garderoben din lenger. At den typisk kommer i s\u00e5kalt one size, er heller ikke s\u00e5 dumt. Den passer alle, til alt, alltid. Ikke minst er den lett \u00e5\u00a0bevege seg i. Og det skal man ikke kimse av. For det er s\u00e6rlig i kj\u00f8lvannet av pandemien at vi for alvor begynte \u00e5 sette pris p\u00e5 plagg som faktisk er komfortable \u00e5 ha p\u00e5, og capen er nettopp det. Den beveger seg p\u00e5 mange m\u00e5ter med deg og blir en slags forlengelse av kroppen. <\/p>\n<p>    <a itemprop=\"url\" href=\"https:\/\/www.kk.no\/mote\/et-elsk-hat-forhold\/81871239\" rel=\"nofollow noopener\" target=\"_blank\"><\/p>\n<p>      <img loading=\"lazy\" decoding=\"async\" src=\"https:\/\/www.europesays.com\/no\/wp-content\/uploads\/2025\/11\/81871277.webp\" width=\"980\" height=\"441\" title=\"- Et elsk-hat-forhold\" alt=\"\" class=\"lazyload\" style=\"--aspect-ratio-image: 2.22; \"\/><\/p>\n<p>        &#8211; Et elsk-hat-forhold<\/p>\n<p>    <\/a><\/p>\n<p>    <a itemprop=\"url\" href=\"https:\/\/www.kk.no\/mote\/noe-skjedde-med-hatten-den-dagen\/83139031\" rel=\"nofollow noopener\" target=\"_blank\"><\/p>\n<p>      <img loading=\"lazy\" decoding=\"async\" src=\"https:\/\/www.europesays.com\/no\/wp-content\/uploads\/2025\/11\/83140163.webp\" width=\"980\" height=\"441\" title=\"\u2013 Noe skjedde med hatten den dagen\" alt=\"\" class=\"lazyload\" style=\"--aspect-ratio-image: 2.22; \"\/><\/p>\n<p>        \u2013 Noe skjedde med hatten den dagen<\/p>\n<p>    <\/a><\/p>\n<p>Nettopp den m\u00e5ten \u00e5 tenke mote p\u00e5 er etter hvert blitt regelen heller enn unntaket. En annen forklaring p\u00e5 capens tilbakekomst er selvsagt \u00e5 se den som en forlengelse av stille luksus-trenden. For den er jo elegant og chic. <\/p>\n<p>Capen vil v\u00e6re overalt denne sesongen. Den blir ikke vanskelig \u00e5 finne, men hvilken skal du velge? Skal den v\u00e6re kort eller lang, i ull eller skinn? Smaken er som kjent som baken, men selv sl\u00e5r jeg et slag for den store, n\u00e6rmest teppeaktige varianten du kan sv\u00f8pe deg inn i. En klassiker som aldri g\u00e5r av moten.<\/p>\n<p>            <img loading=\"lazy\" decoding=\"async\" src=\"https:\/\/www.europesays.com\/no\/wp-content\/uploads\/2025\/11\/1763309210_466_81574720.webp\" width=\"206\" height=\"384\" title=\"Har du et stilsp\u00f8rsm\u00e5l til meg?\" alt=\"\" class=\"\" style=\"--aspect-ratio-image: 0.54; \"\/><\/p>\n<p>        Har du et stilsp\u00f8rsm\u00e5l til meg?<\/p>\n<p class=\"subtitle\">Hei, jeg heter Ida Elise Eide Einarsd\u00f3ttir og er mote- og skj\u00f8nnhetsansvarlig i KK. Har du et stilsp\u00f8rsm\u00e5l som du lurer p\u00e5?<\/p>\n","protected":false},"excerpt":{"rendered":"Mote: \u2013 Det perfekte overgangsplagget. KLASSIKER: Capen har v\u00e6rt med oss lenge. Foto: NTB. Bli ny er historie&hellip;\n","protected":false},"author":2,"featured_media":88639,"comment_status":"","ping_status":"","sticky":false,"template":"","format":"standard","meta":{"footnotes":""},"categories":[58],"tags":[11721,71,4621,2968,7281,4024,11722,30,28,29,4415,3738,72],"class_list":{"0":"post-88638","1":"post","2":"type-post","3":"status-publish","4":"format-standard","5":"has-post-thumbnail","7":"category-underholdning","8":"tag-cape","9":"tag-entertainment","10":"tag-ida-elise-eide-einarsdottir","11":"tag-klaer","12":"tag-kvinner-og-klaer","13":"tag-mote","14":"tag-moteklassiker","15":"tag-no","16":"tag-norge","17":"tag-norway","18":"tag-shopping","19":"tag-spalte","20":"tag-underholdning"},"share_on_mastodon":{"url":"https:\/\/pubeurope.com\/@no\/115560241604633251","error":""},"_links":{"self":[{"href":"https:\/\/www.europesays.com\/no\/wp-json\/wp\/v2\/posts\/88638","targetHints":{"allow":["GET"]}}],"collection":[{"href":"https:\/\/www.europesays.com\/no\/wp-json\/wp\/v2\/posts"}],"about":[{"href":"https:\/\/www.europesays.com\/no\/wp-json\/wp\/v2\/types\/post"}],"author":[{"embeddable":true,"href":"https:\/\/www.europesays.com\/no\/wp-json\/wp\/v2\/users\/2"}],"replies":[{"embeddable":true,"href":"https:\/\/www.europesays.com\/no\/wp-json\/wp\/v2\/comments?post=88638"}],"version-history":[{"count":0,"href":"https:\/\/www.europesays.com\/no\/wp-json\/wp\/v2\/posts\/88638\/revisions"}],"wp:featuredmedia":[{"embeddable":true,"href":"https:\/\/www.europesays.com\/no\/wp-json\/wp\/v2\/media\/88639"}],"wp:attachment":[{"href":"https:\/\/www.europesays.com\/no\/wp-json\/wp\/v2\/media?parent=88638"}],"wp:term":[{"taxonomy":"category","embeddable":true,"href":"https:\/\/www.europesays.com\/no\/wp-json\/wp\/v2\/categories?post=88638"},{"taxonomy":"post_tag","embeddable":true,"href":"https:\/\/www.europesays.com\/no\/wp-json\/wp\/v2\/tags?post=88638"}],"curies":[{"name":"wp","href":"https:\/\/api.w.org\/{rel}","templated":true}]}}