{"id":88661,"date":"2025-11-16T16:37:09","date_gmt":"2025-11-16T16:37:09","guid":{"rendered":"https:\/\/www.europesays.com\/no\/88661\/"},"modified":"2025-11-16T16:37:09","modified_gmt":"2025-11-16T16:37:09","slug":"irland-slar-ungarn-og-sikrer-playoff","status":"publish","type":"post","link":"https:\/\/www.europesays.com\/no\/88661\/","title":{"rendered":"Irland sl\u00e5r Ungarn og sikrer playoff"},"content":{"rendered":"\n<p class=\"_lead_o9xde_2 _lead_xtcu6_50 layout-component text-serif-m layout-normal text-serif-l layout-component layout-wide layout-padded _wide_17hqh_1 layout-padded\">Med Cristiano Ronaldo ute med suspensjon gjorde Portugal kort prosess med Armenia og sikret plass i VM med 9-1-seier. Irland endte p\u00e5 2.-plass i puljen med 3-2-seier over Ungarn.<\/p>\n<p><img alt=\"Bruno Fernandes og Portugal storspilte uten Cristiano Ronaldo.  Foto: Luis Vieira \/ AP \/ NTB\" class=\"_image_qp4xg_65 layout-component layout-wide\" data-fullscreen- data-track-element-type=\"Article image fullscreen\" data-track-name=\"ImageFullscreen\" fetchpriority=\"high\" decoding=\"sync\" loading=\"eager\" height=\"3558\" itemprop=\"image\"  src=\"https:\/\/www.europesays.com\/no\/wp-content\/uploads\/2025\/11\/3823e145-44a0-47ca-be03-729f966ddfa3\"  style=\"object-position:0% 0%\" width=\"5337\"\/>Bruno Fernandes og Portugal storspilte uten Cristiano Ronaldo.  Foto: Luis Vieira \/ AP \/ NTB<\/p>\n<ul aria-hidden=\"true\" class=\"_images_18f0k_111\">\n<li><a class=\"_link_18f0k_116\" href=\"https:\/\/www.vg.no\/forfatter\/ntb\" style=\"z-index:1\" title=\"NTB\" rel=\"nofollow noopener\" target=\"_blank\"><img alt=\"Bilde av NTB\" class=\"_image_18f0k_93\" fetchpriority=\"low\" loading=\"lazy\" decoding=\"async\" itemprop=\"image\"  src=\"https:\/\/www.europesays.com\/no\/wp-content\/uploads\/2025\/11\/1763311029_165_c33980b0-5d07-4027-84a1-813f90a7c8d6\"  width=\"480\"\/><\/a><\/li>\n<\/ul>\n<p> Oppdatert s\u00f8ndag 16. november kl. 17:03    <\/p>\n<ul class=\"_list_o9xde_3 _list_64s2r_85 _unordered_o9xde_106 text-sans-m\">\n<li class=\"_item_o9xde_30\">Portugal sikret VM-plass med knusende 9-1-seier over Armenia.<\/li>\n<li class=\"_item_o9xde_30\">Cristiano Ronaldo ute med suspensjon.<\/li>\n<li class=\"_item_o9xde_30\">Irland klarte playoff etter dramatisk 3-2-seier over Ungarn.<\/li>\n<li class=\"_item_o9xde_30\">Troy Parrott scoret hattrick og avgjorde seks minutter p\u00e5 overtid.<\/li>\n<li class=\"_item_o9xde_30\">Bruno Fernandes og Jo\u00e3o Neves scoret ogs\u00e5 hattrick for Portugal.<\/li>\n<\/ul>\n<p>Vis mer <\/p>\n<p class=\"_paragraph_o9xde_4 _paragraph_xtcu6_10 layout-component text-serif-m layout-normal text-serif-m layout-padded\">Troy Parrott scoret hattrick for Irland i oppgj\u00f8ret der vinnerm\u00e5let kom seks minutter p\u00e5 overtid. Irland m\u00e5tte vinne for \u00e5 fortsatt ha h\u00e5p om VM-plass, mens Ungarn hadde klart seg med uavgjort.<\/p>\n<p class=\"_paragraph_o9xde_4 _paragraph_xtcu6_10 layout-component text-serif-m layout-normal text-serif-m layout-padded\">N\u00e5 er det Irland som i mars skal spille playoff om en plass i mesterskapet i Nord-Amerika.<\/p>\n<p class=\"_paragraph_o9xde_4 _paragraph_xtcu6_10 layout-component text-serif-m layout-normal text-serif-m layout-padded\">Uten Ronaldo kunne Bruno Fernandes og resten av det portugisiske stjernegalleriet skinne mot fortapte Armenia.<\/p>\n<p class=\"_paragraph_o9xde_4 _paragraph_xtcu6_10 layout-component text-serif-m layout-normal text-serif-m layout-padded\">Manchester Uniteds midtbanemann fikk muligheten fra straffemerket to ganger og gjorde ingen feil p\u00e5 vei mot sitt hattrick. 5-1, 6-1 og 7-1 ble alle scoret av Fernandes.<\/p>\n<p class=\"_paragraph_o9xde_4 _paragraph_xtcu6_10 layout-component text-serif-m layout-normal text-serif-m layout-padded\">Jo\u00e3o Neves fullbyrdet ogs\u00e5 sitt hattrick med 8-1. De \u00f8vrige m\u00e5lene ble scoret av Renato Veiga, Gon\u00e7alo Ramos og Chico Conceicao.<\/p>\n<p class=\"_paragraph_o9xde_4 _paragraph_xtcu6_10 layout-component text-serif-m layout-normal text-serif-m layout-padded\">Med seier til Portugal ble kampen mellom Ungarn og Irland et rent oppgj\u00f8r om \u00e5 sikre seg 2.-plassen som gir playoff. Ettersom ingen av lagene vant sine grupper i nasjonsligaen, var begge avhengige av et resultat i s\u00f8ndagens kamp for \u00e5 forlenge h\u00e5pet om VM-plass.<\/p>\n<p class=\"_paragraph_o9xde_4 _paragraph_xtcu6_10 layout-component text-serif-m layout-normal text-serif-m layout-padded\">Der ble det dramatisk.<\/p>\n<p class=\"_paragraph_o9xde_4 _paragraph_xtcu6_10 layout-component text-serif-m layout-normal text-serif-m layout-padded\">Irland overrasket stort med 2-0-seier hjemme mot Portugal torsdag, i en kamp <a href=\"https:\/\/www.vg.no\/tag\/cristiano-ronaldo?utm_source=vg-article&amp;utm_medium=auto-tagger&amp;utm_campaign=bm9AjB\" class=\"_link_o9xde_39\" rel=\"nofollow noopener\" target=\"_blank\">Cristiano Ronaldo<\/a> ble direkte utvist for voldsom bruk av albuen.<\/p>\n<p class=\"_paragraph_o9xde_4 _paragraph_xtcu6_10 layout-component text-serif-m layout-normal text-serif-m layout-padded\">Det f\u00f8rte til at Ronaldo var suspendert mot Armenia og kan ogs\u00e5 bety at han blir utestengt i VM. Hvor lang suspensjonen blir, har enn\u00e5 ikke blitt bestemt.<\/p>\n","protected":false},"excerpt":{"rendered":"Med Cristiano Ronaldo ute med suspensjon gjorde Portugal kort prosess med Armenia og sikret plass i VM med&hellip;\n","protected":false},"author":2,"featured_media":88662,"comment_status":"","ping_status":"","sticky":false,"template":"","format":"standard","meta":{"footnotes":""},"categories":[59],"tags":[1288,8634,11514,30,28,29,4644,83,82],"class_list":{"0":"post-88661","1":"post","2":"type-post","3":"status-publish","4":"format-standard","5":"has-post-thumbnail","7":"category-sport","8":"tag-cristiano-ronaldo","9":"tag-fotball-vm-2026","10":"tag-irlands-herrelandslag-fotball","11":"tag-no","12":"tag-norge","13":"tag-norway","14":"tag-portugals-herrelandslag-fotball","15":"tag-sport","16":"tag-sports"},"share_on_mastodon":{"url":"https:\/\/pubeurope.com\/@no\/115560359342223823","error":""},"_links":{"self":[{"href":"https:\/\/www.europesays.com\/no\/wp-json\/wp\/v2\/posts\/88661","targetHints":{"allow":["GET"]}}],"collection":[{"href":"https:\/\/www.europesays.com\/no\/wp-json\/wp\/v2\/posts"}],"about":[{"href":"https:\/\/www.europesays.com\/no\/wp-json\/wp\/v2\/types\/post"}],"author":[{"embeddable":true,"href":"https:\/\/www.europesays.com\/no\/wp-json\/wp\/v2\/users\/2"}],"replies":[{"embeddable":true,"href":"https:\/\/www.europesays.com\/no\/wp-json\/wp\/v2\/comments?post=88661"}],"version-history":[{"count":0,"href":"https:\/\/www.europesays.com\/no\/wp-json\/wp\/v2\/posts\/88661\/revisions"}],"wp:featuredmedia":[{"embeddable":true,"href":"https:\/\/www.europesays.com\/no\/wp-json\/wp\/v2\/media\/88662"}],"wp:attachment":[{"href":"https:\/\/www.europesays.com\/no\/wp-json\/wp\/v2\/media?parent=88661"}],"wp:term":[{"taxonomy":"category","embeddable":true,"href":"https:\/\/www.europesays.com\/no\/wp-json\/wp\/v2\/categories?post=88661"},{"taxonomy":"post_tag","embeddable":true,"href":"https:\/\/www.europesays.com\/no\/wp-json\/wp\/v2\/tags?post=88661"}],"curies":[{"name":"wp","href":"https:\/\/api.w.org\/{rel}","templated":true}]}}