{"id":88683,"date":"2025-11-16T17:01:15","date_gmt":"2025-11-16T17:01:15","guid":{"rendered":"https:\/\/www.europesays.com\/no\/88683\/"},"modified":"2025-11-16T17:01:15","modified_gmt":"2025-11-16T17:01:15","slug":"san-siro-skal-rives-slik-er-de-nye-planene-jeg-kommer-til-a-grate","status":"publish","type":"post","link":"https:\/\/www.europesays.com\/no\/88683\/","title":{"rendered":"San Siro skal rives &#8211; slik er de nye planene: \u2013 Jeg kommer til \u00e5 gr\u00e5te"},"content":{"rendered":"\n<ul class=\"_list_o9xde_3 _list_64s2r_85 _unordered_o9xde_106 text-sans-m\">\n<li class=\"_item_o9xde_30\">Stadio San Siro i Milano skal rives for \u00e5 gi plass til en ny arena p\u00e5 samme omr\u00e5de.<\/li>\n<li class=\"_item_o9xde_30\">Norge m\u00f8ter Italia der for f\u00f8rste gang s\u00f8ndag, kanskje ogs\u00e5 siste gang.<\/li>\n<li class=\"_item_o9xde_30\">Norges Torbj\u00f8rn Heggem beskriver San Siro som den \u00abkuleste stadion\u00bb han har spilt p\u00e5.<\/li>\n<li class=\"_item_o9xde_30\">Fans og spillere er sentimale &#8211; og noen oppr\u00f8rte over rivingsplanene.<\/li>\n<\/ul>\n<p>Vis mer <\/p>\n<p class=\"_paragraph_o9xde_4 _paragraph_xtcu6_10 layout-component text-serif-m layout-normal text-serif-m layout-padded\"><strong class=\"_strong_o9xde_25\">\u2013 Det er en mektig stadion. Du f\u00f8ler at tribunene g\u00e5r rett opp mot himmelen. Det er den kuleste stadion jeg har spilt p\u00e5, sier Norge-midtstopper Torbj\u00f8rn Heggem til VG.<\/strong><\/p>\n<p class=\"_paragraph_o9xde_4 _paragraph_xtcu6_10 layout-component text-serif-m layout-normal text-serif-m layout-padded\">Hans Bologna tapte 0\u20131 der for Milan i september. S\u00f8ndag skal Heggem og Norge bare unng\u00e5 0\u20139 mot Italia p\u00e5 San Siro for sikre VM-plassen. <\/p>\n<p>Stadio San Siro<\/p>\n<ul class=\"_list_o9xde_3 _list_xtcu6_9 _list_16v91_9 _unordered_o9xde_106 layout-component text-serif-m layout-normal text-sans-m layout-padded\">\n<li class=\"_item_o9xde_30\">Navn: Stadio Giuseppe Meazza (vanligvis kalt San Siro)<\/li>\n<li class=\"_item_o9xde_30\">By: Milano, Italia<\/li>\n<li class=\"_item_o9xde_30\">\u00c5pnet: 1926<\/li>\n<li class=\"_item_o9xde_30\">Hjemmelag: AC Milan og Inter<\/li>\n<li class=\"_item_o9xde_30\">N\u00e5v\u00e6rende kapasitet: ca. 75 800 tilskuere<\/li>\n<li class=\"_item_o9xde_30\">Arkitekt: Ulisse Stacchini<\/li>\n<li class=\"_item_o9xde_30\">Eies av: Opprinnelig Milano kommune \u2013 kj\u00f8pt av Milan og Inter i 2025 for 197 millioner euro<\/li>\n<\/ul>\n<p>Vis mer<\/p>\n<p class=\"_paragraph_o9xde_4 _paragraph_xtcu6_10 layout-component text-serif-m layout-normal text-serif-m layout-padded\">F\u00f8r har Norge reist til Lecce, Genoa, Pisa, Palermo og Roma for \u00e5 m\u00f8te Italia. Men aldri i Milano. Kanskje blir s\u00f8ndag f\u00f8rste og siste gang Norge f\u00e5r \u00e6ren av \u00e5 spille i den mytiske fotballkatedralen: <\/p>\n<p class=\"_paragraph_o9xde_4 _paragraph_xtcu6_10 layout-component text-serif-m layout-normal text-serif-m layout-padded\"><strong class=\"_strong_o9xde_25\">San Siro. <\/strong><\/p>\n<p class=\"_paragraph_o9xde_4 _paragraph_xtcu6_10 layout-component text-serif-m layout-normal text-serif-m layout-padded\"><strong class=\"_strong_o9xde_25\">Stadio San Siro.<\/strong><\/p>\n<p class=\"_paragraph_o9xde_4 _paragraph_xtcu6_10 layout-component text-serif-m layout-normal text-serif-m layout-padded\">Bare si det h\u00f8yt til deg selv. Ingen stadion klinger vel p\u00e5 samme m\u00e5te. <\/p>\n<p><img alt=\"Norge trente p\u00e5 San Siro l\u00f8rdag kveld.  Foto: Bj\u00f8rn S. Delebekk \/ VG\" class=\"_image_qp4xg_65 layout-component layout-normal\" data-fullscreen- data-track-element-type=\"Article image fullscreen\" data-track-name=\"ImageFullscreen\" decoding=\"async\" loading=\"lazy\" height=\"4962\" itemprop=\"image\"  src=\"https:\/\/www.europesays.com\/no\/wp-content\/uploads\/2025\/11\/85befd42-c2a4-44ea-bb97-fa8027f1b0b4\"  style=\"object-position:0% 0%\" width=\"7291\"\/>Norge trente p\u00e5 San Siro l\u00f8rdag kveld.  Foto: Bj\u00f8rn S. Delebekk \/ VG<\/p>\n<p class=\"_paragraph_o9xde_4 _paragraph_xtcu6_10 layout-component text-serif-m layout-normal text-serif-m layout-padded\">\u2013 Jeg har v\u00e6rt der to ganger som tilskuer, sier Erling Braut Haaland om San Siro p\u00e5 pressekonferansen f\u00f8r kampen. <\/p>\n<p class=\"_paragraph_o9xde_4 _paragraph_xtcu6_10 layout-component text-serif-m layout-normal text-serif-m layout-padded\">\u2013 \u00c9n gang for en Milan-kamp i 2017, og \u00e9n gang p\u00e5 Coldplay-konsert. Jeg likte den siste best.<\/p>\n<p class=\"_paragraph_o9xde_4 _paragraph_xtcu6_10 layout-component text-serif-m layout-normal text-serif-m layout-padded\">Det er veldig sjeldent at Italiaveldig sjeldent at ItaliaDe siste 20 \u00e5rene har det kun v\u00e6rt 12 landskamper mot Frankrike, Danmark, Tyskland, Kroatia, Sverige, Portugal, Spania, England og Ukraina. Kun fire av gangene har den v\u00e6rt omtrent full.  spiller landskamper p\u00e5 nasjonens st\u00f8rste stadion. Is\u00e5fall kun mot de aller st\u00f8rste motstanderne, til de mest avgj\u00f8rende anledningene. <\/p>\n<p class=\"_paragraph_o9xde_4 _paragraph_xtcu6_10 layout-component text-serif-m layout-normal text-serif-m layout-padded\">Da det italienske fotballforbundet valgte San Siro til \u00e5 huse dette oppgj\u00f8ret, hadde de neppe regnet med at VM-kvaliken allerede skulle v\u00e6re 99,9 prosent avgjort til fordel for Norge alt.<\/p>\n<p class=\"_paragraph_o9xde_4 _paragraph_xtcu6_10 layout-component text-serif-m layout-normal text-serif-m layout-padded\">Det rapporteres at 55.000 av de 75.000 fargerike setene i bruk er solgt unna. <\/p>\n<p class=\"_paragraph_o9xde_4 _paragraph_xtcu6_10 layout-component text-serif-m layout-normal text-serif-m layout-padded\">\u2013 Kanskje Italia tar kampen p\u00e5 alvor isolert sett, ved at de f\u00f8ler de har noe \u00e5 revansjere (Norge vant 3\u20130 p\u00e5 Ullevaal). Jeg tror uansett det blir en kjempekul match, sier Heggem. <\/p>\n<p class=\"_paragraph_o9xde_4 _paragraph_xtcu6_10 layout-component text-serif-m layout-normal text-serif-m layout-padded\">Det var f\u00f8rst tidlig n\u00e5 i november at \u00e5revis med prat, ulike planer og seigt byr\u00e5krati endelig ble om til handling og beslutning: Stadio San Siro i Milano, som har blitt delt av gigantene Inter og Milan, skal jevnes med jorden. <\/p>\n<p><img alt=\"AC Milan-fansen dro frem denne rammen f\u00f8r en kamp mot erkerivalen Juventus i 2022.   Foto: ISABELLA BONOTTO \/ AFP \/ NTB\" class=\"_image_qp4xg_65 layout-component layout-normal\" data-fullscreen- data-track-element-type=\"Article image fullscreen\" data-track-name=\"ImageFullscreen\" decoding=\"async\" loading=\"lazy\" height=\"3712\" itemprop=\"image\"  src=\"https:\/\/www.europesays.com\/no\/wp-content\/uploads\/2025\/11\/352e50ca-151c-45d2-9639-dc336a5309fd\"  style=\"object-position:0% 0%\" width=\"5568\"\/>AC Milan-fansen dro frem denne rammen f\u00f8r en kamp mot erkerivalen Juventus i 2022.   Foto: ISABELLA BONOTTO \/ AFP \/ NTBTidslinje<\/p>\n<p class=\"_paragraph_o9xde_4 _paragraph_xtcu6_10 _paragraph_16v91_10 layout-component text-serif-m layout-normal text-sans-m layout-padded\"><strong class=\"_strong_o9xde_25\">1926<\/strong> <\/p>\n<p class=\"_paragraph_o9xde_4 _paragraph_xtcu6_10 _paragraph_16v91_10 layout-component text-serif-m layout-normal text-sans-m layout-padded\">San Siro \u00e5pnes \u2013 AC Milan sitt nye hjem.<\/p>\n<p class=\"_paragraph_o9xde_4 _paragraph_xtcu6_10 _paragraph_16v91_10 layout-component text-serif-m layout-normal text-sans-m layout-padded\"><strong class=\"_strong_o9xde_25\">1947<\/strong> <\/p>\n<p class=\"_paragraph_o9xde_4 _paragraph_xtcu6_10 _paragraph_16v91_10 layout-component text-serif-m layout-normal text-sans-m layout-padded\">Inter flytter inn. Stadionet blir delt for f\u00f8rste gang.<\/p>\n<p class=\"_paragraph_o9xde_4 _paragraph_xtcu6_10 _paragraph_16v91_10 layout-component text-serif-m layout-normal text-sans-m layout-padded\"><strong class=\"_strong_o9xde_25\">1955\u20131956<\/strong> <\/p>\n<p class=\"_paragraph_o9xde_4 _paragraph_xtcu6_10 _paragraph_16v91_10 layout-component text-serif-m layout-normal text-sans-m layout-padded\">Kraftig utvidelse \u2192 den ber\u00f8mte <strong class=\"_strong_o9xde_25\">andre ringen<\/strong> bygges.<\/p>\n<p class=\"_paragraph_o9xde_4 _paragraph_xtcu6_10 _paragraph_16v91_10 layout-component text-serif-m layout-normal text-sans-m layout-padded\"><strong class=\"_strong_o9xde_25\">1980<\/strong> <\/p>\n<p class=\"_paragraph_o9xde_4 _paragraph_xtcu6_10 _paragraph_16v91_10 layout-component text-serif-m layout-normal text-sans-m layout-padded\">Offisielt navn endres til Stadio Giuseppe Meazza.<\/p>\n<p class=\"_paragraph_o9xde_4 _paragraph_xtcu6_10 _paragraph_16v91_10 layout-component text-serif-m layout-normal text-sans-m layout-padded\"><strong class=\"_strong_o9xde_25\">1990<\/strong> <\/p>\n<p class=\"_paragraph_o9xde_4 _paragraph_xtcu6_10 _paragraph_16v91_10 layout-component text-serif-m layout-normal text-sans-m layout-padded\">Gigantisk modernisering for VM: <strong class=\"_strong_o9xde_25\">tredje ring + r\u00f8de t\u00e5rn<\/strong> bygges.<\/p>\n<p class=\"_paragraph_o9xde_4 _paragraph_xtcu6_10 _paragraph_16v91_10 layout-component text-serif-m layout-normal text-sans-m layout-padded\"><strong class=\"_strong_o9xde_25\">2010\u20132020<\/strong> <\/p>\n<p class=\"_paragraph_o9xde_4 _paragraph_xtcu6_10 _paragraph_16v91_10 layout-component text-serif-m layout-normal text-sans-m layout-padded\">\u00d8kende problemer: vedlikehold, betongslitasje, mangelfulle moderne fasiliteter.<\/p>\n<p class=\"_paragraph_o9xde_4 _paragraph_xtcu6_10 _paragraph_16v91_10 layout-component text-serif-m layout-normal text-sans-m layout-padded\"><strong class=\"_strong_o9xde_25\">2019\u20132022<\/strong> <\/p>\n<p class=\"_paragraph_o9xde_4 _paragraph_xtcu6_10 _paragraph_16v91_10 layout-component text-serif-m layout-normal text-sans-m layout-padded\">F\u00f8rste konkrete forslag om riving \u2192 stoppes av politikk og kulturvern.<\/p>\n<p class=\"_paragraph_o9xde_4 _paragraph_xtcu6_10 _paragraph_16v91_10 layout-component text-serif-m layout-normal text-sans-m layout-padded\"><strong class=\"_strong_o9xde_25\">2023\u20132024<\/strong> <\/p>\n<p class=\"_paragraph_o9xde_4 _paragraph_xtcu6_10 _paragraph_16v91_10 layout-component text-serif-m layout-normal text-sans-m layout-padded\">Klubbene truer med \u00e5 bygge stadion utenfor Milano.<\/p>\n<p class=\"_paragraph_o9xde_4 _paragraph_xtcu6_10 _paragraph_16v91_10 layout-component text-serif-m layout-normal text-sans-m layout-padded\"><strong class=\"_strong_o9xde_25\">2025 \u2013 Det store gjennombruddet<\/strong> <\/p>\n<p class=\"_paragraph_o9xde_4 _paragraph_xtcu6_10 _paragraph_16v91_10 layout-component text-serif-m layout-normal text-sans-m layout-padded\">Milano kommune <strong class=\"_strong_o9xde_25\">selger San Siro og tomten<\/strong> til klubbene. Planen om nytt stadion bekreftes.<\/p>\n<p class=\"_paragraph_o9xde_4 _paragraph_xtcu6_10 _paragraph_16v91_10 layout-component text-serif-m layout-normal text-sans-m layout-padded\"><strong class=\"_strong_o9xde_25\">2027<\/strong> <\/p>\n<p class=\"_paragraph_o9xde_4 _paragraph_xtcu6_10 _paragraph_16v91_10 layout-component text-serif-m layout-normal text-sans-m layout-padded\">Estimert byggestart for <strong class=\"_strong_o9xde_25\">ny arena<\/strong>.<\/p>\n<p class=\"_paragraph_o9xde_4 _paragraph_xtcu6_10 _paragraph_16v91_10 layout-component text-serif-m layout-normal text-sans-m layout-padded\"><strong class=\"_strong_o9xde_25\">2030\u20132031<\/strong> <\/p>\n<p class=\"_paragraph_o9xde_4 _paragraph_xtcu6_10 _paragraph_16v91_10 layout-component text-serif-m layout-normal text-sans-m layout-padded\">Forventet \u00e5pning av nytt stadion.<br \/>Deretter starter <strong class=\"_strong_o9xde_25\">riving \/ delvis bevaring<\/strong> av San Siro.<\/p>\n<p>Vis mer<\/p>\n<p class=\"_paragraph_o9xde_4 _paragraph_xtcu6_10 layout-component text-serif-m layout-normal text-serif-m layout-padded\">Inter og Milan er sammen om \u00e5 bygge den nye stadionen som skal bli omtrent like stor p\u00e5 det som i dag er den store parkeringsplassen utenfor San Siro. Planen er at den nye skal v\u00e6re klar i 2031. I god tid til EM i 2032 som arrangeres av Italia og Tyrkia.<\/p>\n<p class=\"_paragraph_o9xde_4 _paragraph_xtcu6_10 layout-component text-serif-m layout-normal text-serif-m layout-padded\"><strong class=\"_strong_o9xde_25\">\u2013 Det er kjempetrist at den skal rives. Men det blir sikkert bra med den nye stadion ogs\u00e5. Men n\u00e5r San Siro er fullsatt &#8230; Det er helt sinnssykt, alts\u00e5. Den er s\u00e5 sykt sv\u00e6r, sier Thea Kyv\u00e5g, som spiller for AC Milans kvinnelag. <\/strong><\/p>\n<p class=\"_paragraph_o9xde_4 _paragraph_xtcu6_10 layout-component text-serif-m layout-normal text-serif-m layout-padded\">Hun dr\u00f8mmer om \u00e5 \u00e9n dag f\u00e5 spille der. Hittil er det blitt med noen turer for \u00e5 st\u00f8tte herrelaget. <\/p>\n<p><img alt=\"Rosenborg slo Milan p\u00e5 San Siro med 2\u20131 i 1996, et av norsk fotballs stolteste \u00f8yeblikk. Bak fra venstre Jon Olav Hjelde, Bj\u00f8rn Tore Kvarme, Erik Hoftun, Trond Egil Soltvedt, Steffen Iversen og Bent Skammelsrud. Foran fra venstre: Harald Brattbakk, St\u00e5le Stensaas, J\u00f8rn Jamtfall, Vegard Heggem og Roar Strand.  Foto: Gorm Kallestad \/ NTB\" class=\"_image_qp4xg_65 layout-component layout-normal\" data-fullscreen- data-track-element-type=\"Article image fullscreen\" data-track-name=\"ImageFullscreen\" decoding=\"async\" loading=\"lazy\" height=\"1331\" itemprop=\"image\"  src=\"https:\/\/www.europesays.com\/no\/wp-content\/uploads\/2025\/11\/2ea00839-25b1-4830-9378-13f74e8aca07\"  style=\"object-position:0% 0%\" width=\"2000\"\/>Rosenborg slo Milan p\u00e5 San Siro med 2\u20131 i 1996, et av norsk fotballs stolteste \u00f8yeblikk. Bak fra venstre Jon Olav Hjelde, Bj\u00f8rn Tore Kvarme, Erik Hoftun, Trond Egil Soltvedt, Steffen Iversen og Bent Skammelsrud. Foran fra venstre: Harald Brattbakk, St\u00e5le Stensaas, J\u00f8rn Jamtfall, Vegard Heggem og Roar Strand.  Foto: Gorm Kallestad \/ NTB<strong class=\"_strong_o9xde_25\">Men hvorfor tas denne avgj\u00f8relsen?<\/strong><\/p>\n<p class=\"_paragraph_o9xde_4 _paragraph_xtcu6_10 layout-component text-serif-m layout-normal text-serif-m layout-padded\">Jo, fordi stadion, som f\u00f8rst sto klar i 1926, med kallenavnet La Scala del calcio La Scala del calcioMilanos ber\u00f8mte operahus like ved byens kirke heter La Scala. Del Calcio betyr fotball: Fotballens La Scala. er sliten. UEFA mener den er s\u00e5 fallen at de fratok arenaen Champions League-finalen for 2027. Inter og Milan h\u00e5per ogs\u00e5 at en ny stadion vil kunne skape st\u00f8rre inntekter og en bedre mulighet til \u00e5 konkurrere finansielt med klubbene i England. <\/p>\n<p class=\"_paragraph_o9xde_4 _paragraph_xtcu6_10 layout-component text-serif-m layout-normal text-serif-m layout-padded\">\u2013 Milano er en av Europas mest attraktive byer, og Milan og Inter er to av byens fineste merkevarer. Til tross for dette risikerer byen \u00e5 bli marginalisert i fotballverdenen, sa Inters president Beppe Marotta som en b\u00f8nn om \u00e5 f\u00e5 den revet, if\u00f8lge The Athletic.<\/p>\n<p><img alt=\"Daniele Frattesi med fingeren i v\u00e6ret gikk bananas med seiersm\u00e5let i v\u00e5rens Champions League-duell mot Barcelona. Det endte 7\u20136 til Inter over to kamper.   Foto: Daniele Mascolo \/ Reuters \/ NTB\" class=\"_image_qp4xg_65 layout-component layout-normal\" data-fullscreen- data-track-element-type=\"Article image fullscreen\" data-track-name=\"ImageFullscreen\" decoding=\"async\" loading=\"lazy\" height=\"2205\" itemprop=\"image\"  src=\"https:\/\/www.europesays.com\/no\/wp-content\/uploads\/2025\/11\/2e21c0c7-85b1-4f00-90c3-bf6de56d1822\"  style=\"object-position:0% 0%\" width=\"3497\"\/>Daniele Frattesi med fingeren i v\u00e6ret gikk bananas med seiersm\u00e5let i v\u00e5rens Champions League-duell mot Barcelona. Det endte 7\u20136 til Inter over to kamper.   Foto: Daniele Mascolo \/ Reuters \/ NTB<\/p>\n<p class=\"_paragraph_o9xde_4 _paragraph_xtcu6_10 layout-component text-serif-m layout-normal text-serif-m layout-padded\"><strong class=\"_strong_o9xde_25\">Er du inne p\u00e5 San Siro kan du f\u00f8le at betongbygget riste og gynge under deg n\u00e5r det virkelig tar av. Og med et stort tak b\u00e5ret av fire t\u00e5rn i hj\u00f8rnene, holder lyden seg p\u00e5 en spesiell m\u00e5te. <\/strong><\/p>\n<p class=\"_paragraph_o9xde_4 _paragraph_xtcu6_10 layout-component text-serif-m layout-normal text-serif-m layout-padded\">\u2013 Dr\u00f8nnet av publikum der inne p\u00e5 San Siro &#8230; Du venner deg aldri til det, skrev Zlatan Ibrahimovic, som spilte for b\u00e5de Inter og Milan, i sin biografi. <\/p>\n<p class=\"_paragraph_o9xde_4 _paragraph_xtcu6_10 layout-component text-serif-m layout-normal text-serif-m layout-padded\">\u2013 Dette er et fantastisk stadion, et stadion hvor folk virkelig h\u00f8res, sier Inter-kaptein Lautaro Mart\u00ednez til VG. <\/p>\n<p class=\"_paragraph_o9xde_4 _paragraph_xtcu6_10 layout-component text-serif-m layout-normal text-serif-m layout-padded\">\u2013 San Siro er den beste stadion i verden. Fansen gir deg noe ekstra, mer energi og mer vilje, beskriver Inter-spiss Ange-Yoan Bonny for oss.<\/p>\n<p><img alt=\"Rundt 75.000 f\u00e5r plass inne p\u00e5 San Siro.  Foto: Stefano De Grandis FTG \/ ipa-agency.net \/ Pa Photos \/ NTB\" class=\"_image_qp4xg_65 layout-component layout-normal\" data-fullscreen- data-track-element-type=\"Article image fullscreen\" data-track-name=\"ImageFullscreen\" decoding=\"async\" loading=\"lazy\" height=\"1043\" itemprop=\"image\"  src=\"https:\/\/www.europesays.com\/no\/wp-content\/uploads\/2025\/11\/72bdffc1-e3f1-455d-b443-a3291cf04148\"  style=\"object-position:0% 0%\" width=\"1600\"\/>Rundt 75.000 f\u00e5r plass inne p\u00e5 San Siro.  Foto: Stefano De Grandis FTG \/ ipa-agency.net \/ Pa Photos \/ NTB<\/p>\n<p class=\"_paragraph_o9xde_4 _paragraph_xtcu6_10 layout-component text-serif-m layout-normal text-serif-m layout-padded\">\u00c5 rive stadion vekker harme blant folket. <\/p>\n<p class=\"_paragraph_o9xde_4 _paragraph_xtcu6_10 layout-component text-serif-m layout-normal text-serif-m layout-padded\">\u2013 Det er en vakker stadion. Jeg kommer til \u00e5 gr\u00e5te den dagen de river den, sier italienske Fransesca som VG traff utenfor p\u00e5 vei inn for \u00e5 se Inter-Lazio sist helg. <\/p>\n<p class=\"_paragraph_o9xde_4 _paragraph_xtcu6_10 layout-component text-serif-m layout-normal text-serif-m layout-padded\">Til og med turistene som er her for \u00e5 krysse av p\u00e5 bucketlisten sin blir sentimentale. <\/p>\n<p class=\"_paragraph_o9xde_4 _paragraph_xtcu6_10 layout-component text-serif-m layout-normal text-serif-m layout-padded\">\u2013 Det er en stor skam. Det er en av de mest historiske stadionene vi har i Europa. Det er forferdelig. De gjorde det samme med Bernab\u00e9u og Camp Nou i Spania. Europa skraper vekk litt av historien sin, sier belgiske Arthur.<\/p>\n<p class=\"_paragraph_o9xde_4 _paragraph_xtcu6_10 layout-component text-serif-m layout-normal text-serif-m layout-padded\">\u2013 Det er synd, det er en s\u00e5 viktig stadion for fotballhistorien. De burde beholde den, sier spanske Alejandro. <\/p>\n<p class=\"_paragraph_o9xde_4 _paragraph_xtcu6_10 layout-component text-serif-m layout-normal text-serif-m layout-padded\">Milano\/Cortina-OL i februar skal arrangeres p\u00e5 tvers av Nord-Italia. \u00c5pningsseremonien vil finne sted p\u00e5 San Siro. <\/p>\n<p class=\"_paragraph_o9xde_4 _paragraph_xtcu6_10 layout-component text-serif-m layout-normal text-serif-m layout-padded\">Forel\u00f8pig er planen at Milan og Inter skal spille hjemmekampene sine der de neste \u00e5rene, samtidig som den nye bygges. Prislappen p\u00e5 prosjektet er rundt 14 milliarder norske kroner.<\/p>\n","protected":false},"excerpt":{"rendered":"Stadio San Siro i Milano skal rives for \u00e5 gi plass til en ny arena p\u00e5 samme omr\u00e5de.&hellip;\n","protected":false},"author":2,"featured_media":88684,"comment_status":"","ping_status":"","sticky":false,"template":"","format":"standard","meta":{"footnotes":""},"categories":[59],"tags":[3163,1242,1157,4869,30,28,29,83,82],"class_list":{"0":"post-88683","1":"post","2":"type-post","3":"status-publish","4":"format-standard","5":"has-post-thumbnail","7":"category-sport","8":"tag-herrelandslaget-fotball","9":"tag-italia","10":"tag-italias-herrelandslag-fotball","11":"tag-milano","12":"tag-no","13":"tag-norge","14":"tag-norway","15":"tag-sport","16":"tag-sports"},"share_on_mastodon":{"url":"https:\/\/pubeurope.com\/@no\/115560453528576601","error":""},"_links":{"self":[{"href":"https:\/\/www.europesays.com\/no\/wp-json\/wp\/v2\/posts\/88683","targetHints":{"allow":["GET"]}}],"collection":[{"href":"https:\/\/www.europesays.com\/no\/wp-json\/wp\/v2\/posts"}],"about":[{"href":"https:\/\/www.europesays.com\/no\/wp-json\/wp\/v2\/types\/post"}],"author":[{"embeddable":true,"href":"https:\/\/www.europesays.com\/no\/wp-json\/wp\/v2\/users\/2"}],"replies":[{"embeddable":true,"href":"https:\/\/www.europesays.com\/no\/wp-json\/wp\/v2\/comments?post=88683"}],"version-history":[{"count":0,"href":"https:\/\/www.europesays.com\/no\/wp-json\/wp\/v2\/posts\/88683\/revisions"}],"wp:featuredmedia":[{"embeddable":true,"href":"https:\/\/www.europesays.com\/no\/wp-json\/wp\/v2\/media\/88684"}],"wp:attachment":[{"href":"https:\/\/www.europesays.com\/no\/wp-json\/wp\/v2\/media?parent=88683"}],"wp:term":[{"taxonomy":"category","embeddable":true,"href":"https:\/\/www.europesays.com\/no\/wp-json\/wp\/v2\/categories?post=88683"},{"taxonomy":"post_tag","embeddable":true,"href":"https:\/\/www.europesays.com\/no\/wp-json\/wp\/v2\/tags?post=88683"}],"curies":[{"name":"wp","href":"https:\/\/api.w.org\/{rel}","templated":true}]}}