{"id":88687,"date":"2025-11-16T17:08:10","date_gmt":"2025-11-16T17:08:10","guid":{"rendered":"https:\/\/www.europesays.com\/no\/88687\/"},"modified":"2025-11-16T17:08:10","modified_gmt":"2025-11-16T17:08:10","slug":"sarah-fergusons-nye-bok-trekkes-tilbake","status":"publish","type":"post","link":"https:\/\/www.europesays.com\/no\/88687\/","title":{"rendered":"Sarah Fergusons nye bok trekkes tilbake"},"content":{"rendered":"\n<p class=\"_lead_o9xde_2 _lead_xtcu6_50 layout-component text-serif-m layout-normal text-serif-l layout-component layout-wide layout-padded _wide_17hqh_1 layout-padded\">Barneboken skulle v\u00e6rt gitt ut i oktober, men ble utsatt til 20. november. N\u00e5 bekrefter forlaget at den ikke kommer i salg i det hele tatt.<\/p>\n<p><img alt=\"SKILT, MEN VENNER: Sarah Ferguson og eks-prins Andrew Mountbatten-Windsor, her i en begravelse i London i september. Foto: JORDAN PETTITT \/ AFP \/ NTB\" class=\"_image_qp4xg_65 layout-component layout-wide\" data-fullscreen- data-track-element-type=\"Article image fullscreen\" data-track-name=\"ImageFullscreen\" fetchpriority=\"high\" decoding=\"sync\" loading=\"eager\" height=\"5000\" itemprop=\"image\"  src=\"https:\/\/www.europesays.com\/no\/wp-content\/uploads\/2025\/11\/c649e38a-55b7-458c-b1f9-fa4c50f663f2\"  style=\"object-position:0% 0%\" width=\"7500\"\/>SKILT, MEN VENNER: Sarah Ferguson og eks-prins Andrew Mountbatten-Windsor, her i en begravelse i London i september. Foto: JORDAN PETTITT \/ AFP \/ NTB<\/p>\n<ul aria-hidden=\"true\" class=\"_images_18f0k_111\">\n<li><a class=\"_link_18f0k_116\" href=\"https:\/\/www.vg.no\/forfatter\/catherine-gonsholt-ighanian\" style=\"z-index:1\" title=\"Catherine Gonsholt Ighanian\" rel=\"nofollow noopener\" target=\"_blank\"><img alt=\"Bilde av Catherine Gonsholt Ighanian\" class=\"_image_18f0k_93\" fetchpriority=\"low\" loading=\"lazy\" decoding=\"async\" itemprop=\"image\"  src=\"https:\/\/www.europesays.com\/no\/wp-content\/uploads\/2025\/11\/1763312889_585_72dca32d-ee6f-474c-a50e-72a9bb49f38a\"  width=\"480\"\/><\/a><\/li>\n<\/ul>\n<p> Oppdatert s\u00f8ndag 16. november kl. 17:52    <\/p>\n<ul class=\"_list_o9xde_3 _list_64s2r_85 _unordered_o9xde_106 text-sans-m\">\n<li class=\"_item_o9xde_30\">Barneboken \u00abFlora And Fern: Kindness Along The Way\u00bb er trukket fra Amazons nettsider.<\/li>\n<li class=\"_item_o9xde_30\">BBC melder at boken er \u00abtrukket fra salg\u00bb etter ordre fra forlaget.<\/li>\n<li class=\"_item_o9xde_30\">Sarah Fergusons tilknytning til Epstein-kontroversen kan v\u00e6re \u00e5rsaken, mener bokekspert Neill Denny.<\/li>\n<li class=\"_item_o9xde_30\">Ferguson har mistet flere samarbeider etter \u00e5 ha rost Epstein i en e-post.<\/li>\n<\/ul>\n<p>Vis mer <\/p>\n<p class=\"_paragraph_o9xde_4 _paragraph_xtcu6_10 layout-component text-serif-m layout-normal text-serif-m layout-padded\">Boken \u00abFlora And Fern: Kindness Along The Way\u00bb er n\u00e5 fjernet fra Amazons nettsider.<\/p>\n<p class=\"_paragraph_o9xde_4 _paragraph_xtcu6_10 layout-component text-serif-m layout-normal text-serif-m layout-padded\">Analysefirmaet Nielsen bekrefter overfor <a href=\"https:\/\/www.bbc.com\/news\/articles\/cz91zg8ly1jo\" class=\"_link_o9xde_39\" rel=\"nofollow noopener\" target=\"_blank\">BBC<\/a> at tittelen er merket som \u00abtrukket fra salg\u00bb etter ordre fra forlaget. <\/p>\n<p class=\"_paragraph_o9xde_4 _paragraph_xtcu6_10 layout-component text-serif-m layout-normal text-serif-m layout-padded\">Fergusons representanter \u00f8nsker ikke \u00e5 kommentere saken overfor BBC.<\/p>\n<p class=\"_paragraph_o9xde_4 _paragraph_xtcu6_10 layout-component text-serif-m layout-normal text-serif-m layout-padded\">Heller ikke forlaget New Frontier Publishing har besvart henvendelsene.<\/p>\n<p>Ikke hertuginne lenger<\/p>\n<p class=\"_paragraph_o9xde_4 _paragraph_xtcu6_10 layout-component text-serif-m layout-normal text-serif-m layout-padded\"><a href=\"https:\/\/www.vg.no\/tag\/sarah-ferguson?utm_source=vg-article&amp;utm_medium=auto-tagger&amp;utm_campaign=lw8G93\" class=\"_link_o9xde_39\" rel=\"nofollow noopener\" target=\"_blank\">Sarah Ferguson<\/a> (66), tidligere hertuginne av York, mistet sin tittel da eksmannen Andrew (65) mistet sin hertugtittel for noen uker siden. <\/p>\n<p class=\"_paragraph_o9xde_4 _paragraph_xtcu6_10 layout-component text-serif-m layout-normal text-serif-m layout-padded\">Andrew \u2013 som er bror til kong Charles (77) \u2013 har siden ogs\u00e5 blitt fratatt prinsetittelen og heter n\u00e5 bare Andrew Mountbatten-Windsor.<\/p>\n<p class=\"_paragraph_o9xde_4 _paragraph_xtcu6_10 layout-component text-serif-m layout-normal text-serif-m layout-padded\">Kontroversene skyldes Andrews forbindelser til den overgrepsd\u00f8mte, avd\u00f8de finansmannen <a href=\"https:\/\/www.vg.no\/nyheter\/i\/Rz3g08\/trump-ber-justisdepartementet-etterforske-epstein-forbindelser\" data-track-element-type=\"Link\" data-track-id=\"link:Rz3g08\" class=\"_link_o9xde_39\" rel=\"nofollow noopener\" target=\"_blank\">Jeffrey Epstein<\/a>.<\/p>\n<p class=\"_paragraph_o9xde_4 _paragraph_xtcu6_10 layout-component text-serif-m layout-normal text-serif-m layout-padded\">Avd\u00f8de Virginia Giuffre har tidligere anklaget Andrew for \u00e5 ha forgrepet seg p\u00e5 henne da hun var 17, etter at Epstein skal ha f\u00f8rt dem sammen. I v\u00e5r <a href=\"https:\/\/www.vg.no\/nyheter\/i\/eMxRkg\/virginia-giuffre-er-doed\" data-track-element-type=\"Link\" data-track-id=\"link:eMxRkg\" class=\"_link_o9xde_39\" rel=\"nofollow noopener\" target=\"_blank\">tok hun sitt eget liv.<\/a><\/p>\n<p class=\"_paragraph_o9xde_4 _paragraph_xtcu6_10 layout-component text-serif-m layout-normal text-serif-m layout-padded\">Prinsen har p\u00e5 det sterkeste avvist alle anklager.<\/p>\n<p class=\"_paragraph_o9xde_4 _paragraph_xtcu6_10 layout-component text-serif-m layout-normal text-serif-m layout-padded\">Ferguson har selv en forbindelse til Epstein. <\/p>\n<p><img alt=\"Sarah Ferguson p\u00e5 en veldedighetsjobb i Cannes i juli i \u00e5r.  Foto: VALERY HACHE \/ AFP \/ NTB\" class=\"_image_qp4xg_65 layout-component layout-normal\" data-fullscreen- data-track-element-type=\"Article image fullscreen\" data-track-name=\"ImageFullscreen\" decoding=\"async\" loading=\"lazy\" height=\"2140\" itemprop=\"image\"  src=\"https:\/\/www.europesays.com\/no\/wp-content\/uploads\/2025\/11\/516b911c-694a-43d9-907e-9c6c44d6bfda\"  style=\"object-position:0% 0%\" width=\"3036\"\/>Sarah Ferguson p\u00e5 en veldedighetsjobb i Cannes i juli i \u00e5r.  Foto: VALERY HACHE \/ AFP \/ NTB<\/p>\n<p class=\"_paragraph_o9xde_4 _paragraph_xtcu6_10 layout-component text-serif-m layout-normal text-serif-m layout-padded\">Syv veldedighetsorganisasjoner har de siste m\u00e5nedene <a href=\"https:\/\/www.vg.no\/rampelys\/i\/yEQl8a\/syv-veldedighetsorganisasjoner-dropper-sarah-ferguson\" data-track-element-type=\"Link\" data-track-id=\"link:yEQl8a\" class=\"_link_o9xde_39\" rel=\"nofollow noopener\" target=\"_blank\">droppet Ferguson<\/a> som beskytter eller ambassad\u00f8r etter at en e-post fra 2011 ble offentliggjort.<\/p>\n<p class=\"_paragraph_o9xde_4 _paragraph_xtcu6_10 layout-component text-serif-m layout-normal text-serif-m layout-padded\">I e-posten hyller Ferguson vennskapet med Epstein og beskriver ham som \u00aben sjener\u00f8s, lojal og h\u00f8yt verdsatt venn\u00bb.<\/p>\n<p class=\"_paragraph_o9xde_4 _paragraph_xtcu6_10 layout-component text-serif-m layout-normal text-serif-m layout-padded\">I samme mail beklaget hun at hun tidligere hadde kritisert ham.<\/p>\n<p class=\"_paragraph_o9xde_4 _paragraph_xtcu6_10 layout-component text-serif-m layout-normal text-serif-m layout-padded\">Neill Denny i bokbransjenettstedet Book Brunch sier til BBC at Epstein-tilknytningen nok er \u00e5rsaken til at barneboken n\u00e5 droppes.<\/p>\n<p class=\"_paragraph_o9xde_4 _paragraph_xtcu6_10 layout-component text-serif-m layout-normal text-serif-m layout-padded\">\u2013 Det er ikke riktig tid \u00e5 gi ut en bok av Sarah Ferguson, mener han.<\/p>\n<p class=\"_paragraph_o9xde_4 _paragraph_xtcu6_10 layout-component text-serif-m layout-normal text-serif-m layout-padded\">Denny utelukker imidlertid ikke at boken kan bli gitt ut p\u00e5 et senere tidspunkt.<\/p>\n<p class=\"_paragraph_o9xde_4 _paragraph_xtcu6_10 layout-component text-serif-m layout-normal text-serif-m layout-padded\">Ferguson har gitt ut flere b\u00f8ker f\u00f8r p\u00e5 ulike forlag. <\/p>\n<p class=\"_paragraph_o9xde_4 _paragraph_xtcu6_10 layout-component text-serif-m layout-normal text-serif-m layout-padded\">Andrew og Ferguson, som i mange \u00e5r har bodd sammen i Royal Lodge p\u00e5 Windsor-eiendommen til tross for at de ble skilt i 1996, m\u00e5 n\u00e5 flytte ut som f\u00f8lge av kontroversene.<\/p>\n<p class=\"_paragraph_o9xde_4 _paragraph_xtcu6_10 layout-component text-serif-m layout-normal text-serif-m layout-padded\">Andrew flytter til kongens Sandringham-eiendom i Norfolk, langt unna kongen og dronningen, som bor i London, og prinsen og prinsessen av Wales.<\/p>\n<p class=\"_paragraph_o9xde_4 _paragraph_xtcu6_10 layout-component text-serif-m layout-normal text-serif-m layout-padded\">Det er uklart hvor Ferguson skal bo.<\/p>\n<p class=\"_paragraph_o9xde_4 _paragraph_xtcu6_10 layout-component text-serif-m layout-normal text-serif-m layout-padded\"><strong class=\"_strong_o9xde_25\">Tilbakeblikk p\u00e5 da Ferguson bes\u00f8kte Norge i 2014.<\/strong><\/p>\n<p>Les ogs\u00e5<\/p>\n","protected":false},"excerpt":{"rendered":"Barneboken skulle v\u00e6rt gitt ut i oktober, men ble utsatt til 20. november. N\u00e5 bekrefter forlaget at den&hellip;\n","protected":false},"author":2,"featured_media":88688,"comment_status":"","ping_status":"","sticky":false,"template":"","format":"standard","meta":{"footnotes":""},"categories":[12],"tags":[150,20,21,24,25,15,22,23,13,30,28,29,14,16,4839,26,27,42,46,43,44,45],"class_list":{"0":"post-88687","1":"post","2":"type-post","3":"status-publish","4":"format-standard","5":"has-post-thumbnail","7":"category-verden","8":"tag-bok","9":"tag-breaking-news","10":"tag-breakingnews","11":"tag-featured-news","12":"tag-featurednews","13":"tag-headlines","14":"tag-latest-news","15":"tag-latestnews","16":"tag-news","17":"tag-no","18":"tag-norge","19":"tag-norway","20":"tag-nyheter","21":"tag-overskrifter","22":"tag-sarah-ferguson","23":"tag-top-stories","24":"tag-topstories","25":"tag-verden","26":"tag-vgai","27":"tag-world","28":"tag-world-news","29":"tag-worldnews"},"share_on_mastodon":{"url":"https:\/\/pubeurope.com\/@no\/115560481240290349","error":""},"_links":{"self":[{"href":"https:\/\/www.europesays.com\/no\/wp-json\/wp\/v2\/posts\/88687","targetHints":{"allow":["GET"]}}],"collection":[{"href":"https:\/\/www.europesays.com\/no\/wp-json\/wp\/v2\/posts"}],"about":[{"href":"https:\/\/www.europesays.com\/no\/wp-json\/wp\/v2\/types\/post"}],"author":[{"embeddable":true,"href":"https:\/\/www.europesays.com\/no\/wp-json\/wp\/v2\/users\/2"}],"replies":[{"embeddable":true,"href":"https:\/\/www.europesays.com\/no\/wp-json\/wp\/v2\/comments?post=88687"}],"version-history":[{"count":0,"href":"https:\/\/www.europesays.com\/no\/wp-json\/wp\/v2\/posts\/88687\/revisions"}],"wp:featuredmedia":[{"embeddable":true,"href":"https:\/\/www.europesays.com\/no\/wp-json\/wp\/v2\/media\/88688"}],"wp:attachment":[{"href":"https:\/\/www.europesays.com\/no\/wp-json\/wp\/v2\/media?parent=88687"}],"wp:term":[{"taxonomy":"category","embeddable":true,"href":"https:\/\/www.europesays.com\/no\/wp-json\/wp\/v2\/categories?post=88687"},{"taxonomy":"post_tag","embeddable":true,"href":"https:\/\/www.europesays.com\/no\/wp-json\/wp\/v2\/tags?post=88687"}],"curies":[{"name":"wp","href":"https:\/\/api.w.org\/{rel}","templated":true}]}}