{"id":88691,"date":"2025-11-16T17:10:10","date_gmt":"2025-11-16T17:10:10","guid":{"rendered":"https:\/\/www.europesays.com\/no\/88691\/"},"modified":"2025-11-16T17:10:10","modified_gmt":"2025-11-16T17:10:10","slug":"googlet-forskjellen-pa-overgrep-og-voldtekt","status":"publish","type":"post","link":"https:\/\/www.europesays.com\/no\/88691\/","title":{"rendered":"Googlet forskjellen p\u00e5 overgrep og voldtekt"},"content":{"rendered":"<p class=\"extendedContent hyperion-css-eyn926\" data-test-tag=\"lead-text\">Mange uker f\u00f8r han ble siktet for voldtekt, s\u00f8kte Marius Borg H\u00f8iby etter svar p\u00e5 internett. Det f\u00e5r Aftenposten opplyst.<\/p>\n<p><img decoding=\"async\" class=\"image-asset hyperion-css-19w1j13\" data-test-tag=\"image-asset\" src=\"https:\/\/www.europesays.com\/no\/wp-content\/uploads\/2025\/11\/1b681c62-c89b-45ce-a1fc-f4ea68eb1d23\"  alt=\"Marius Borg H\u00f8iby (28) er tiltalt p\u00e5 32 punkter. Her er han avbildet i en offentlig middag i 2022.\"  loading=\"eager\" fetchpriority=\"high\" style=\"aspect-ratio:2048 \/ 1365\"\/>Marius Borg H\u00f8iby (28) er tiltalt p\u00e5 32 punkter. Her er han avbildet i en offentlig middag i 2022. Foto: Haakon Mosvold Larsen, NTB<\/p>\n<p class=\"paywall hyperion-css-1j42uic\">GooglerGoogler\u00c5 bruke s\u00f8kefunksjonen Google til \u00e5 s\u00f8ke etter informasjon p\u00e5 internett ved \u00e5 skrive inn s\u00f8keord i s\u00f8kefeltet. Ordet brukes ogs\u00e5 som et generelt begrep for \u00e5 s\u00f8ke p\u00e5 nettet. du forskjellen mellom et overgrep og en voldtekt, er svaret ganske tydelig.<\/p>\n<p class=\"paywall hyperion-css-1j42uic\">Ved et seksuelt overgrep er det ikke n\u00f8dvendigvis brukt makt eller trusler. Det er det brukt under en voldtekt. En som er voldtatt, kan ogs\u00e5 ha v\u00e6rt \u00abbevisstl\u00f8s eller av andre grunner ikke kunne motsette seg handlingen\u00bb. Dette st\u00e5r i loven.<\/p>\n<p class=\"hyperion-css-1qm9e9t\">Les hele saken med abonnement<\/p>\n<p>Allerede abonnent? Logg inn<\/p>\n","protected":false},"excerpt":{"rendered":"Mange uker f\u00f8r han ble siktet for voldtekt, s\u00f8kte Marius Borg H\u00f8iby etter svar p\u00e5 internett. Det f\u00e5r&hellip;\n","protected":false},"author":2,"featured_media":88692,"comment_status":"","ping_status":"","sticky":false,"template":"","format":"standard","meta":{"footnotes":""},"categories":[5],"tags":[20,21,24,25,15,19,22,23,17,18,13,30,28,29,14,16,26,27],"class_list":{"0":"post-88691","1":"post","2":"type-post","3":"status-publish","4":"format-standard","5":"has-post-thumbnail","7":"category-overskrifter","8":"tag-breaking-news","9":"tag-breakingnews","10":"tag-featured-news","11":"tag-featurednews","12":"tag-headlines","13":"tag-hovedoppslag","14":"tag-latest-news","15":"tag-latestnews","16":"tag-main-news","17":"tag-mainnews","18":"tag-news","19":"tag-no","20":"tag-norge","21":"tag-norway","22":"tag-nyheter","23":"tag-overskrifter","24":"tag-top-stories","25":"tag-topstories"},"share_on_mastodon":{"url":"https:\/\/pubeurope.com\/@no\/115560489181014286","error":""},"_links":{"self":[{"href":"https:\/\/www.europesays.com\/no\/wp-json\/wp\/v2\/posts\/88691","targetHints":{"allow":["GET"]}}],"collection":[{"href":"https:\/\/www.europesays.com\/no\/wp-json\/wp\/v2\/posts"}],"about":[{"href":"https:\/\/www.europesays.com\/no\/wp-json\/wp\/v2\/types\/post"}],"author":[{"embeddable":true,"href":"https:\/\/www.europesays.com\/no\/wp-json\/wp\/v2\/users\/2"}],"replies":[{"embeddable":true,"href":"https:\/\/www.europesays.com\/no\/wp-json\/wp\/v2\/comments?post=88691"}],"version-history":[{"count":0,"href":"https:\/\/www.europesays.com\/no\/wp-json\/wp\/v2\/posts\/88691\/revisions"}],"wp:featuredmedia":[{"embeddable":true,"href":"https:\/\/www.europesays.com\/no\/wp-json\/wp\/v2\/media\/88692"}],"wp:attachment":[{"href":"https:\/\/www.europesays.com\/no\/wp-json\/wp\/v2\/media?parent=88691"}],"wp:term":[{"taxonomy":"category","embeddable":true,"href":"https:\/\/www.europesays.com\/no\/wp-json\/wp\/v2\/categories?post=88691"},{"taxonomy":"post_tag","embeddable":true,"href":"https:\/\/www.europesays.com\/no\/wp-json\/wp\/v2\/tags?post=88691"}],"curies":[{"name":"wp","href":"https:\/\/api.w.org\/{rel}","templated":true}]}}